{"id":995,"date":"2016-04-19T13:55:19","date_gmt":"2016-04-19T13:55:19","guid":{"rendered":"http:\/\/cebilbilitanos.com\/?p=995"},"modified":"2016-04-19T13:55:19","modified_gmt":"2016-04-19T13:55:19","slug":"finalizadas-las-jornadas-de-puertas-abiertas","status":"publish","type":"post","link":"https:\/\/cebilbilitanos.com\/?p=995","title":{"rendered":"Finalizadas las jornadas de puertas abiertas"},"content":{"rendered":"<p><a href=\"http:\/\/cebilbilitanos.com\/wp-content\/uploads\/2016\/03\/c30d1302-9e8d-4a1e-b42d-00ac33f253dc.jpg\"><img decoding=\"async\" loading=\"lazy\" class=\"aligncenter size-full wp-image-891\" src=\"http:\/\/cebilbilitanos.com\/wp-content\/uploads\/2016\/03\/c30d1302-9e8d-4a1e-b42d-00ac33f253dc.jpg\" alt=\"c30d1302-9e8d-4a1e-b42d-00ac33f253dc\" width=\"570\" height=\"815\" srcset=\"https:\/\/cebilbilitanos.com\/wp-content\/uploads\/2016\/03\/c30d1302-9e8d-4a1e-b42d-00ac33f253dc.jpg 570w, https:\/\/cebilbilitanos.com\/wp-content\/uploads\/2016\/03\/c30d1302-9e8d-4a1e-b42d-00ac33f253dc-210x300.jpg 210w\" sizes=\"(max-width: 570px) 100vw, 570px\" \/><\/a><\/p>\n<p>&nbsp;<\/p>\n<p>Han concluido las Jornadas de Puertas Abiertas de la Puerta de Terrer, que inclu\u00edan visitas guiadas los d\u00edas 9, 10, 16 y 17 de abril.\u00a0 Si el primer fin de semana recibimos cerca de 400 visitas, de lunes a viernes recorrieron las instalaciones unas 100 personas y durante el \u00faltimo fin de semana contabilizamos unas 300 visitas. Es decir, unos 800 bilbilitanos, gente de la comarca e incluso turistas de paso por la ciudad han conocido <em>in situ<\/em> la rehabilitada Puerta de Terrer.<\/p>\n<p>A todos ellos agradecemos su visita y sus comentarios, siempre elogiosos, de las instalaciones y de la rehabilitaci\u00f3n realizada. Quedaron sorprendidos del espacio interior, que no esperaban tan amplio, y se interesaron por las actividades del CEB, por su biblioteca, por los bienes culturales conservados y especialmente por las evocadoras fotograf\u00edas antiguas de la ciudad.<\/p>\n<p>Contin\u00faa abierta la exposici\u00f3n de caricaturas de \u00c1ngel Montero C\u00f3rdoba durante los meses de abril y mayo, que puede ser visitada de lunes a jueves por la ma\u00f1ana.<\/p>\n<p>Esperamos que estas Jornadas de Puertas abiertas hayan servido para vincular un poco m\u00e1s al Centro de Estudios Bilbilitanos con Calatayud y su comarca y que, adem\u00e1s, constituyan el punto de partida de una mayor apertura de nuestra instituci\u00f3n a investigadores, asociaciones culturales y, en general, a todos quienes valoran y defienden el rico patrimonio que todav\u00eda atesoramos.<\/p>\n","protected":false},"excerpt":{"rendered":"<p>&nbsp; Han concluido las Jornadas de Puertas Abiertas de la Puerta de Terrer, que inclu\u00edan visitas guiadas los d\u00edas 9, 10, 16 y 17 de abril.\u00a0 Si el primer fin de semana recibimos cerca de 400 visitas, de lunes a &hellip; <a href=\"https:\/\/cebilbilitanos.com\/?p=995\">Sigue leyendo <span class=\"meta-nav\">&rarr;<\/span><\/a><\/p>\n","protected":false},"author":1,"featured_media":0,"comment_status":"open","ping_status":"open","sticky":false,"template":"","format":"standard","meta":[],"categories":[28,23],"tags":[35,34],"_links":{"self":[{"href":"https:\/\/cebilbilitanos.com\/index.php?rest_route=\/wp\/v2\/posts\/995"}],"collection":[{"href":"https:\/\/cebilbilitanos.com\/index.php?rest_route=\/wp\/v2\/posts"}],"about":[{"href":"https:\/\/cebilbilitanos.com\/index.php?rest_route=\/wp\/v2\/types\/post"}],"author":[{"embeddable":true,"href":"https:\/\/cebilbilitanos.com\/index.php?rest_route=\/wp\/v2\/users\/1"}],"replies":[{"embeddable":true,"href":"https:\/\/cebilbilitanos.com\/index.php?rest_route=%2Fwp%2Fv2%2Fcomments&post=995"}],"version-history":[{"count":1,"href":"https:\/\/cebilbilitanos.com\/index.php?rest_route=\/wp\/v2\/posts\/995\/revisions"}],"predecessor-version":[{"id":996,"href":"https:\/\/cebilbilitanos.com\/index.php?rest_route=\/wp\/v2\/posts\/995\/revisions\/996"}],"wp:attachment":[{"href":"https:\/\/cebilbilitanos.com\/index.php?rest_route=%2Fwp%2Fv2%2Fmedia&parent=995"}],"wp:term":[{"taxonomy":"category","embeddable":true,"href":"https:\/\/cebilbilitanos.com\/index.php?rest_route=%2Fwp%2Fv2%2Fcategories&post=995"},{"taxonomy":"post_tag","embeddable":true,"href":"https:\/\/cebilbilitanos.com\/index.php?rest_route=%2Fwp%2Fv2%2Ftags&post=995"}],"curies":[{"name":"wp","href":"https:\/\/api.w.org\/{rel}","templated":true}]}}