{"id":96,"date":"2013-03-21T16:43:13","date_gmt":"2013-03-21T16:43:13","guid":{"rendered":"http:\/\/cebilbilitanos.com\/?p=96"},"modified":"2015-09-10T17:14:55","modified_gmt":"2015-09-10T17:14:55","slug":"96","status":"publish","type":"post","link":"https:\/\/cebilbilitanos.com\/?p=96","title":{"rendered":"Preg\u00f3n de Semana Santa 2015"},"content":{"rendered":"<p>&nbsp;<\/p>\n<div class=\"separator\" style=\"clear: both; text-align: center;\"><a style=\"margin-left: 1em; margin-right: 1em;\" href=\"http:\/\/4.bp.blogspot.com\/-RLEqRwfMUWQ\/UUtH25Pe5mI\/AAAAAAAAKOE\/Q_Kh3J1rGOE\/s1600\/ceb.png\"><img decoding=\"async\" src=\"http:\/\/4.bp.blogspot.com\/-RLEqRwfMUWQ\/UUtH25Pe5mI\/AAAAAAAAKOE\/Q_Kh3J1rGOE\/s1600\/ceb.png\" alt=\"\" border=\"0\" \/><\/a><\/div>\n<div class=\"MsoBodyText\" style=\"text-align: justify;\"><span style=\"font-size: 16.0pt;\"><i>\u00a0<\/i><\/span><\/div>\n<div class=\"MsoBodyText\" style=\"text-align: center;\"><span style=\"font-size: 16.0pt;\"><i>El\u00a0<b>Centro de Estudios Bilbilitanos<\/b>, de la Instituci\u00f3n \u201cFernando<br \/>\nel Cat\u00f3lico\u201d, se complace en invitarle al<\/i><\/span><\/div>\n<div class=\"MsoBodyText\" style=\"text-align: justify;\"><\/div>\n<div class=\"MsoBodyText\" style=\"line-height: 150%; text-align: center;\" align=\"center\"><b><span style=\"font-size: 26.0pt; line-height: 150%; mso-bidi-font-style: italic;\"><span style=\"color: purple;\">PREG\u00d3N DE<br \/>\nSEMANA SANTA 2013<\/span><\/span><\/b><\/div>\n<div class=\"MsoBodyText\" style=\"line-height: 150%; text-align: center;\"><span style=\"font-size: 16.0pt; line-height: 150%;\"><i>que pronunciado por:<\/i><\/span><\/div>\n<div class=\"MsoBodyText\" style=\"text-align: center;\" align=\"center\"><b><span style=\"font-size: 24.0pt;\"><span style=\"color: purple;\">D. Gonzalo S\u00e1nchez Urb\u00f3n<\/span><\/span><\/b><\/div>\n<div class=\"MsoBodyText\" style=\"text-align: center;\" align=\"center\"><\/div>\n<div class=\"MsoBodyText\" style=\"text-align: center;\" align=\"center\"><span style=\"font-size: 16.0pt;\"><span style=\"color: purple;\">Excmo. Sr. General Director de la ACLOG<\/span><\/span><\/div>\n<div class=\"MsoBodyText\" style=\"line-height: 150%; text-align: center;\" align=\"center\"><\/div>\n<div class=\"MsoBodyText\" style=\"line-height: 150%; text-align: center;\" align=\"center\"><\/div>\n<div class=\"MsoBodyText\" style=\"line-height: 150%; text-align: center;\" align=\"center\"><\/div>\n<div class=\"MsoBodyText\" style=\"line-height: 150%; text-align: center;\" align=\"center\"><\/div>\n<div class=\"MsoBodyText\" style=\"text-align: center;\"><span style=\"font-size: 16.0pt;\"><i>tendr\u00e1 lugar en la iglesia de<br \/>\nSan Juan el Real, el viernes d\u00eda 22 <\/i><\/span><\/div>\n<div class=\"MsoBodyText\" style=\"text-align: center;\"><span style=\"font-size: 16.0pt;\"><i>de marzo a las 20:30 horas<br \/>\ny al<\/i><\/span><span style=\"font-size: 16pt;\">\u00a0<\/span><\/div>\n<div class=\"MsoBodyText\" style=\"text-align: center;\" align=\"center\"><b><i><span style=\"font-size: 28.0pt;\"><span style=\"color: purple;\">Concierto Sacro<\/span><\/span><\/i><\/b><\/div>\n<div class=\"MsoBodyText\" style=\"text-align: center;\"><i><span style=\"font-size: 16pt;\">que a continuaci\u00f3n<br \/>\ninterpretar\u00e1 la<\/span><\/i><\/div>\n<div class=\"MsoBodyText\"><\/div>\n<div class=\"MsoBodyText\"><\/div>\n<div class=\"MsoBodyText\" style=\"text-align: center;\" align=\"center\"><b><span style=\"font-size: 22.0pt;\"><span style=\"color: purple;\">CORAL BILBILITANA <\/span><\/span><\/b><\/div>\n<div class=\"MsoBodyText\" style=\"text-align: center;\" align=\"center\"><span style=\"font-size: 16.0pt; mso-bidi-font-weight: bold;\"><span style=\"color: purple;\">y la<\/span><\/span><\/div>\n<div class=\"MsoBodyText\" style=\"text-align: center;\" align=\"center\"><b><span style=\"font-size: 22.0pt;\"><span style=\"color: purple;\">BANDA MUNICIPAL DE M\u00daSICA<\/span><\/span><\/b><\/div>\n<div class=\"MsoBodyText\" style=\"text-align: center;\" align=\"center\"><b><span style=\"font-size: 22.0pt;\"><span style=\"color: purple;\">\u00a0\u201cPASCUAL<br \/>\nMARQUINA\u201d<\/span><\/span><\/b><span style=\"font-size: 4pt;\">\u00a0<\/span><\/div>\n<h3 style=\"text-align: center;\"><span style=\"font-size: 16.0pt;\"><span style=\"color: purple;\">dirigidas<br \/>\npor <\/span><b><span style=\"color: purple;\">D. Jos\u00e9 Antonio Do\u00f1\u00e1gueda<\/span><\/b><\/span><\/h3>\n<div class=\"MsoNormal\" style=\"text-align: center;\" align=\"center\"><span style=\"font-size: 15pt;\">FRAGMENTOS MUSICALES<br \/>\nINTERPRETADOS AL \u00d3RGANO por:<\/span><\/div>\n<div class=\"MsoNormal\"><\/div>\n<div class=\"MsoNormal\" style=\"text-align: center;\" align=\"center\"><b><span style=\"font-size: 16.0pt;\"><span style=\"color: purple;\">D. Santiago Beltr\u00e1n<\/span><\/span><\/b><\/div>\n<h3><span style=\"font-size: 12.0pt;\">\u00a0\u00a0\u00a0\u00a0\u00a0\u00a0\u00a0\u00a0\u00a0\u00a0\u00a0 <\/span><\/h3>\n<h3><span style=\"font-size: 11.0pt; mso-bidi-font-size: 12.0pt; mso-bidi-font-weight: bold;\">CALATAYUD 2013<\/span><\/h3>\n","protected":false},"excerpt":{"rendered":"<p>&nbsp; \u00a0 El\u00a0Centro de Estudios Bilbilitanos, de la Instituci\u00f3n \u201cFernando el Cat\u00f3lico\u201d, se complace en invitarle al PREG\u00d3N DE SEMANA SANTA 2013 que pronunciado por: D. Gonzalo S\u00e1nchez Urb\u00f3n Excmo. Sr. General Director de la ACLOG tendr\u00e1 lugar en la &hellip; <a href=\"https:\/\/cebilbilitanos.com\/?p=96\">Sigue leyendo <span class=\"meta-nav\">&rarr;<\/span><\/a><\/p>\n","protected":false},"author":1,"featured_media":0,"comment_status":"open","ping_status":"open","sticky":false,"template":"","format":"standard","meta":[],"categories":[23],"tags":[6],"_links":{"self":[{"href":"https:\/\/cebilbilitanos.com\/index.php?rest_route=\/wp\/v2\/posts\/96"}],"collection":[{"href":"https:\/\/cebilbilitanos.com\/index.php?rest_route=\/wp\/v2\/posts"}],"about":[{"href":"https:\/\/cebilbilitanos.com\/index.php?rest_route=\/wp\/v2\/types\/post"}],"author":[{"embeddable":true,"href":"https:\/\/cebilbilitanos.com\/index.php?rest_route=\/wp\/v2\/users\/1"}],"replies":[{"embeddable":true,"href":"https:\/\/cebilbilitanos.com\/index.php?rest_route=%2Fwp%2Fv2%2Fcomments&post=96"}],"version-history":[{"count":2,"href":"https:\/\/cebilbilitanos.com\/index.php?rest_route=\/wp\/v2\/posts\/96\/revisions"}],"predecessor-version":[{"id":174,"href":"https:\/\/cebilbilitanos.com\/index.php?rest_route=\/wp\/v2\/posts\/96\/revisions\/174"}],"wp:attachment":[{"href":"https:\/\/cebilbilitanos.com\/index.php?rest_route=%2Fwp%2Fv2%2Fmedia&parent=96"}],"wp:term":[{"taxonomy":"category","embeddable":true,"href":"https:\/\/cebilbilitanos.com\/index.php?rest_route=%2Fwp%2Fv2%2Fcategories&post=96"},{"taxonomy":"post_tag","embeddable":true,"href":"https:\/\/cebilbilitanos.com\/index.php?rest_route=%2Fwp%2Fv2%2Ftags&post=96"}],"curies":[{"name":"wp","href":"https:\/\/api.w.org\/{rel}","templated":true}]}}