{"id":951,"date":"2016-04-09T19:02:47","date_gmt":"2016-04-09T19:02:47","guid":{"rendered":"http:\/\/cebilbilitanos.com\/?p=951"},"modified":"2016-04-10T09:35:25","modified_gmt":"2016-04-10T09:35:25","slug":"los-carirretratos-de-angel-montero","status":"publish","type":"post","link":"https:\/\/cebilbilitanos.com\/?p=951","title":{"rendered":"Los carirretratos de \u00c1ngel Montero"},"content":{"rendered":"<p>Esta ma\u00f1ana, a las 10:30. se ha inaugurado la exposici\u00f3n de \u00abCarirretratos\u00bb que nos ha legado la mano de\u00a0\u00c1ngel Montero C\u00f3rdoba, consejero del Centro de Estudios Bilbilitanos.<\/p>\n<p>Con presencia de su familia, los dibujos de \u00c1ngel Montero no han querido faltar a la reapertura de la sede del CEB; la exposici\u00f3n, que seguir\u00e1 abierta hasta finales de mayo, ense\u00f1a la destreza del artista en el retrato de personajes ilustres unos, famosos otros o famosillos algunos, pero todos tratados no s\u00f3lo con buena t\u00e9cnica sino, y sobre todo, con esa delicadeza necesaria en todo caricaturista.<\/p>\n<p>Han intervenido en el acto de inauguraci\u00f3n el Alcalde de Calatayud,\u00a0el hijo de \u00c1ngel en representaci\u00f3n de la familia y el presidente del CEB.<\/p>\n<p>El mejor recuerdo para \u00c1ngel y el mejor agradecimiento a su familia es, seguramente, el comentario de los visitantes que estos d\u00edas recorren la puerta de Terrer en sus jornadas de puertas abiertas que coinciden con la exposici\u00f3n, sobre todo de los ni\u00f1os: \u00abObama est\u00e1 m\u00e1s guapo; el Papa Francisco mola; mira mam\u00e1 es del Bosque\u00bb&#8230;<\/p>\n<p>Esta es una semblanza del artista, in memoriam:<\/p>\n<p><a href=\"http:\/\/cebilbilitanos.com\/wp-content\/uploads\/2016\/04\/tarjeta-reverso-2.jpg\"><img decoding=\"async\" loading=\"lazy\" class=\"aligncenter size-full wp-image-952\" src=\"http:\/\/cebilbilitanos.com\/wp-content\/uploads\/2016\/04\/tarjeta-reverso-2.jpg\" alt=\"tarjeta reverso (2)\" width=\"700\" height=\"990\" srcset=\"https:\/\/cebilbilitanos.com\/wp-content\/uploads\/2016\/04\/tarjeta-reverso-2.jpg 700w, https:\/\/cebilbilitanos.com\/wp-content\/uploads\/2016\/04\/tarjeta-reverso-2-212x300.jpg 212w\" sizes=\"(max-width: 700px) 100vw, 700px\" \/><\/a><\/p>\n","protected":false},"excerpt":{"rendered":"<p>Esta ma\u00f1ana, a las 10:30. se ha inaugurado la exposici\u00f3n de \u00abCarirretratos\u00bb que nos ha legado la mano de\u00a0\u00c1ngel Montero C\u00f3rdoba, consejero del Centro de Estudios Bilbilitanos. Con presencia de su familia, los dibujos de \u00c1ngel Montero no han querido &hellip; <a href=\"https:\/\/cebilbilitanos.com\/?p=951\">Sigue leyendo <span class=\"meta-nav\">&rarr;<\/span><\/a><\/p>\n","protected":false},"author":1,"featured_media":0,"comment_status":"open","ping_status":"open","sticky":false,"template":"","format":"standard","meta":[],"categories":[28,23],"tags":[],"_links":{"self":[{"href":"https:\/\/cebilbilitanos.com\/index.php?rest_route=\/wp\/v2\/posts\/951"}],"collection":[{"href":"https:\/\/cebilbilitanos.com\/index.php?rest_route=\/wp\/v2\/posts"}],"about":[{"href":"https:\/\/cebilbilitanos.com\/index.php?rest_route=\/wp\/v2\/types\/post"}],"author":[{"embeddable":true,"href":"https:\/\/cebilbilitanos.com\/index.php?rest_route=\/wp\/v2\/users\/1"}],"replies":[{"embeddable":true,"href":"https:\/\/cebilbilitanos.com\/index.php?rest_route=%2Fwp%2Fv2%2Fcomments&post=951"}],"version-history":[{"count":3,"href":"https:\/\/cebilbilitanos.com\/index.php?rest_route=\/wp\/v2\/posts\/951\/revisions"}],"predecessor-version":[{"id":955,"href":"https:\/\/cebilbilitanos.com\/index.php?rest_route=\/wp\/v2\/posts\/951\/revisions\/955"}],"wp:attachment":[{"href":"https:\/\/cebilbilitanos.com\/index.php?rest_route=%2Fwp%2Fv2%2Fmedia&parent=951"}],"wp:term":[{"taxonomy":"category","embeddable":true,"href":"https:\/\/cebilbilitanos.com\/index.php?rest_route=%2Fwp%2Fv2%2Fcategories&post=951"},{"taxonomy":"post_tag","embeddable":true,"href":"https:\/\/cebilbilitanos.com\/index.php?rest_route=%2Fwp%2Fv2%2Ftags&post=951"}],"curies":[{"name":"wp","href":"https:\/\/api.w.org\/{rel}","templated":true}]}}