{"id":92,"date":"2012-10-25T16:36:58","date_gmt":"2012-10-25T16:36:58","guid":{"rendered":"http:\/\/cebilbilitanos.com\/?p=92"},"modified":"2015-09-10T17:18:12","modified_gmt":"2015-09-10T17:18:12","slug":"calatayud-una-ciudad-moderna","status":"publish","type":"post","link":"https:\/\/cebilbilitanos.com\/?p=92","title":{"rendered":"Calatayud, una ciudad moderna"},"content":{"rendered":"<p>El mi\u00e9rcoles 21 de diciembre a las 20:00 h se presentar\u00e1 el libro\u00a0CALATAYUD, UNA CIUDAD MODERNA, dentro de la colecci\u00f3n \u201cCalatayud en la fotograf\u00eda\u00bb<\/p>\n<p>Su autor, que estar\u00e1 presente en el acto es V\u00edctor Manuel Mamblona Torcal<\/p>\n<p>Presentaci\u00f3n en el sal\u00f3n de actos del Ayuntamiento de Calatayud.<\/p>\n","protected":false},"excerpt":{"rendered":"<p>El mi\u00e9rcoles 21 de diciembre a las 20:00 h se presentar\u00e1 el libro\u00a0CALATAYUD, UNA CIUDAD MODERNA, dentro de la colecci\u00f3n \u201cCalatayud en la fotograf\u00eda\u00bb Su autor, que estar\u00e1 presente en el acto es V\u00edctor Manuel Mamblona Torcal Presentaci\u00f3n en el &hellip; <a href=\"https:\/\/cebilbilitanos.com\/?p=92\">Sigue leyendo <span class=\"meta-nav\">&rarr;<\/span><\/a><\/p>\n","protected":false},"author":1,"featured_media":0,"comment_status":"open","ping_status":"open","sticky":false,"template":"","format":"standard","meta":[],"categories":[23],"tags":[],"_links":{"self":[{"href":"https:\/\/cebilbilitanos.com\/index.php?rest_route=\/wp\/v2\/posts\/92"}],"collection":[{"href":"https:\/\/cebilbilitanos.com\/index.php?rest_route=\/wp\/v2\/posts"}],"about":[{"href":"https:\/\/cebilbilitanos.com\/index.php?rest_route=\/wp\/v2\/types\/post"}],"author":[{"embeddable":true,"href":"https:\/\/cebilbilitanos.com\/index.php?rest_route=\/wp\/v2\/users\/1"}],"replies":[{"embeddable":true,"href":"https:\/\/cebilbilitanos.com\/index.php?rest_route=%2Fwp%2Fv2%2Fcomments&post=92"}],"version-history":[{"count":1,"href":"https:\/\/cebilbilitanos.com\/index.php?rest_route=\/wp\/v2\/posts\/92\/revisions"}],"predecessor-version":[{"id":93,"href":"https:\/\/cebilbilitanos.com\/index.php?rest_route=\/wp\/v2\/posts\/92\/revisions\/93"}],"wp:attachment":[{"href":"https:\/\/cebilbilitanos.com\/index.php?rest_route=%2Fwp%2Fv2%2Fmedia&parent=92"}],"wp:term":[{"taxonomy":"category","embeddable":true,"href":"https:\/\/cebilbilitanos.com\/index.php?rest_route=%2Fwp%2Fv2%2Fcategories&post=92"},{"taxonomy":"post_tag","embeddable":true,"href":"https:\/\/cebilbilitanos.com\/index.php?rest_route=%2Fwp%2Fv2%2Ftags&post=92"}],"curies":[{"name":"wp","href":"https:\/\/api.w.org\/{rel}","templated":true}]}}