{"id":868,"date":"2016-02-25T11:42:27","date_gmt":"2016-02-25T11:42:27","guid":{"rendered":"http:\/\/cebilbilitanos.com\/?p=868"},"modified":"2016-02-25T11:42:27","modified_gmt":"2016-02-25T11:42:27","slug":"el-transito-de-maria-y-la-devocion-asuncionista-en-el-aragon-occidental","status":"publish","type":"post","link":"https:\/\/cebilbilitanos.com\/?p=868","title":{"rendered":"El tr\u00e1nsito de Mar\u00eda y la devoci\u00f3n asuncionista en el Arag\u00f3n Occidental"},"content":{"rendered":"<p><a href=\"http:\/\/cebilbilitanos.com\/wp-content\/uploads\/2016\/02\/criado.jpg\"><img decoding=\"async\" loading=\"lazy\" class=\"aligncenter size-full wp-image-869\" src=\"http:\/\/cebilbilitanos.com\/wp-content\/uploads\/2016\/02\/criado.jpg\" alt=\"criado\" width=\"568\" height=\"828\" srcset=\"https:\/\/cebilbilitanos.com\/wp-content\/uploads\/2016\/02\/criado.jpg 568w, https:\/\/cebilbilitanos.com\/wp-content\/uploads\/2016\/02\/criado-206x300.jpg 206w\" sizes=\"(max-width: 568px) 100vw, 568px\" \/><\/a><\/p>\n","protected":false},"excerpt":{"rendered":"","protected":false},"author":1,"featured_media":0,"comment_status":"open","ping_status":"open","sticky":false,"template":"","format":"standard","meta":[],"categories":[23],"tags":[],"_links":{"self":[{"href":"https:\/\/cebilbilitanos.com\/index.php?rest_route=\/wp\/v2\/posts\/868"}],"collection":[{"href":"https:\/\/cebilbilitanos.com\/index.php?rest_route=\/wp\/v2\/posts"}],"about":[{"href":"https:\/\/cebilbilitanos.com\/index.php?rest_route=\/wp\/v2\/types\/post"}],"author":[{"embeddable":true,"href":"https:\/\/cebilbilitanos.com\/index.php?rest_route=\/wp\/v2\/users\/1"}],"replies":[{"embeddable":true,"href":"https:\/\/cebilbilitanos.com\/index.php?rest_route=%2Fwp%2Fv2%2Fcomments&post=868"}],"version-history":[{"count":1,"href":"https:\/\/cebilbilitanos.com\/index.php?rest_route=\/wp\/v2\/posts\/868\/revisions"}],"predecessor-version":[{"id":870,"href":"https:\/\/cebilbilitanos.com\/index.php?rest_route=\/wp\/v2\/posts\/868\/revisions\/870"}],"wp:attachment":[{"href":"https:\/\/cebilbilitanos.com\/index.php?rest_route=%2Fwp%2Fv2%2Fmedia&parent=868"}],"wp:term":[{"taxonomy":"category","embeddable":true,"href":"https:\/\/cebilbilitanos.com\/index.php?rest_route=%2Fwp%2Fv2%2Fcategories&post=868"},{"taxonomy":"post_tag","embeddable":true,"href":"https:\/\/cebilbilitanos.com\/index.php?rest_route=%2Fwp%2Fv2%2Ftags&post=868"}],"curies":[{"name":"wp","href":"https:\/\/api.w.org\/{rel}","templated":true}]}}