{"id":865,"date":"2016-01-29T08:35:19","date_gmt":"2016-01-29T08:35:19","guid":{"rendered":"http:\/\/cebilbilitanos.com\/?p=865"},"modified":"2016-01-29T08:35:19","modified_gmt":"2016-01-29T08:35:19","slug":"presentacion-de-calatayud-cuna-de-armeros","status":"publish","type":"post","link":"https:\/\/cebilbilitanos.com\/?p=865","title":{"rendered":"Presentaci\u00f3n de Calatayud, cuna de armeros."},"content":{"rendered":"<p>CALATAYUD, CUNA DE ARMEROS<\/p>\n<p>Francisco Tobajas Gallego<\/p>\n<p>El pasado 21 de enero de 2016 se present\u00f3 en el Sal\u00f3n Multiusos del Ayuntamiento de Calatayud el libro <em>Calatayud, cuna de armeros<\/em>, de V\u00edctor J. S\u00e1nchez Tarradellas, que ha sido editado por el Centro de Estudios Bilbilitanos. Acompa\u00f1aron al autor el alcalde de Calatayud, Jos\u00e9 Manuel Aranda, el general director de la Academia de Log\u00edstica de Calatayud, Ram\u00f3n Sabat\u00e9, y el presidente del Centro de Estudios Bilbilitanos, Jos\u00e9 \u00c1ngel Urzay.<\/p>\n<div id=\"attachment_866\" style=\"width: 630px\" class=\"wp-caption aligncenter\"><a href=\"http:\/\/cebilbilitanos.com\/wp-content\/uploads\/2016\/01\/DSC02002.jpg\"><img aria-describedby=\"caption-attachment-866\" decoding=\"async\" loading=\"lazy\" class=\"wp-image-866\" src=\"http:\/\/cebilbilitanos.com\/wp-content\/uploads\/2016\/01\/DSC02002.jpg\" alt=\"Un momento de la presentaci\u00f3n del libro\" width=\"620\" height=\"465\" srcset=\"https:\/\/cebilbilitanos.com\/wp-content\/uploads\/2016\/01\/DSC02002.jpg 640w, https:\/\/cebilbilitanos.com\/wp-content\/uploads\/2016\/01\/DSC02002-300x225.jpg 300w\" sizes=\"(max-width: 620px) 100vw, 620px\" \/><\/a><p id=\"caption-attachment-866\" class=\"wp-caption-text\">Un momento de la presentaci\u00f3n del libro<\/p><\/div>\n<p>El presidente del Centro de Estudios Bilbilitanos afirm\u00f3 que la historia militar de Calatayud pod\u00eda estudiarse desde varios puntos de vista: como centro productor de armas, como centro de log\u00edstica, como lugar de obligado paso de los ej\u00e9rcitos y tambi\u00e9n como lugar de confrontaci\u00f3n b\u00e9lica. Se felicit\u00f3 por los lazos de comunicaci\u00f3n y colaboraci\u00f3n que existen entre la Academia de Log\u00edstica y el Centro de Estudios Bilbilitanos, esperando que puedan fructificar en nuevas investigaciones de tipo hist\u00f3rico y militar.<\/p>\n<p>Por su parte, el alcalde de Calatayud se\u00f1al\u00f3 que la presentaci\u00f3n de este libro, un aut\u00e9ntico lujo para la ciudad, ten\u00eda lugar en fechas cercanas a San Juan Bosco, Patrono de los especialistas del Ej\u00e9rcito de Tierra. Por este motivo felicit\u00f3 a la Academia de Log\u00edstica y tambi\u00e9n al Centro de Estudios, por mantener este apoyo mutuo, que da lugar a libros tan interesantes como el que se presentaba.<\/p>\n<p>El general director de la Academia mostr\u00f3 su satisfacci\u00f3n por el trabajo del teniente coronel S\u00e1nchez Tarradellas y se\u00f1al\u00f3 que el t\u00edtulo del libro era todo un acierto, pues a los especialistas del Ej\u00e9rcito de Tierra, que se preparaban en la Academia de Log\u00edstica de Calatayud,\u00a0 se les llamaba maestros armeros, por tanto la Academia de Calatayud tambi\u00e9n pod\u00eda denominarse cuna de armeros.<\/p>\n<p>A continuaci\u00f3n glos\u00f3 la figura del teniente coronel S\u00e1nchez Tarradellas, que posee una amplia formaci\u00f3n universitaria, aunque no es historiador. Sin embargo, Ram\u00f3n Sabat\u00e9 se\u00f1al\u00f3 que los que se dedican a la Log\u00edstica y a la Historia siguen caminos paralelos. En ambas ramas siempre es necesario basarse en hechos, no en elucubraciones. La misi\u00f3n del historiador y del especialista consiste en analizar las teor\u00edas y \u00a0contrastar los hechos, pero siempre con rigor y con honestidad.<\/p>\n<p>Ram\u00f3n Sabat\u00e9 record\u00f3 que el teniente coronel S\u00e1nchez Tarradellas, estaba vinculado a la Academia de Log\u00edstica de Calatayud desde el a\u00f1o 2001, donde era profesor de Recursos Humanos. De car\u00e1cter inquieto y gran apasionado por la historia, pose\u00eda buenas dotes de comunicador y de Log\u00edstica. S\u00e1nchez Tarradellas tambi\u00e9n era autor de tres libros: <em>Log\u00edstica, arte sin gloria<\/em>, editado en 2013, <em>El Camino espa\u00f1ol y la log\u00edstica en la \u00e9poca de los Tercios<\/em>, escrito con Fernando Mart\u00ednez La\u00ednez y editado por el Centro de Estudios Bilbilitanos en 2013, donde se explicaba lo costaba poner una pica en Flandes, y este \u00faltimo, <em>Calatayud, cuna de armeros<\/em>, que ven\u00eda a ser una continuaci\u00f3n del anterior. En estos dos \u00faltimos libros, el teniente coronel analizaba con amenidad y rigurosidad la contribuci\u00f3n de Calatayud a la industria armament\u00edstica, que culminaba con el esplendor alcanzado en el siglo XVI. Ram\u00f3n Sabat\u00e9 consider\u00f3 que el trabajo de S\u00e1nchez Tarradellas era riguroso, pues se basaba en fuentes primarias, utilizando abundantes citas y una selecta bibliograf\u00eda, con las que pod\u00eda avalar sus afirmaciones. Tambi\u00e9n se\u00f1al\u00f3 la amenidad de su estilo, lo que evidenciaba sus grandes dotes de comunicador. Por \u00faltimo, Ram\u00f3n Sabat\u00e9 agradeci\u00f3 una vez m\u00e1s el apoyo del Centro de Estudios con el que, sin ninguna duda, iban a seguir colaborando.<\/p>\n<p>El autor se\u00f1al\u00f3 que <em>Calatayud, cuna de armeros<\/em> se hab\u00eda escrito a iniciativa de la Academia, empe\u00f1ada en buscar v\u00ednculos con la historia de Calatayud. Una ciudad que destacaba desde la antig\u00fcedad como encrucijada de caminos y punto intermedio entre las cortes itinerantes de Toledo y Zaragoza, como centro productor de armas, tambi\u00e9n de p\u00f3lvora, en el cercano lugar de Villafeliche, y por la excelente calidad de sus c\u00e1\u00f1amos, tan necesarios para las cuerdas o mechas de arcabuz. El t\u00edtulo de este libro, <em>Calatayud, cuna de armeros<\/em>, se deb\u00eda a la feliz iniciativa del coronel Vargas. El autor confes\u00f3 que no era un estudio exhaustivo, sino exploratorio, en el que se llegaban a aventurar una serie de hip\u00f3tesis.<\/p>\n<p>Calatayud ya hab\u00eda destacado en los siglos XV y XVI, un periodo de fuerte demanda de armas, como centro productor de gran prestigio. Pero ser\u00e1 en la segunda mitad del siglo XV cuando se inicie una transformaci\u00f3n en la organizaci\u00f3n y manera de combate de los ej\u00e9rcitos. Las huestes feudales, regidas por las leyes de la caballer\u00eda, evolucionan a ej\u00e9rcitos profesionales, voluntarios o mercenarios, que cobran un sueldo, la soldada. Tras la Guerra de Granada, los Reyes Cat\u00f3licos llevar\u00e1n a cabo reformas con nuevas ordenanzas, dotando a las nuevas unidades con dos tercios de peones armados a la suiza y un tercio de ballesteros-espingarderos. Con estos cambios, la infanter\u00eda dominar\u00e1 las contiendas y las armas de fuego tendr\u00e1n un papel primordial.<\/p>\n<p>Los Tercios surgir\u00e1n oficialmente con la Ordenanza de G\u00e9nova de 1536. Los tercios, al mando de un maestre de campo, se compon\u00edan de diversos tipos de soldados. El llamado pica seca, o soldado biso\u00f1o, empu\u00f1aba una pica y se defend\u00eda con un casco y un coleto de piel. El coselete era un piquero protegido por una armadura de tres cuartos. El arma de fuego m\u00e1s generalizada ser\u00e1 el arcabuz, un arma larga con llave de mecha, que necesitaba el uso de cuerdas, a base de lino o c\u00e1\u00f1amo, empapada en una soluci\u00f3n de salitre y puesta a secar. El capit\u00e1n portaba la jineta o esport\u00f3n, una lanza terminada en una hoja corta ovalada, con punta y filo. La alabarda serv\u00eda de divisa al sargento. Los cuadros de infantes se serv\u00edan de las picas y los cabos de la partesana. Todos los combatientes llevaban espada, que envainada colgaba del talabarte o cintur\u00f3n. La caballer\u00eda medieval ser\u00e1 reemplazada por los llamados reiters, que utilizaban espadas o pistolas. Se proteg\u00edan con armaduras evolucionadas y capacetes.<\/p>\n<p>El reclutamiento en Espa\u00f1a era un monopolio real y sin su consentimiento no se pod\u00eda levantar gente. La monarqu\u00eda controlaba entonces\u00a0 la fabricaci\u00f3n de las armas a trav\u00e9s del veedor, figura creada por los Reyes Cat\u00f3licos. En el siglo XVI, Calatayud era un paso obligado de mercanc\u00edas y viajeros. Era la ciudad m\u00e1s importante entre Madrid y Zaragoza. Cumpliendo las reales ordenanzas en vigor, la poblaci\u00f3n estaba obligada a alojar a los soldados del rey, proporcionarles agua, sal, aceite para el cuidado de las armas, vinagre para sanar los pies llagados y asiento a la lumbre. Tambi\u00e9n Calatayud era un paso importante de armas desde las Vascongadas, pero tambi\u00e9n era exportadora de armas hacia Castilla, pues era un importante centro espadero, as\u00ed viene documentado en abundante bibliograf\u00eda, que recoge los nombres Luis de Nieva, Andr\u00e9s Munester, Manuel Bernand, Luis de Nieves, Jer\u00f3nimo Picado y el converso Juli\u00e1n del Rey, que utilizaba la marca del perrillo, que se encuentra en armas\u00a0 de Carlos V o de Hern\u00e1n Cort\u00e9s. Estos artesanos utilizar\u00edan el hierro de las minas de Tierga, explotadas ya por los romanos y el excelente temple que las aguas del Jal\u00f3n daban al acero. La producci\u00f3n de espadas decaer\u00e1 a comienzos del siglo XVIII. El autor se\u00f1al\u00f3 que el gran secreto de los maestros espaderos estaba en el temple de las armas. Cada maestro med\u00eda el templado con el rezo de alguna oraci\u00f3n o letan\u00eda. Las malas lenguas aseguraban que el converso Juli\u00e1n del Rey lograba el temple de sus armas rezando versos cor\u00e1nicos.<\/p>\n<p>Los artesanos celt\u00edberos de esta zona ya fueron h\u00e1biles en la fabricaci\u00f3n de armas, actividad que continuar\u00e1 con la dominaci\u00f3n romana, que incorporar\u00e1 estas espadas celtib\u00e9ricas a su ej\u00e9rcito. Marcial corrobora esta actividad y su fama en sus epigramas. En el siglo XV se encuentra en Calatayud un importante gremio de forjadores de origen musulm\u00e1n. En el XVI las industrias de fabricaci\u00f3n de p\u00f3lvora, armas blancas y arcabuces, pedre\u00f1ales, pistolas y escopetas, estaban mayoritariamente en manos de la poblaci\u00f3n morisca. Tras su expulsi\u00f3n en 1610, esta industria cay\u00f3 en declive.<\/p>\n<p>La manufactura armera que dio m\u00e1s fama a Calatayud fue el capacete. Se trataba de un casco sin cresta ni visera, a veces terminado en punta, parecido al morri\u00f3n. El rostro quedaba desprotegido, pero permit\u00eda una visi\u00f3n completa al frente. Los duques de Alba, de Villahermosa, del Infantado y de Medinaceli poseyeron capacetes de Calatayud. Se utilizaba en justas y torneos, como el conocido del Paso Honroso de 1434, en el que participaron caballeros de la tierra de Calatayud.<\/p>\n<p>Los capacetes eran de origen morisco. Primeramente fueron de cuero, reforzado con hierro sobre un capuch\u00f3n de malla. Luego fueron evolucionando lentamente. Varios de estos ejemplares, producidos en Castej\u00f3n de las Armas y Calatayud, se encuentran en varios museos: Viena, San Petersburgo, Nueva York, Madrid, Filadelfia, Par\u00eds, Londres, Lisboa\u2026 Tambi\u00e9n son nombrados estos capacetes bilbilitanos en abundantes obras literarias, como en los versos \u00e9picos de Nicol\u00e1s Fern\u00e1ndez de Morat\u00edn, en los versos rom\u00e1nticos del Duque de Rivas o en La <em>Celestina<\/em> de Fernando de Rojas, donde se citan junto a los broqueles de Barcelona y los casquetes de Almaz\u00e1n.<\/p>\n","protected":false},"excerpt":{"rendered":"<p>CALATAYUD, CUNA DE ARMEROS Francisco Tobajas Gallego El pasado 21 de enero de 2016 se present\u00f3 en el Sal\u00f3n Multiusos del Ayuntamiento de Calatayud el libro Calatayud, cuna de armeros, de V\u00edctor J. S\u00e1nchez Tarradellas, que ha sido editado por &hellip; <a href=\"https:\/\/cebilbilitanos.com\/?p=865\">Sigue leyendo <span class=\"meta-nav\">&rarr;<\/span><\/a><\/p>\n","protected":false},"author":1,"featured_media":0,"comment_status":"open","ping_status":"open","sticky":false,"template":"","format":"standard","meta":[],"categories":[23],"tags":[6,10,11],"_links":{"self":[{"href":"https:\/\/cebilbilitanos.com\/index.php?rest_route=\/wp\/v2\/posts\/865"}],"collection":[{"href":"https:\/\/cebilbilitanos.com\/index.php?rest_route=\/wp\/v2\/posts"}],"about":[{"href":"https:\/\/cebilbilitanos.com\/index.php?rest_route=\/wp\/v2\/types\/post"}],"author":[{"embeddable":true,"href":"https:\/\/cebilbilitanos.com\/index.php?rest_route=\/wp\/v2\/users\/1"}],"replies":[{"embeddable":true,"href":"https:\/\/cebilbilitanos.com\/index.php?rest_route=%2Fwp%2Fv2%2Fcomments&post=865"}],"version-history":[{"count":1,"href":"https:\/\/cebilbilitanos.com\/index.php?rest_route=\/wp\/v2\/posts\/865\/revisions"}],"predecessor-version":[{"id":867,"href":"https:\/\/cebilbilitanos.com\/index.php?rest_route=\/wp\/v2\/posts\/865\/revisions\/867"}],"wp:attachment":[{"href":"https:\/\/cebilbilitanos.com\/index.php?rest_route=%2Fwp%2Fv2%2Fmedia&parent=865"}],"wp:term":[{"taxonomy":"category","embeddable":true,"href":"https:\/\/cebilbilitanos.com\/index.php?rest_route=%2Fwp%2Fv2%2Fcategories&post=865"},{"taxonomy":"post_tag","embeddable":true,"href":"https:\/\/cebilbilitanos.com\/index.php?rest_route=%2Fwp%2Fv2%2Ftags&post=865"}],"curies":[{"name":"wp","href":"https:\/\/api.w.org\/{rel}","templated":true}]}}