{"id":858,"date":"2015-11-17T19:26:07","date_gmt":"2015-11-17T19:26:07","guid":{"rendered":"http:\/\/cebilbilitanos.com\/?p=858"},"modified":"2015-11-17T19:26:07","modified_gmt":"2015-11-17T19:26:07","slug":"clausura-del-ix-encuentro-de-estudios-bilbilitanos","status":"publish","type":"post","link":"https:\/\/cebilbilitanos.com\/?p=858","title":{"rendered":"Clausura del IX Encuentro de Estudios Bilbilitanos"},"content":{"rendered":"<p>Francisco Tobajas Gallego<\/p>\n<p>Tras tres jornadas ininterrumpidas de trabajo, el domingo 15 de Noviembre de 2015 se clausur\u00f3 el IX Encuentro de Estudios Bilbilitanos. La primera sesi\u00f3n dedicada al Arte, ocup\u00f3 la tarde del viernes 13 y parte de la ma\u00f1ana del s\u00e1bado 14, a la que sigui\u00f3 la segunda sesi\u00f3n, dedicada a la Antig\u00fcedad. El mismo s\u00e1bado por la tarde se dedic\u00f3 a las Ciencias de la Tierra y de la Sociedad, encuadrada en la tercera sesi\u00f3n. A continuaci\u00f3n y el mismo s\u00e1bado 14 por la tarde, se celebr\u00f3 la cuarta sesi\u00f3n, dedicada esta vez a la Etnolog\u00eda, Folclore y Literatura. En la ma\u00f1ana del domingo 15 tuvo lugar la quinta y \u00faltima sesi\u00f3n, dedicada a la Historia.<\/p>\n<p><a href=\"http:\/\/cebilbilitanos.com\/wp-content\/uploads\/2015\/11\/encuientro.jpg\"><img decoding=\"async\" loading=\"lazy\" class=\"aligncenter size-full wp-image-859\" src=\"http:\/\/cebilbilitanos.com\/wp-content\/uploads\/2015\/11\/encuientro.jpg\" alt=\"encuientro\" width=\"600\" height=\"450\" srcset=\"https:\/\/cebilbilitanos.com\/wp-content\/uploads\/2015\/11\/encuientro.jpg 600w, https:\/\/cebilbilitanos.com\/wp-content\/uploads\/2015\/11\/encuientro-300x225.jpg 300w\" sizes=\"(max-width: 600px) 100vw, 600px\" \/><\/a><\/p>\n<p>En el acto de clausura, Jos\u00e9 Luis Corral, ponente de la sesi\u00f3n de Historia, se felicit\u00f3 por los Encuentros, que son un logro de los \u00faltimos tres Presidentes del Centro de Estudios Bilbilitanos, que han de servir para ayudar a componer el nuevo libro, donde se va a reescribir la historia de Calatayud, uno de los proyectos m\u00e1s interesantes del CEB. Los Encuentros eran el resultado del esfuerzo de todos sus participantes, gente organizada y adelantada de Calatayud y de su Comarca, a la que Jos\u00e9 Luis Corral ve con posibilidades de futuro, un futuro que pasa por el encuentro y la convivencia.<\/p>\n<p>Jos\u00e9 \u00c1ngel Urzay, Presidente del Centro de Estudios, constat\u00f3 que el enorme trabajo de todos los ponentes y comunicantes quedar\u00e1 reflejado en unas variadas e interesantes Actas de este IX Encuentro, que han de componer dos gruesos tomos, y que se quieren publicar cuanto antes. En este IX Encuentro se han batido todos los r\u00e9cords de participantes y de p\u00fablico. Han sido un total de setenta y seis comunicaciones, las presentadas a las cuatro Secciones de este Encuentro.<\/p>\n<p>Jos\u00e9 \u00c1ngel Urzay dio las gracias al Ayuntamiento, a la Comunidad y la Denominaci\u00f3n de Origen Calatayud, por su participaci\u00f3n en estas jornadas. Y para finalizar, invit\u00f3 a todos al pr\u00f3ximo X Encuentro, que se tiene previsto celebrar en el 2019, que se conmemorar\u00e1 el 40\u00ba aniversario de los Primeros Papeles Bilbilitanos de 1979.<\/p>\n<p>Por su parte, Jos\u00e9 Manuel Aranda, Alcalde de Calatayud, se\u00f1al\u00f3 que las expectativas se hab\u00edan cumplido ampliamente, pues el Sal\u00f3n Multiusos del Ayuntamiento hab\u00eda estado siempre repleto de un p\u00fablico interesado. Sin embargo, estas jornadas de estudio, en las que se hab\u00eda trabajado sobradamente, hab\u00edan estado te\u00f1idas por el terror. Agradeci\u00f3 la parada hecha a las doce del mediod\u00eda y la solidaridad de todos los asistentes, que acompa\u00f1aron a la Corporaci\u00f3n Municipal en el minuto de silencio que se guard\u00f3 a las puertas del Consistorio, en acto de repulsa a los atentados de Par\u00eds.<\/p>\n<p>Seg\u00fan Jos\u00e9 Manuel Aranda, este IX Encuentro hab\u00eda sido un paso adelante del Centro de Estudios Bilbilitanos, que era un referente de la Instituci\u00f3n Fernando El Cat\u00f3lico, seg\u00fan hab\u00eda se\u00f1alado su Presidente, Carlos Forcadell, que asisti\u00f3 al acto de apertura celebrado el pasado viernes. El alcalde de Calatayud se felicit\u00f3 por las reformas y mejoras que se est\u00e1n llevando a cabo en la sede del Centro de Estudios Bilbilitanos, de la Puerta de Terrer. Una vez que concluya su rehabilitaci\u00f3n, hacia mediados del pr\u00f3ximo mes de Diciembre, se llevar\u00e1 a cabo una jornada de puertas abiertas. Tambi\u00e9n anim\u00f3 a la Comisi\u00f3n Permanente a seguir trabajando junto a su Presidente, Jos\u00e9 \u00c1ngel Urzay, para la consecuci\u00f3n de nuevas metas.<\/p>\n","protected":false},"excerpt":{"rendered":"<p>Francisco Tobajas Gallego Tras tres jornadas ininterrumpidas de trabajo, el domingo 15 de Noviembre de 2015 se clausur\u00f3 el IX Encuentro de Estudios Bilbilitanos. La primera sesi\u00f3n dedicada al Arte, ocup\u00f3 la tarde del viernes 13 y parte de la &hellip; <a href=\"https:\/\/cebilbilitanos.com\/?p=858\">Sigue leyendo <span class=\"meta-nav\">&rarr;<\/span><\/a><\/p>\n","protected":false},"author":1,"featured_media":0,"comment_status":"open","ping_status":"open","sticky":false,"template":"","format":"standard","meta":[],"categories":[2],"tags":[6,3,7],"_links":{"self":[{"href":"https:\/\/cebilbilitanos.com\/index.php?rest_route=\/wp\/v2\/posts\/858"}],"collection":[{"href":"https:\/\/cebilbilitanos.com\/index.php?rest_route=\/wp\/v2\/posts"}],"about":[{"href":"https:\/\/cebilbilitanos.com\/index.php?rest_route=\/wp\/v2\/types\/post"}],"author":[{"embeddable":true,"href":"https:\/\/cebilbilitanos.com\/index.php?rest_route=\/wp\/v2\/users\/1"}],"replies":[{"embeddable":true,"href":"https:\/\/cebilbilitanos.com\/index.php?rest_route=%2Fwp%2Fv2%2Fcomments&post=858"}],"version-history":[{"count":1,"href":"https:\/\/cebilbilitanos.com\/index.php?rest_route=\/wp\/v2\/posts\/858\/revisions"}],"predecessor-version":[{"id":860,"href":"https:\/\/cebilbilitanos.com\/index.php?rest_route=\/wp\/v2\/posts\/858\/revisions\/860"}],"wp:attachment":[{"href":"https:\/\/cebilbilitanos.com\/index.php?rest_route=%2Fwp%2Fv2%2Fmedia&parent=858"}],"wp:term":[{"taxonomy":"category","embeddable":true,"href":"https:\/\/cebilbilitanos.com\/index.php?rest_route=%2Fwp%2Fv2%2Fcategories&post=858"},{"taxonomy":"post_tag","embeddable":true,"href":"https:\/\/cebilbilitanos.com\/index.php?rest_route=%2Fwp%2Fv2%2Ftags&post=858"}],"curies":[{"name":"wp","href":"https:\/\/api.w.org\/{rel}","templated":true}]}}