{"id":82,"date":"2012-12-26T11:02:21","date_gmt":"2012-12-26T11:02:21","guid":{"rendered":"http:\/\/cebilbilitanos.com\/?p=82"},"modified":"2015-09-10T17:17:09","modified_gmt":"2015-09-10T17:17:09","slug":"miradas-de-caminante-2","status":"publish","type":"post","link":"https:\/\/cebilbilitanos.com\/?p=82","title":{"rendered":"Miradas de Caminante"},"content":{"rendered":"<p>&nbsp;<\/p>\n<div class=\"MsoNormal\" style=\"text-align: justify;\">Francisco Tobajas Gallego<\/div>\n<div class=\"MsoNormal\" style=\"text-align: justify;\"><\/div>\n<div class=\"MsoNormal\" style=\"text-align: justify;\">El\u00a0pasado d\u00eda 18 de diciembre, en el sal\u00f3n de actos de Bantierra de Calatayud,\u00a0tuvo lugar la presentaci\u00f3n del libro de fotograf\u00eda <i>Miradas de caminante<\/i>, de Jos\u00e9 Luis Molina Remacha, que ha sido editado\u00a0por el Centro de Estudios Bilbilitanos. Este libro tiene el merecido honor de\u00a0inaugurar un \u00abnuevo rumbo\u00bb en la colecci\u00f3n Calatayud en la fotograf\u00eda, que va a\u00a0prestar atenci\u00f3n al bello y variado paisaje de la Comarca Comunidad\u00a0de Calatayud. Por ello la nueva colecci\u00f3n que comienza ahora su andadura, se\u00a0llamar\u00e1 La Comunidad\u00a0de Calatayud en la\u00a0Fotograf\u00eda.<\/div>\n<div class=\"MsoNormal\" style=\"text-align: justify;\"><\/div>\n<div class=\"MsoNormal\" style=\"text-align: justify;\">Jos\u00e9\u00a0Ram\u00f3n Olalla, en el pr\u00f3logo de este libro, se\u00f1ala que Jos\u00e9 Luis Molina comenz\u00f3\u00a0en el mundo de la fotograf\u00eda hace escasamente ocho o nueve a\u00f1os. Desde entonces\u00a0le hizo part\u00edcipe de su enorme entusiasmo por la fotograf\u00eda. Ello le llev\u00f3 a introducirse\u00a0en el complejo trabajo del procesado digital de fotograf\u00edas, consiguiendo unos\u00a0buenos resultados. Esta experiencia la comparti\u00f3 con propios y extra\u00f1os en\u00a0foros de internet. Con los a\u00f1os, Jos\u00e9 Luis Molina ha pasado de aprendiz\u00a0adelantado a maestro, que ense\u00f1a y comparte en cursos de imagen y procesado, su\u00a0experiencia en solitario y autodidacta.<\/div>\n<div class=\"MsoNormal\" style=\"text-align: justify;\"><\/div>\n<div class=\"separator\" style=\"clear: both; text-align: center;\"><a style=\"margin-left: 1em; margin-right: 1em;\" href=\"http:\/\/2.bp.blogspot.com\/-Scy8m9ajEwI\/UNtA9b9e7yI\/AAAAAAAAAKE\/Elmzz5V8B3s\/s1600\/caminante.JPG\"><img decoding=\"async\" loading=\"lazy\" src=\"http:\/\/2.bp.blogspot.com\/-Scy8m9ajEwI\/UNtA9b9e7yI\/AAAAAAAAAKE\/Elmzz5V8B3s\/s640\/caminante.JPG\" alt=\"\" width=\"640\" height=\"480\" border=\"0\" \/><\/a><\/div>\n<div class=\"MsoNormal\" style=\"text-align: justify;\"><\/div>\n<div class=\"MsoNormal\" style=\"text-align: justify;\">El\u00a0caminante Jos\u00e9 Luis Molina conoce bien los paisajes y los caminos de la comarca \u00a0de Calatayud, que mira con ojos de caminante, pues dos pasiones se unen y se\u00a0complementan en \u00e9l, el senderismo y la fotograf\u00eda. Y como no iba a ser de otra\u00a0manera, en estos paisajes que contempla el caminante, aparecen las piedras, los\u00a0\u00e1rboles, los campos, las gentes y por supuesto los cielos cambiantes y\u00a0amenazadores de estas tierras, tan duras y tan expresivas. Unos cielos poblados\u00a0de nubes gordas y deshilachadas, de nubes blancas, azules, grises y negras, que\u00a0el caminante descubre desde un recodo del camino y que aparecen formando l\u00edneas,\u00a0figuras y vol\u00famenes caprichosos y cambiantes. Nubes gordas y negras, nubes de\u00a0verano y de primavera, nubes de algod\u00f3n y nubes de tormenta, que cruzan muchas tardes\u00a0de corrido, dejando luego un cielo completamente azul.<\/div>\n<div class=\"MsoNormal\" style=\"text-align: justify;\"><\/div>\n<div class=\"MsoNormal\" style=\"text-align: justify;\">A\u00a0los ojos curiosos del caminante tampoco faltan los campos en primavera, con la\u00a0tierra en saz\u00f3n y flores de cien colores. La luz de las tardes de finales de\u00a0invierno, que se alarga con un respingo, los almendros floridos sobre las tierras\u00a0rojizas y reci\u00e9n labradas, con las casas del pueblo al fondo, bajo un cielo \u00a0denso, con nubes huecas y ligeras. En los cruces de los caminos, los peirones\u00a0convocan la atenci\u00f3n del caminante y obligan a una corta parada, a un respiro y\u00a0a una fotograf\u00eda. En ellos un santo, que llev\u00f3 vida de santo, o la misma Virgen\u00a0del Pilar animan y reconfortan la andada, pues anuncian que no anda lejos el lugar\u00a0que sea, con su parroquia, su torre de ladrillo, su casino, su plaza, su fuente\u00a0y su ayuntamiento. Santos o V\u00edrgenes que protegen el sembrado y bendicen el\u00a0trabajo de los hombres que todav\u00eda siguen cultivando sus tierras hasta que las\u00a0fuerzas les abandonen.<\/div>\n<div class=\"MsoNormal\" style=\"text-align: justify;\"><\/div>\n<div class=\"MsoNormal\" style=\"text-align: justify;\">El\u00a0caminante distingue agazapado que por el camino abajo, camino de la vega, un\u00a0borrico pasa con su due\u00f1o. Las fuerzas flaquean y a la vera del camino es\u00a0preciso tomar aliento. Y frente a frente, el hombre confiesa a su compa\u00f1ero de\u00a0fatigas y faenas que la vida se les ha ido a los dos, que son viejos para casi\u00a0todo, que los a\u00f1os pesan ya como piedras, como cargas de le\u00f1a, como cajas\u00a0llenas de peras o de patatas. Y el borrico atiende a su amo, baja la cabeza y\u00a0calla.<\/div>\n<div class=\"MsoNormal\" style=\"text-align: justify;\"><\/div>\n<div class=\"MsoNormal\" style=\"text-align: justify;\">Los\u00a0ojos del caminante se encuentran con gentes que toman el sol o la sombra en una\u00a0calleja o en un carasol. Viejos que van a la huerta o est\u00e1n quemando las ramas\u00a0de la poda, viejas que deshacen una chaqueta para hacer otra, pastores que\u00a0conocen los cielos y las ovejas con solo mirarles fijamente a los ojos. Tampoco\u00a0falta el perro guardi\u00e1n, el borriquillo, el cordero que nace con hambre de\u00a0semanas y las ovejas de mirada triste, que comen como si ma\u00f1ana mismo fuera a\u00a0acabarse el mundo.<\/div>\n<div class=\"MsoNormal\" style=\"text-align: justify;\"><\/div>\n<div class=\"MsoNormal\" style=\"text-align: justify;\">Largas\u00a0tardes de largas \u00a0caminatas llenando los ojos de bellos paisajes. El caminante\u00a0de trecho en trecho descansa. Otea el horizonte, busca un encuadre, gira sobre\u00a0s\u00ed mismo, arde en angustia, el viento acecha, y la tormenta, y el aguacero. Se\u00a0sit\u00faa, saca su c\u00e1mara, hace sus c\u00e1lculos, espera un rayo de luz que no llega,\u00a0espera y espera, se desespera, se levanta de nuevo, mira al cielo y a la\u00a0tierra, las nubes pasan, ligeras o pesadas, altas o rasantes, el tiempo tambi\u00e9n\u00a0pasa, el caminante se inquieta, mira el reloj, comienza a andar, se lamenta porque\u00a0no le acaba de convencer el paisaje, sigue adelante, mira el cielo y la tierra,\u00a0calla y anda, la tarde se apaga lentamente, la luz dorada baja a ras de suelo, de\u00a0pronto un campo verde, una luz de costado, unas nubes brillando, el sol que se\u00a0cuela, una caseta, un \u00e1rbol, un girasol abierto, un peir\u00f3n al lado del\u00a0cementerio, un lago de agua en silencio, una ermita blanca, un camino solitario,\u00a0una tierra roja y salvaje, calurosa y agreste, unas espigas, unas amapolas, un\u00a0r\u00edo que se cae de cabeza, una emoci\u00f3n, un descubrimiento, una intuici\u00f3n, una composici\u00f3n\u00a0llena de armon\u00eda, un arco iris que se ve a lo lejos, unos melocotoneros en\u00a0flor, unos chopos medio dorados, un almendro salvaje, una calle solitaria, el mismo\u00a0polvo del camino\u2026. Y zas, un disparo, y otro, y otro. Eso, confiesa el\u00a0caminante, es una verdadera pasada.<\/div>\n<div class=\"MsoNormal\" style=\"text-align: justify;\"><\/div>\n<div class=\"MsoNormal\" style=\"text-align: justify;\">La\u00a0mirada del caminante se ha detenido esta vez y por orden alfab\u00e9tico, en Alarba,\u00a0en Alhama, en Ani\u00f1\u00f3n, en Armantes, en Ateca, en Bijuesca, en Bordalba, en\u00a0Calatayud, en Cervera, en Cetina, en Fuentes de Jiloca, en Hu\u00e9rmeda, en Jaraba, en La Vilue\u00f1a,\u00a0en Llumes, en Malanquilla, en\u00a0 Maluenda, con\u00a0diferentes motivos, para tener contentos a sus vecinos, en Miedes, en Monterde,\u00a0en Morata de Jiloca, en Moros, en Mun\u00e9brega, en Nu\u00e9valos, en Olv\u00e9s, en Pardos y\u00a0en Torrelapaja. Unas miradas que compartidas son \u00a0una verdadera pasada.<\/div>\n<div class=\"MsoNormal\" style=\"text-align: justify;\"><\/div>\n<div class=\"MsoNormal\" style=\"text-align: justify;\">El\u00a0caminante nos trasmite con su mirada limpia el olor del campo mojado, el calor\u00a0de la tarde de primavera, la lluvia que llega de improviso, con rayos y\u00a0centellas, el aire que viene y que da la vuelta en un \u00e1rbol callado, la soledad\u00a0de los caminos y de los pueblos medio vac\u00edos, la canci\u00f3n del agua rebelde, el\u00a0juego de los p\u00e1jaros que se persiguen incansables, el latido de los trigales\u00a0verdes, la blancura de las ermitas bajo la luz de mayo, de los peirones y de\u00a0las tapias del peque\u00f1o cementerio, el movimiento de los girasoles con su pesada\u00a0cabeza, el silencio de las calles en penumbra, la quietud del cielo cuando\u00a0anochece, la frescura de los grandes patios aragoneses, el olor del ganado que\u00a0pasta en una ladera con hierba tierna, el aleteo de una hoja amarilla que se\u00a0lleva el viento como un suspiro, el relente de la noche de invierno, el hombre\u00a0que habla a un borrico que todo lo sabe y todo lo entiende, las conversaciones\u00a0de las mujeres que hacen sus labores y la alegr\u00eda de la vuelta por caminos<br \/>\nconocidos, con el coraz\u00f3n rebosante de luces, de sonidos y de colores.<\/div>\n<div class=\"MsoNormal\" style=\"text-align: justify;\"><\/div>\n<div class=\"MsoNormal\" style=\"text-align: justify;\">Pero\u00a0tras esta primera mirada, el caminante se sienta y busca nuevos brillos y\u00a0nuevos colores a sus recuerdos, en un pasatiempo y en una pasi\u00f3n que casi raya\u00a0lo \u00a0m\u00e1gico y lo sobrenatural. A Jos\u00e9 Luis\u00a0le gusta trabajar con el negativo digital, buscando nuevos colores y nuevos horizontes\u00a0escondidos. Los colores se estiran y se encogen como una goma. A Jos\u00e9 Luis\u00a0Molina no le importa mostrar su m\u00e9todo, su truco, su arte de birlibirloque. Muestra\u00a0la primera toma y el \u00faltimo retoque y entre los dos media la sabidur\u00eda de un\u00a0hombre enamorado de su tierra y de la fotograf\u00eda. Es como dice Jos\u00e9 Luis, una y\u00a0otra vez sin cansarse, una verdadera pasada.<\/div>\n","protected":false},"excerpt":{"rendered":"<p>&nbsp; Francisco Tobajas Gallego El\u00a0pasado d\u00eda 18 de diciembre, en el sal\u00f3n de actos de Bantierra de Calatayud,\u00a0tuvo lugar la presentaci\u00f3n del libro de fotograf\u00eda Miradas de caminante, de Jos\u00e9 Luis Molina Remacha, que ha sido editado\u00a0por el Centro de &hellip; <a href=\"https:\/\/cebilbilitanos.com\/?p=82\">Sigue leyendo <span class=\"meta-nav\">&rarr;<\/span><\/a><\/p>\n","protected":false},"author":1,"featured_media":0,"comment_status":"open","ping_status":"open","sticky":false,"template":"","format":"standard","meta":[],"categories":[23],"tags":[6,22,10,11],"_links":{"self":[{"href":"https:\/\/cebilbilitanos.com\/index.php?rest_route=\/wp\/v2\/posts\/82"}],"collection":[{"href":"https:\/\/cebilbilitanos.com\/index.php?rest_route=\/wp\/v2\/posts"}],"about":[{"href":"https:\/\/cebilbilitanos.com\/index.php?rest_route=\/wp\/v2\/types\/post"}],"author":[{"embeddable":true,"href":"https:\/\/cebilbilitanos.com\/index.php?rest_route=\/wp\/v2\/users\/1"}],"replies":[{"embeddable":true,"href":"https:\/\/cebilbilitanos.com\/index.php?rest_route=%2Fwp%2Fv2%2Fcomments&post=82"}],"version-history":[{"count":1,"href":"https:\/\/cebilbilitanos.com\/index.php?rest_route=\/wp\/v2\/posts\/82\/revisions"}],"predecessor-version":[{"id":83,"href":"https:\/\/cebilbilitanos.com\/index.php?rest_route=\/wp\/v2\/posts\/82\/revisions\/83"}],"wp:attachment":[{"href":"https:\/\/cebilbilitanos.com\/index.php?rest_route=%2Fwp%2Fv2%2Fmedia&parent=82"}],"wp:term":[{"taxonomy":"category","embeddable":true,"href":"https:\/\/cebilbilitanos.com\/index.php?rest_route=%2Fwp%2Fv2%2Fcategories&post=82"},{"taxonomy":"post_tag","embeddable":true,"href":"https:\/\/cebilbilitanos.com\/index.php?rest_route=%2Fwp%2Fv2%2Ftags&post=82"}],"curies":[{"name":"wp","href":"https:\/\/api.w.org\/{rel}","templated":true}]}}