{"id":80,"date":"2012-12-19T10:56:32","date_gmt":"2012-12-19T10:56:32","guid":{"rendered":"http:\/\/cebilbilitanos.com\/?p=80"},"modified":"2015-09-10T17:16:59","modified_gmt":"2015-09-10T17:16:59","slug":"80","status":"publish","type":"post","link":"https:\/\/cebilbilitanos.com\/?p=80","title":{"rendered":"La Comunidad de Aldeas de Calatayud en la Edad Media"},"content":{"rendered":"<div class=\"separator\" style=\"clear: both; text-align: center;\"><a style=\"margin-left: 1em; margin-right: 1em;\" href=\"http:\/\/3.bp.blogspot.com\/-K6f8IdlrY1k\/UNIk-SLHTHI\/AAAAAAAAAJ0\/NlcI1thcPjk\/s1600\/corral.JPG\"><img decoding=\"async\" loading=\"lazy\" src=\"http:\/\/3.bp.blogspot.com\/-K6f8IdlrY1k\/UNIk-SLHTHI\/AAAAAAAAAJ0\/NlcI1thcPjk\/s640\/corral.JPG\" alt=\"\" width=\"640\" height=\"480\" border=\"0\" \/><\/a><\/div>\n<div class=\"MsoNormal\" style=\"text-align: justify;\">Francisco Tobajas Gallego<\/div>\n<div class=\"MsoNormal\" style=\"text-align: justify;\"><\/div>\n<div class=\"MsoNormal\" style=\"text-align: justify;\">El\u00a0pasado 13 de diciembre tuvo lugar en el Sal\u00f3n de Actos de Bantierra de\u00a0Calatayud, la presentaci\u00f3n del libro <i>La Comunidad<\/i><i> de Aldeas de Calatayud en la\u00a0Edad Media<\/i>, de Jos\u00e9 Luis Corral\u00a0Lafuente. Este libro ha sido editado por el Centro de Estudios Bilbilitanos, de\u00a0la Instituci\u00f3n Fernando\u00a0el Cat\u00f3lico, en colaboraci\u00f3n con la Comunidad de Calatayud y la Diputaci\u00f3n Provincial\u00a0de Zaragoza.<\/div>\n<div class=\"MsoNormal\" style=\"text-align: justify;\"><\/div>\n<div class=\"MsoNormal\" style=\"text-align: justify;\">Este\u00a0libro es el estudio m\u00e1s completo publicado hasta el d\u00eda de hoy dedicado a la Comunidad de Aldeas, que\u00a0carec\u00eda de una monograf\u00eda que explicara su origen y sus estructuras pol\u00edticas y\u00a0administrativas, as\u00ed como sus \u00f3rganos de gobierno, sus estatutos y reglamentos.\u00a0Esta nueva publicaci\u00f3n tiene su origen en una investigaci\u00f3n que llev\u00f3 a cabo el\u00a0autor, junto a Mar\u00eda Jos\u00e9 S\u00e1nchez-Us\u00f3n, que se traslad\u00f3 a dos estudios\u00a0publicados en las actas del I Encuentro de Estudios Bilbilitanos, 1983,\u00a0dedicados a las Sesmas de la\u00a0Comunidad de Calatayud, como modelo de ordenaci\u00f3n territorial\u00a0en los siglos XV y XVI, y al Cat\u00e1logo del desaparecido archivo de la Comunidad de Calatayud,\u00a0que se conservaba en una sala anexa a la iglesia de San Miguel de Maluenda, al\u00a0menos hasta principios del siglo XIX.<\/div>\n<div class=\"MsoNormal\" style=\"text-align: justify;\"><\/div>\n<div class=\"MsoNormal\" style=\"text-align: justify;\">La Comunidad de Aldeas se\u00a0divid\u00eda en seis sesmas, que correspond\u00edan a los seis r\u00edos que la siguen surcando.\u00a0Sesma del r\u00edo Jiloca, sesma del r\u00edo de Miedes (por el Perejiles), sesma del r\u00edo\u00a0de la Ca\u00f1ada\u00a0(por el Ribota), sesma del r\u00edo Berdejo (por el Manubles), sesma del r\u00edo de\u00a0Ibdes (por el Piedra) y sesma del r\u00edo Jal\u00f3n.<\/div>\n<div class=\"MsoNormal\" style=\"text-align: justify;\"><\/div>\n<div class=\"MsoNormal\" style=\"text-align: justify;\">La\u00a0composici\u00f3n de este desaparecido archivo de la Comunidad, se conoce por\u00a0dos libros de registros que se conservan en el Archivo Municipal de Calatayud,\u00a0fechados en 1621 y 1672. El archivo de la Comunidad de Aldeas estaba ordenado en diez\u00a0secciones.<\/div>\n<div class=\"MsoNormal\" style=\"text-align: justify;\"><\/div>\n<div class=\"MsoNormal\" style=\"text-align: justify;\">En\u00a0el asedio de Bayona, Alfonso I concedi\u00f3 fuero a Calatayud en 1131, sobre el\u00a0cual, seg\u00fan Jos\u00e9 Luis Corral, falta un estudio profundo y completo del mismo.\u00a0As\u00ed el 26 de diciembre de 1131, el rey hizo donaci\u00f3n a la entonces villa de\u00a0Calatayud de un amplio territorio dentro de unos l\u00edmites, que estaba sujeto al\u00a0se\u00f1or\u00edo jurisdiccional de Calatayud, cuyo Concejo actu\u00f3 como un verdadero se\u00f1or\u00a0feudal. Para favorecer la repoblaci\u00f3n de aquellas tierras de frontera, el rey\u00a0concedi\u00f3 amplios privilegios, derechos y libertades a los pobladores,\u00a0ratificando la libertad y la igualdad de todos ellos, con libertad de culto y\u00a0de mercado, defendiendo radicalmente la propiedad privada.<\/div>\n<div class=\"MsoNormal\" style=\"text-align: justify;\"><\/div>\n<div class=\"MsoNormal\" style=\"text-align: justify;\">En\u00a01182 el Papa Lucio III, concedi\u00f3 una bula por la que adjudicaba el patronato de\u00a0las iglesias de Calatayud a las aldeas de su t\u00e9rmino, cuando a\u00fan no se hab\u00eda\u00a0constituido la Comunidad. Esta\u00a0concesi\u00f3n de las rentas de las iglesias de las aldeas a las parroquias de la\u00a0villa, fue germen de posteriores conflictos.<\/div>\n<div class=\"MsoNormal\" style=\"text-align: justify;\"><\/div>\n<div class=\"MsoNormal\" style=\"text-align: justify;\">La Comunidad de Aldeas no\u00a0naci\u00f3 con el fuero de Calatayud, sino un siglo m\u00e1s tarde, con la agrupaci\u00f3n de\u00a0varias aldeas, con la intenci\u00f3n de conseguir m\u00e1s autonom\u00eda de la villa de\u00a0Calatayud. El primer documento en el que aparece el t\u00e9rmino de Comunidad data\u00a0en 1251. El 20 de marzo de 1254 el rey Jaime I exim\u00eda a los hombres de las\u00a0aldeas de Calatayud el pago de \u00abcostas ni gastos, contribuciones ni servicios\u00a0con la ciudad de Calatayud, sino que sean en beneficio y utilidad de ellas\u00a0mismas\u00bb. Con ello les conced\u00eda una verdadera autonom\u00eda fiscal frente al Concejo\u00a0de la villa, del que hab\u00edan dependido hasta entonces. Y as\u00ed, entre 1255 y\u00a0principios del siglo XIV, las aldeas de la Comunidad fueron ganando poco a poco m\u00e1s\u00a0autonom\u00eda. En 1323 las aldeas ya estaban plenamente constituidas en Comunidad,\u00a0o sea, en una universidad aut\u00f3noma de realengo, ejerciendo una jurisdicci\u00f3n\u00a0plena, que mantendr\u00e1n hasta 1707, con la imposici\u00f3n de los Decretos de Nueva Planta.<\/div>\n<div class=\"MsoNormal\" style=\"text-align: justify;\"><\/div>\n<div class=\"MsoNormal\" style=\"text-align: justify;\">Calatayud\u00a0no quiso perder sus privilegios de dominio se\u00f1orial sobre sus aldeas y les sigui\u00f3\u00a0exigiendo el pago de impuestos. Pero el 13 de febrero de 1269, el rey Jaime I,\u00a0estando en Calatayud, concedi\u00f3 a los habitantes de las aldeas de la Comunidad que no pagasen\u00a0300 sueldos a los acreedores y escribanos de la villa, y que no contribuyeran a\u00a0los gastos que no fueran en beneficio\u00a0 de\u00a0la propia Comunidad. En septiembre de este mismo a\u00f1o de 1269, el infante don\u00a0Pedro confirmaba que la\u00a0Comunidad no ten\u00eda que contribuir a pagar los gastos de la\u00a0villa de Calatayud. En 1296 Jaime II declaraba que la Comunidad era libre para\u00a0tener t\u00e9rminos propios, usar sus pastos y poseer hornos, molinos, dehesas y\u00a0heredades.<\/div>\n<div class=\"MsoNormal\" style=\"text-align: justify;\"><\/div>\n<div class=\"MsoNormal\" style=\"text-align: justify;\">La Comunidad se gobernaba\u00a0por un concejo de oficiales, a modo de las grandes villas y ciudades del reino.\u00a0Para ser oficial de la\u00a0Comunidad de Aldeas de Calatayud deb\u00edan cumplir dos\u00a0condiciones: estar avencindado en alguna de las aldeas y ser pechero. En\u00a0octubre de 1439, la reina do\u00f1a Mar\u00eda a\u00f1adi\u00f3 dos condiciones m\u00e1s a las ya\u00a0apuntadas, como era acreditar que se hab\u00eda acudido a las casas de la Comunidad y a las juntas\u00a0o plegas celebradas en los dos \u00faltimos a\u00f1os, y tener su propia cabalgadura.<\/div>\n<div class=\"MsoNormal\" style=\"text-align: justify;\"><\/div>\n<div class=\"MsoNormal\" style=\"text-align: justify;\">El\u00a0oficial principal se llamaba Procurador General, cargo creado hacia 1250. Se\u00a0ayudaba de un alguacil, de un regidor de sesma y de varios comisarios. La Comunidad ten\u00eda tambi\u00e9n un\u00a0cuerpo propio de notarios. El Justicia de Calatayud fue el \u00fanico oficial que\u00a0conserv\u00f3 sus prerrogativas sobre las aldeas. Tanto Calatayud como las aldeas,\u00a0como lugares de realengo, manten\u00edan los oficiales reales, como el merino y el\u00a0baile.<\/div>\n<div class=\"MsoNormal\" style=\"text-align: justify;\"><\/div>\n<div class=\"MsoNormal\" style=\"text-align: justify;\">La Comunidad cobraba las\u00a0pechas a sus aldeas, a las que se les asignaba un n\u00famero de <i>puestas<\/i>. Cada <i>puesta<\/i> equival\u00eda a 16 vecinos. Las sisas eran impuestos sobre\u00a0comestibles. Tambi\u00e9n recaudaba de los terratenientes. La Comunidad tambi\u00e9n ten\u00eda\u00a0en alquiler algunas propiedades, disponiendo de censales e ingresos por\u00a0d\u00e9cimas, primicias y cuartos. Con todo ello la Comunidad hac\u00eda frente a\u00a0sus contribuciones, siendo la monarqu\u00eda la beneficiaria m\u00e1s importante.<\/div>\n<div class=\"MsoNormal\" style=\"text-align: justify;\"><\/div>\n<div class=\"MsoNormal\" style=\"text-align: justify;\">La\u00a0poblaci\u00f3n total de la \u00a0Comunidad de Calatayud debi\u00f3 oscilar entre los 25.000 y los\u00a030.000 habitantes en los siglos XIV y XV, con grandes oscilaciones a causa de\u00a0las pestes y las guerras. En el siglo XV s\u00f3lo hab\u00eda poblaci\u00f3n mud\u00e9jar en\u00a0Alhama, Terrer, Santos, Embid, Savi\u00f1\u00e1n y Paracuellos de la Ribera. En 1319 algunos\u00a0mud\u00e9jares de Savi\u00f1\u00e1n, cuya morer\u00eda era de se\u00f1or\u00edo, acudieron a repoblar el\u00a0lugar de Salillas. La morer\u00eda de Savi\u00f1\u00e1n perteneci\u00f3 a los condes de Luna, pero\u00a0en 1416 Alfonso V la don\u00f3 a Hernando de Sayas. La Comunidad la compr\u00f3 a su\u00a0viuda en 1434. En 1495 s\u00f3lo quedaban mud\u00e9jares en Terrer y Savi\u00f1\u00e1n.<\/div>\n<div class=\"MsoNormal\" style=\"text-align: justify;\"><\/div>\n<div class=\"MsoNormal\" style=\"text-align: justify;\">El\u00a0libro incluye un CD con un interesante ap\u00e9ndice documental.<\/div>\n<div class=\"MsoNormal\" style=\"text-align: justify;\"><\/div>\n<div class=\"MsoNormal\" style=\"text-align: justify;\">Jos\u00e9\u00a0Luis Corral propuso a las autoridades all\u00ed presentes, como\u00a0 colof\u00f3n a la conmemoraci\u00f3n del Sexto\u00a0Centenario del Compromiso de Caspe, la celebraci\u00f3n de un acto en Calatayud,\u00a0donde tuvo lugar una primera reuni\u00f3n, que m\u00e1s tarde dar\u00eda lugar a la Concordia de Alca\u00f1iz y culminar\u00eda\u00a0con el Compromiso de Caspe de 1412. El profesor Corral tambi\u00e9n consider\u00f3 la\u00a0necesidad de reescribir la historia de Calatayud, a la luz de los nuevos\u00a0conocimientos, propuesta que ya dej\u00f3 caer en la presentaci\u00f3n de las actas del\u00a0VIII Encuentro de Estudios Bilbilitanos.<\/div>\n","protected":false},"excerpt":{"rendered":"<p>Francisco Tobajas Gallego El\u00a0pasado 13 de diciembre tuvo lugar en el Sal\u00f3n de Actos de Bantierra de\u00a0Calatayud, la presentaci\u00f3n del libro La Comunidad de Aldeas de Calatayud en la\u00a0Edad Media, de Jos\u00e9 Luis Corral\u00a0Lafuente. Este libro ha sido editado por &hellip; <a href=\"https:\/\/cebilbilitanos.com\/?p=80\">Sigue leyendo <span class=\"meta-nav\">&rarr;<\/span><\/a><\/p>\n","protected":false},"author":1,"featured_media":0,"comment_status":"open","ping_status":"open","sticky":false,"template":"","format":"standard","meta":[],"categories":[23],"tags":[6,8,17,10,11],"_links":{"self":[{"href":"https:\/\/cebilbilitanos.com\/index.php?rest_route=\/wp\/v2\/posts\/80"}],"collection":[{"href":"https:\/\/cebilbilitanos.com\/index.php?rest_route=\/wp\/v2\/posts"}],"about":[{"href":"https:\/\/cebilbilitanos.com\/index.php?rest_route=\/wp\/v2\/types\/post"}],"author":[{"embeddable":true,"href":"https:\/\/cebilbilitanos.com\/index.php?rest_route=\/wp\/v2\/users\/1"}],"replies":[{"embeddable":true,"href":"https:\/\/cebilbilitanos.com\/index.php?rest_route=%2Fwp%2Fv2%2Fcomments&post=80"}],"version-history":[{"count":2,"href":"https:\/\/cebilbilitanos.com\/index.php?rest_route=\/wp\/v2\/posts\/80\/revisions"}],"predecessor-version":[{"id":86,"href":"https:\/\/cebilbilitanos.com\/index.php?rest_route=\/wp\/v2\/posts\/80\/revisions\/86"}],"wp:attachment":[{"href":"https:\/\/cebilbilitanos.com\/index.php?rest_route=%2Fwp%2Fv2%2Fmedia&parent=80"}],"wp:term":[{"taxonomy":"category","embeddable":true,"href":"https:\/\/cebilbilitanos.com\/index.php?rest_route=%2Fwp%2Fv2%2Fcategories&post=80"},{"taxonomy":"post_tag","embeddable":true,"href":"https:\/\/cebilbilitanos.com\/index.php?rest_route=%2Fwp%2Fv2%2Ftags&post=80"}],"curies":[{"name":"wp","href":"https:\/\/api.w.org\/{rel}","templated":true}]}}