{"id":72,"date":"2012-11-07T10:36:15","date_gmt":"2012-11-07T10:36:15","guid":{"rendered":"http:\/\/cebilbilitanos.com\/?p=72"},"modified":"2015-09-10T17:18:03","modified_gmt":"2015-09-10T17:18:03","slug":"la-colegiata-de-santa-maria-de-calatayud-documentos-y-restauracion","status":"publish","type":"post","link":"https:\/\/cebilbilitanos.com\/?p=72","title":{"rendered":"La Colegiata de Santa Mar\u00eda de Calatayud. Documentos y restauraci\u00f3n"},"content":{"rendered":"<div class=\"MsoNormal\" style=\"text-align: left;\">FRANCISCO TOBAJAS GALLEGO<\/div>\n<div class=\"MsoNormal\"><\/div>\n<div class=\"MsoNormal\" style=\"text-align: justify;\">El\u00a0pasado 26 de octubre se presentaron en Calatayud dos libros complementarios\u00a0dedicados a la Colegiata\u00a0de Santa Mar\u00eda de Calatayud y editados por el Centro de Estudios Bilbilitanos.\u00a0Uno de ellos se centra en la portada de la Colegiata, recientemente restaurada a instancias\u00a0del Departamento de Educaci\u00f3n, Cultura y Deporte del Gobierno de Arag\u00f3n. El\u00a0otro libro recoge numerosos documentos hallados en diferentes archivos\u00a0bilbilitanos, aragoneses y estatales, relacionados con la misma Colegiata de\u00a0Santa Mar\u00eda. En ellos participan el arquitecto Fernando Alegre Arbu\u00e9s y el\u00a0historiador del arte Javier Ib\u00e1\u00f1ez Fern\u00e1ndez.<\/div>\n<div class=\"MsoNormal\" style=\"text-align: justify;\"><\/div>\n<div class=\"MsoNormal\" style=\"text-align: justify;\">Como\u00a0bien explican los responsables, el Plan Director para la Restauraci\u00f3n de la Colegiata de Santa\u00a0Mar\u00eda, Revisi\u00f3n y Actualizaci\u00f3n, que hab\u00eda sido encargado por el Gobierno de\u00a0Arag\u00f3n en el a\u00f1o 2010, ha\u00a0exigido realizar un estudio art\u00edstico del monumento, con\u00a0 su levantamiento planim\u00e9trico completo. Este Plan\u00a0supone el inicio de un largo proceso que ha de fijar las sucesivas\u00a0intervenciones de conservaci\u00f3n y restauraci\u00f3n que se han de llevar a cabo en la Colegiata durante la\u00a0pr\u00f3xima d\u00e9cada.<\/div>\n<div class=\"MsoNormal\" style=\"text-align: justify;\"><\/div>\n<div class=\"MsoNormal\" style=\"text-align: justify;\">El\u00a0abad de Santa Mar\u00eda, Jes\u00fas Vicente Bueno, se\u00f1al\u00f3 que la Colegiata de Calatayud\u00a0estaba de moda. De un tiempo a esta parte todos los especialistas estaban\u00a0interesados en ella. Y a\u00f1adi\u00f3 una bella imagen muy ilustrativa. Compar\u00f3 a la Colegiata con un pozo\u00a0lleno de agua. Cada uno que llegaba sediento de saber o de conocimiento, sea el\u00a0que fuera, lanzaba el cubo con la cuerda y sacaba del fondo del pozo lo que le\u00a0interesaba. Esta vez la curiosidad y el trabajo de dos especialistas nos han\u00a0proporcionado dos libros fundamentales para conocer el delicado y siempre complicado\u00a0devenir de este antiguo edificio bilbilitano.<\/div>\n<div class=\"MsoNormal\" style=\"text-align: justify;\"><\/div>\n<div class=\"separator\" style=\"clear: both; text-align: center;\"><a style=\"margin-left: 1em; margin-right: 1em;\" href=\"http:\/\/1.bp.blogspot.com\/-5pnSve8mruo\/UJoiGJL7TGI\/AAAAAAAAIoY\/BO3_kITj7OM\/s1600\/COLEGIATA.JPG\"><img decoding=\"async\" loading=\"lazy\" src=\"http:\/\/1.bp.blogspot.com\/-5pnSve8mruo\/UJoiGJL7TGI\/AAAAAAAAIoY\/BO3_kITj7OM\/s640\/COLEGIATA.JPG\" alt=\"\" width=\"640\" height=\"480\" border=\"0\" \/><\/a><\/div>\n<div class=\"MsoNormal\" style=\"text-align: justify;\"><\/div>\n<div class=\"MsoNormal\" style=\"text-align: justify;\">Desde\u00a0antiguo se ha cre\u00eddo que la\u00a0Colegiata de Santa Mar\u00eda ocupaba el antiguo solar de la\u00a0mezquita musulmana, pero en las excavaciones llevadas a cabo en el claustro en\u00a0el a\u00f1o 2000, con la intenci\u00f3n de dedicarlo a museo, y en las m\u00e1s recientes\u00a0llevadas a cabo en el interior, no han aparecido restos significativos de la\u00a0\u00e9poca isl\u00e1mica, por lo que se piensa que la mezquita mayor de la ciudad ser\u00eda\u00a0ocupada por la iglesia de San Juan de Vallupi\u00e9, desaparecida.<\/div>\n<div class=\"MsoNormal\" style=\"text-align: justify;\"><\/div>\n<div class=\"MsoNormal\" style=\"text-align: justify;\">La\u00a0iglesia de Santa Mar\u00eda fue consagrada en 1249 y en 1253 el obispo Garc\u00eda\u00a0Front\u00edn le asign\u00f3 las familias nobles de la ciudad, como parroquia principal o\u00a0mayor. De comienzos del siglo XV datan los vestigios m\u00e1s antiguos, como son el\u00a0claustro, el cuerpo inferior del \u00e1bside y los dos primeros m\u00f3dulos de la torre.\u00a0En el claustro se fund\u00f3 una c\u00e1tedra de Teolog\u00eda, que dot\u00f3 con una biblioteca el\u00a0caballero bilbilitano Miguel S\u00e1nchez de Algarab\u00ed en 1412. El Papa Luna confirm\u00f3\u00a0esta c\u00e1tedra, fundando en 1415 el Estudio General de Calatayud, clausurado en\u00a01418. Estas circunstancias que relacionan la construcci\u00f3n del claustro con el\u00a0Papa Luna, han hecho pensar en la intervenci\u00f3n de su maestro de obras Mahoma\u00a0Rami.<\/div>\n<div class=\"MsoNormal\" style=\"text-align: justify;\"><\/div>\n<div class=\"MsoNormal\" style=\"text-align: justify;\">El\u00a013 de septiembre de 1524 hizo su entrada triunfal en Calatayud el nuevo obispo\u00a0de Tarazona, Gabriel de Ort\u00ed, acompa\u00f1ado por el de\u00e1n de Tudela y Calatayud,\u00a0Pedro Villal\u00f3n. Y el 5 de febrero de 1525, el de\u00e1n de Santa Mar\u00eda, Pedro\u00a0Villal\u00f3n de Calcena, y el cabildo, contrataron la nueva portada del templo con\u00a0Juan de Talavera, maestro de canter\u00eda, y con Esteban de Obray, franc\u00e9s. Al\u00a0parecer las obras se fueron retrasando y no finalizaron en 1527, como se hab\u00eda\u00a0calculado en un primer momento. En 1531 y 1532 Juan de Talavera y Esteban de\u00a0Obray todav\u00eda segu\u00edan en Calatayud, lo que hace pensar que el encargo no\u00a0estuviera a\u00fan terminado.<\/div>\n<div class=\"MsoNormal\" style=\"text-align: justify;\"><\/div>\n<div class=\"MsoNormal\" style=\"text-align: justify;\">Javier\u00a0Ib\u00e1\u00f1ez se\u00f1ala que la portada de Santa Mar\u00eda ser\u00eda definida por Vicente de la Fuente y por Jos\u00e9 Mar\u00eda Quadrado\u00a0como plateresca. Este adjetivo alud\u00eda entonces, fundamentalmente, \u00aba la\u00a0decoraci\u00f3n caprichosa e irracional de corte anticuario aplicada a los edificios\u00a0levantados en Espa\u00f1a durante los primeros compases del Quinientos siguiendo, en\u00a0exclusiva, la fantas\u00eda del art\u00edfice\u00bb. Y contin\u00faa: \u00abEl problema es que, con el\u00a0tiempo, querr\u00eda descubrirse una cierta est\u00e9tica orientalizante \u2013isl\u00e1mica- en el\u00a0ritmo con el que se manejaban esos motivos, y la llamada <i>Mud\u00e9jar fallacy<\/i>, terminar\u00eda convirtiendo el plateresco en un\u00a0fen\u00f3meno estrictamente hispano\u00bb, pasando por alto lo sucedido en Lombard\u00eda y\u00a0Normand\u00eda, de donde llegaron artistas como Esteban de Obray, \u00abque lograron\u00a0introducir en la Pen\u00ednsula Ib\u00e9rica\u00a0una interesante s\u00edntesis decorativa nacida de la interpretaci\u00f3n del nuevo\u00a0lenguaje ornamental llegado desde Italia, su fusi\u00f3n con motivos de repertorios\u00a0diferentes y su combinaci\u00f3n conforme a ritmos compositivos, sistemas e\u00a0interpretaci\u00f3n propias del g\u00f3tico flam\u00edgero, que ser\u00eda perfectamente reconocida\u00a0por sus contempor\u00e1neos, tanto en el propio territorio franc\u00e9s, como a este lado\u00a0de los Pirineos, y cuyo peso en la configuraci\u00f3n del hiperdecorativismo que\u00a0terminar\u00eda consider\u00e1ndose propio, caracter\u00edstico \u2013definidor- de la arquitectura\u00a0espa\u00f1ola del primer Quinientos parece haber sido bastante mayor de lo que se ha\u00a0venido considerando hasta ahora\u00bb.<\/div>\n<div class=\"MsoNormal\" style=\"text-align: justify;\"><\/div>\n<div class=\"MsoNormal\" style=\"text-align: justify;\">Entre\u00a01531 y 1538 no se ha podido conocer ninguna informaci\u00f3n sobre el edificio, pero\u00a0los restos conservados hacen pensar en una importante reforma en la cabecera.\u00a0El obispo Pedro Cerbuna llev\u00f3 a cabo algunas mejoras para la Colegiata. La torre medieval de\u00a0dos m\u00f3dulos debi\u00f3 recrecerse a finales del siglo XV, como consecuencia del\u00a0recrecimiento del \u00e1bside y la reforma de la capilla mayor.<\/div>\n<div class=\"MsoNormal\" style=\"text-align: justify;\"><\/div>\n<div class=\"MsoNormal\" style=\"text-align: justify;\">Desde\u00a01591 a\u00a01788 se echan en falta los Libros de actas capitulares de la Colegiata. Tampoco\u00a0el Archivo de Protocolos Notariales de Calatayud guarda ning\u00fan documento que\u00a0recoja las obras desarrolladas a lo largo de estos casi dos siglos. La\u00a0construcci\u00f3n del nuevo templo, de planta de sal\u00f3n, bien pudo comenzar a finales\u00a0del XVI, pero no se concluir\u00eda hasta 1616, fecha en la que debi\u00f3 contratarse el\u00a0retablo mayor. Para solemnizar el fin de las obras, el de\u00e1n Domingo Gordo\u00a0celebr\u00f3 una misa de pontifical en 1617, lo que desatar\u00eda una airada reacci\u00f3n\u00a0del obispo de Tarazona, Mart\u00edn Terrer de Valenzuela, que llegar\u00eda a excomulgarle\u00a0y exigirle que compareciese en Tarazona, seg\u00fan cuenta Vicente de la Fuente en su <i>Historia de Calatayud<\/i>.<\/div>\n<div class=\"MsoNormal\" style=\"text-align: justify;\"><\/div>\n<div class=\"MsoNormal\" style=\"text-align: justify;\">Se\u00a0conoce un listado de parroquianos de Santa Mar\u00eda elaborado en 1603. Algunos de\u00a0ellos eran profesionales de la construcci\u00f3n, aunque no se puede precisar si\u00a0tomaron parte en las obras de la Colegiata.\u00a0Entre ellos aparece Gaspar de Villaverde, que quiz\u00e1 estuviera\u00a0al cargo de las obras de este templo, aunque se tiene constancia cierta que\u00a0trabaj\u00f3 en la iglesia de dominicas, demolida en 1973, y en la Colegiata del Santo\u00a0Sepulcro.<\/div>\n<div class=\"MsoNormal\" style=\"text-align: justify;\"><\/div>\n<div class=\"MsoNormal\" style=\"text-align: justify;\">Al\u00a0parecer, los dos \u00faltimos cuerpos de la torre fueron realizados a finales del\u00a0siglo XVII, a\u00f1os despu\u00e9s de la conclusi\u00f3n de las obras del templo. Tal vez estos\u00a0trabajos coincidieran con la reforma del campanario de la Seo de Zaragoza y su chapitel,\u00a0en forma de bulbo, realizado por varios profesionales madrile\u00f1os en 1703, pudo\u00a0servir de inspiraci\u00f3n para el de la Colegiata de Santa Mar\u00eda. De este mismo siglo\u00a0data el coro con la siller\u00eda, que luce la fecha de 1686. Tambi\u00e9n se construy\u00f3\u00a0una peque\u00f1a capilla en el claustro y la sala capitular nueva.<\/div>\n<div class=\"MsoNormal\" style=\"text-align: justify;\"><\/div>\n<div class=\"MsoNormal\" style=\"text-align: justify;\">El\u00a0\u00f3rgano de la Colegiata\u00a0se contrat\u00f3 con el maestro Silvestre Tom\u00e1s en 1762. En este siglo XVIII se\u00a0construyeron tambi\u00e9n varios retablos y la sacrist\u00eda, que acoger\u00eda el archivo en\u00a0el piso superior.<\/div>\n<div class=\"MsoNormal\" style=\"text-align: justify;\"><\/div>\n<div class=\"MsoNormal\" style=\"text-align: justify;\">En\u00a0la reuni\u00f3n capitular celebrada el 6 de junio de 1788, el prior se\u00f1al\u00f3 que hab\u00eda\u00a0constatado \u00abalgunos deterioros y ruinas\u00bb en el p\u00f3rtico. En octubre se present\u00f3\u00a0un plan y se orden\u00f3 llevar a cabo los c\u00e1lculos econ\u00f3micos de la obra, que\u00a0present\u00f3 el can\u00f3nigo Mart\u00edn el 7 de noviembre. Los can\u00f3nigos decidieron llevar\u00a0adelante el proyecto para \u00abguardar y defender la fachada y portada de piedra\u00bb.\u00a0No se sabe si este proyecto se llev\u00f3 a cabo, pues no se levant\u00f3 el contrafuerte\u00a0que el can\u00f3nigo quer\u00eda levantar a la derecha del vano de acceso.<\/div>\n<div class=\"MsoNormal\" style=\"text-align: justify;\"><\/div>\n<div class=\"MsoNormal\" style=\"text-align: justify;\">A\u00a0mediados del siglo XIX la\u00a0Colegiata deb\u00eda presentar un estado preocupante, pues en 1850\u00a0Juan Vargas realiz\u00f3 una visura y otra un a\u00f1o m\u00e1s tarde, a cargo de Federico\u00a0Varela, autor de un informe que se\u00f1alaba la mala situaci\u00f3n de la portada de\u00a0alabastro, de la fachada del claustro hacia la calle de los Amparados, de la\u00a0b\u00f3veda del presbiterio, de la casa del campanero, del tejado y del techo de la\u00a0sacrist\u00eda de la capilla del Bautista. Como el cabildo no pod\u00eda hacerse cargo\u00a0del presupuesto de la obra, se dirigieron al obispo, que no debi\u00f3 tomar ninguna\u00a0medida, pues el cabildo, apoyado esta vez por el Ayuntamiento, volvi\u00f3 a\u00a0escribirle a finales de octubre de ese mismo a\u00f1o, debido \u00abal estado ruinoso y\u00a0amenazador de la media naranja y c\u00fapula de dicha iglesia\u00bb.<\/div>\n<div class=\"MsoNormal\" style=\"text-align: justify;\"><\/div>\n<div class=\"MsoNormal\" style=\"text-align: justify;\">Para\u00a0restaurar el templo y su portada fue seleccionado Juan Vargas, que realiz\u00f3 otro\u00a0informe el 19 de noviembre de 1851, que se\u00f1alaba una serie de problemas que a\u00fan\u00a0resultan perceptibles hoy en d\u00eda. El presupuesto ascend\u00eda a 21.553 reales de\u00a0vell\u00f3n. La propuesta fue aceptada por el gobierno de Isabel II a comienzos de\u00a01852, inici\u00e1ndose las obras casi de inmediato. Mariano Blasco redact\u00f3 en 1861\u00a0un cuidado presupuesto, con el que llev\u00f3 a cabo unas importantes obras estructurales,\u00a0como el recalce de la torre con piedra sillar y f\u00e1brica de ladrillo, la reforma\u00a0de todas las cubiertas, el arreglo y retejado de todas las capillas y otros\u00a0edificios anexos, como el claustro, la construcci\u00f3n de los recibos de la pared\u00a0exterior de la capilla de San Jos\u00e9 y el arreglo del tejadoz de la portada,\u00a0ultimadas a principios de marzo de 1863.<\/div>\n<div class=\"MsoNormal\" style=\"text-align: justify;\"><\/div>\n<div class=\"MsoNormal\" style=\"text-align: justify;\">Vicente\u00a0de la Fuente\u00a0public\u00f3 un art\u00edculo en el <i>Semanario\u00a0pintoresco espa\u00f1ol<\/i> el 30 de abril de 1843, haci\u00e9ndose eco del mal estado de\u00a0la portada. Federico Varela en su informe de 1851se\u00f1alaba igualmente que las\u00a0piezas de alabastro se hab\u00edan separado del muro y amenazaban con desprenderse,\u00a0defendiendo su restauraci\u00f3n \u00abpor su antig\u00fcedad y gran m\u00e9rito art\u00edstico\u00bb. El\u00a0largo proceso para su restauraci\u00f3n se inici\u00f3 con la redacci\u00f3n de un informe\u00a0hist\u00f3rico-art\u00edstico por Vicente de la\u00a0Fuente, que fech\u00f3 en Madrid en octubre de 1876. Lo acompa\u00f1aba\u00a0una fotograf\u00eda de Laurent fechada en 1863. El informe se present\u00f3 en la Academia de la Historia el 3 de\u00a0noviembre de ese mismo a\u00f1o. Los acad\u00e9micos elevaron una exposici\u00f3n al gobierno\u00a0y escribieron a la Real Academia\u00a0de Bellas Artes de San Fernando seis d\u00edas despu\u00e9s. Los acad\u00e9micos de la Historia elevaron el\u00a0correspondiente informe al Ministerio de Fomento el 14 de noviembre. Pero pasado\u00a0poco m\u00e1s de un a\u00f1o, el p\u00e1rroco de Santa Mar\u00eda se dirigi\u00f3 de nuevo al obispo de\u00a0Tarazona, el 22 de noviembre de 1877, mostrando su inquietud por la falta de\u00a0noticias. Al no dar ning\u00fan resultado sus esfuerzos, los acad\u00e9micos de la Historia decidieron\u00a0entonces iniciar un proceso para obtener la declaraci\u00f3n de Monumento Nacional\u00a0para la Colegiata\u00a0el 25 de abril de 1884. El 10 de mayo elevaron un oficio al Ministerio de\u00a0Fomento, al que acompa\u00f1aba una vista fotogr\u00e1fica, quiz\u00e1 la misma de Laurent. La\u00a0concesi\u00f3n fue casi inmediata, pues el director general de la Instrucci\u00f3n P\u00fablica\u00a0la comunic\u00f3 el 14 de junio de 1884, advirtiendo que la conservaci\u00f3n y custodia\u00a0del templo pasaban a depender desde entonces de la Comisi\u00f3n Provincial\u00a0de Monumentos Hist\u00f3ricos y Art\u00edsticos de Zaragoza e informando de la voluntad\u00a0del gobierno de iniciar la restauraci\u00f3n de la portada de la Colegiata a trav\u00e9s de la Direcci\u00f3n General\u00a0de Obras P\u00fablicas.<\/div>\n<div class=\"MsoNormal\" style=\"text-align: justify;\"><\/div>\n<div class=\"MsoNormal\" style=\"text-align: justify;\">As\u00ed\u00a0el 26 de julio de 1886 el arquitecto Mariano L\u00f3pez firmaba en Zaragoza el proyecto\u00a0de restauraci\u00f3n. Los planos y dibujos de este arquitecto se perdieron, lo que\u00a0oblig\u00f3 a Ricardo Magdalena a levantar nuevos planos, al retomar el proyecto en\u00a0diciembre de 1901. Pero las obras autorizadas mediante Real Decreto de 16 de\u00a0agosto de 1888, con un presupuesto de 43.000 pesetas, se suspendieron poco\u00a0despu\u00e9s con la disoluci\u00f3n de la\u00a0Junta de obras, ordenada por Real Decreto del primero de\u00a0septiembre de 1889. Por ello el p\u00e1rroco exigi\u00f3 al Ministerio de Fomento la\u00a0reanudaci\u00f3n de los trabajos, pues s\u00f3lo se hab\u00edan invertido 2.500 pesetas. La\u00a0nueva Junta de obras, presidida por F\u00e9lix Sanz de Larrea, comenz\u00f3 a desarrollar\u00a0sus funciones el 28 de noviembre de 1894. Entonces ya hab\u00eda fallecido Mariano\u00a0L\u00f3pez, pasando a dirigir las obras Ricardo Magdalena. El nombramiento de\u00a0Gabriel Maura como diputado por el distrito de Calatayud, facilit\u00f3 la llegada\u00a0de los fondos necesarios para retomar los trabajos, que tuvieron lugar desde 1905 a 1911. En 1910\u00a0fallecer\u00eda Magdalena, siendo sustituido por Ram\u00f3n Salas.<\/div>\n<div class=\"MsoNormal\" style=\"text-align: justify;\"><\/div>\n<div class=\"MsoNormal\" style=\"text-align: justify;\">Por\u00a0entonces las puertas del templo se enviaron al taller de Hermenegildo Sarte de\u00a0Zaragoza, que falleci\u00f3 con el trabajo comenzado. El cardenal Soldevilla confi\u00f3\u00a0los trabajos al taller religioso dirigido por Jorge Alvareda, que comenz\u00f3 a\u00a0trabajar con el consentimiento de Ram\u00f3n Salas y los fondos necesarios, que hab\u00eda\u00a0gestionado ante el gobierno Antonio Bardaj\u00ed. En ellas trabajaron Jos\u00e9 y Joaqu\u00edn\u00a0Albareda, hijos de Jorge, y el maestro carpintero Rufino Oliv\u00e1n. Por entonces\u00a0se encomend\u00f3 la redacci\u00f3n de un nuevo proyecto de restauraci\u00f3n al arquitecto\u00a0Teodoro R\u00edos. La restauraci\u00f3n de la portada y de los batientes de madera se\u00a0hab\u00eda terminado en 1926, pero se esper\u00f3 a 1927, fecha que se cre\u00eda que el\u00a0monumento cumpl\u00eda el cuarto centenario. La inauguraci\u00f3n se llev\u00f3 a cabo el 8 de\u00a0agosto de 1927, con la presencia del general Primo de Rivera. Para dar m\u00e1s\u00a0vistosidad al acto se desmont\u00f3 la verja.<\/div>\n<div class=\"MsoNormal\" style=\"text-align: justify;\"><\/div>\n<div class=\"MsoNormal\" style=\"text-align: justify;\">En\u00a01901 Mariano Blasco firm\u00f3 un proyecto para la reparaci\u00f3n del chapitel de la\u00a0torre, con un andamio espectacular que deb\u00eda anclarse en la misma torre, \u00aben el\u00a0piso que llaman de las matracas\u00bb. En 1909 se abord\u00f3 la restauraci\u00f3n del\u00a0claustro.<\/div>\n<div class=\"MsoNormal\" style=\"text-align: justify;\"><\/div>\n<div class=\"MsoNormal\" style=\"text-align: justify;\">En\u00a0octubre de 1940 Manuel Lorente inspeccion\u00f3 el monumento descubriendo que hab\u00eda\u00a0sufrido importantes \u00abasientos o movimientos\u00bb, debidos a la mala calidad del\u00a0terreno y el insuficiente contraresto de los empujes. En 1942 redact\u00f3 un plan\u00a0en el que se contemplaba el atirantamiento completo de las naves, mediante\u00a0\u00abtensores de varilla de hierro roscados en los extremos\u00bb y la inyecci\u00f3n de\u00a0mortero de cemento en las grietas. Se incluy\u00f3 un interesante anexo fotogr\u00e1fico,\u00a0que recog\u00eda los problemas m\u00e1s preocupantes de la f\u00e1brica en ese momento. En\u00a01950 redact\u00f3 otro informe para intervenir en las cubiertas de la nave central,\u00a0incluyendo fotograf\u00edas y dos croquis.<\/div>\n<div class=\"MsoNormal\" style=\"text-align: justify;\"><\/div>\n<div class=\"MsoNormal\" style=\"text-align: justify;\">La Direcci\u00f3n General\u00a0de Bellas Artes acometer\u00eda varias actuaciones llevadas a cabo en la Colegiata entre mediados\u00a0de los a\u00f1os sesenta y comienzos de los ochenta, que ser\u00edan proyectadas y\u00a0dirigidas por el arquitecto Rafael M\u00e9lida. Entonces se demoli\u00f3 la casa del\u00a0sacrist\u00e1n, se restaur\u00f3 el \u00e1bside y se reformaron las cubiertas. Mientras tanto la Direcci\u00f3n General\u00a0de Arquitectura actuaba en el claustro, con humedades e inseguridad\u00a0estructural, con un proyecto redactado en 1966 por Ramiro Moya, que tambi\u00e9n\u00a0reparar\u00eda el basamento exterior de la torre.<\/div>\n<div class=\"MsoNormal\" style=\"text-align: justify;\"><\/div>\n<div class=\"MsoNormal\" style=\"text-align: justify;\">En\u00a01968 se restaur\u00f3 el \u00e1bside, que incluy\u00f3 un recalce superficial corrido de\u00a0hormig\u00f3n, y un empresillado del basamento mediante pilares empotrados de\u00a0hormig\u00f3n armado encadenados con un zuncho de hierro. Tras esta operaci\u00f3n\u00a0aparecieron unas grietas, que oblig\u00f3 a llevar a cabo una nueva restauraci\u00f3n\u00a0diez a\u00f1os m\u00e1s tarde.<\/div>\n<div class=\"MsoNormal\" style=\"text-align: justify;\"><\/div>\n<div class=\"MsoNormal\" style=\"text-align: justify;\">En\u00a01986 una fuga de agua ocasion\u00f3 graves da\u00f1os en el claustro, por ello el\u00a0Gobierno de Arag\u00f3n, con las competencias ya transferidas, envi\u00f3 al arquitecto\u00a0Francisco S\u00e1nchez que redact\u00f3 un informe en el que describ\u00eda las lesiones\u00a0producidas. Una nueva aver\u00eda en la red de aguas afect\u00f3 a otra parte del\u00a0claustro y en esta ocasi\u00f3n Francisco Javier Pe\u00f1a elabor\u00f3 un proyecto que\u00a0present\u00f3 en 1998, encargado por el Departamento de Educaci\u00f3n y Cultura del\u00a0Gobierno de Arag\u00f3n. Este Departamento encarg\u00f3 un nuevo proyecto para la\u00a0restauraci\u00f3n del claustro al arquitecto Jos\u00e9 Francisco Yusta, que present\u00f3 en\u00a0el a\u00f1o 1999, coincidiendo con la elaboraci\u00f3n del Plan Director para la\u00a0restauraci\u00f3n de la Colegiata\u00a0de Santa Mar\u00eda de Calatayud. Yusta present\u00f3 el proyecto de reforma interior del\u00a0claustro en el a\u00f1o 2000, para acondicionar el piso bajo como Museo de la Colegiata, as\u00ed como la\u00a0restauraci\u00f3n de la torre.<\/div>\n<div class=\"MsoNormal\" style=\"text-align: justify;\"><\/div>\n<div class=\"MsoNormal\" style=\"text-align: justify;\">La Direcci\u00f3n General\u00a0de Patrimonio del Gobierno de Arag\u00f3n aprob\u00f3 la Revisi\u00f3n y Actualizaci\u00f3n\u00a0del Plan Director, encargando el trabajo al arquitecto J. Fernando Alegre, que\u00a0ha dirigido con toda urgencia la restauraci\u00f3n del arco toral oriental,\u00a0prestando atenci\u00f3n especial al control de humedades, proyectando la actuaci\u00f3n\u00a0estructural sobre la zona del crucero. Por su parte la Direcci\u00f3n General\u00a0de Bellas Artes del Ministerio de Cultura promueve un estudio previo para la\u00a0restauraci\u00f3n del retablo mayor, incluyendo un an\u00e1lisis de las cimentaciones y\u00a0de la estructura de la cabecera.<\/div>\n<div class=\"MsoNormal\" style=\"text-align: justify;\"><\/div>\n<div class=\"MsoNormal\" style=\"text-align: justify;\">Una\u00a0vez terminados estos trabajos se estudiaran los problemas del \u00e1bside, que ya se\u00a0vienen arrastrando desde las obras llevadas a cabo en 1968.<\/div>\n","protected":false},"excerpt":{"rendered":"<p>FRANCISCO TOBAJAS GALLEGO El\u00a0pasado 26 de octubre se presentaron en Calatayud dos libros complementarios\u00a0dedicados a la Colegiata\u00a0de Santa Mar\u00eda de Calatayud y editados por el Centro de Estudios Bilbilitanos.\u00a0Uno de ellos se centra en la portada de la Colegiata, recientemente &hellip; <a href=\"https:\/\/cebilbilitanos.com\/?p=72\">Sigue leyendo <span class=\"meta-nav\">&rarr;<\/span><\/a><\/p>\n","protected":false},"author":1,"featured_media":0,"comment_status":"open","ping_status":"open","sticky":false,"template":"","format":"standard","meta":[],"categories":[23],"tags":[6,19,14,12,17,15,16,10,11],"_links":{"self":[{"href":"https:\/\/cebilbilitanos.com\/index.php?rest_route=\/wp\/v2\/posts\/72"}],"collection":[{"href":"https:\/\/cebilbilitanos.com\/index.php?rest_route=\/wp\/v2\/posts"}],"about":[{"href":"https:\/\/cebilbilitanos.com\/index.php?rest_route=\/wp\/v2\/types\/post"}],"author":[{"embeddable":true,"href":"https:\/\/cebilbilitanos.com\/index.php?rest_route=\/wp\/v2\/users\/1"}],"replies":[{"embeddable":true,"href":"https:\/\/cebilbilitanos.com\/index.php?rest_route=%2Fwp%2Fv2%2Fcomments&post=72"}],"version-history":[{"count":3,"href":"https:\/\/cebilbilitanos.com\/index.php?rest_route=\/wp\/v2\/posts\/72\/revisions"}],"predecessor-version":[{"id":75,"href":"https:\/\/cebilbilitanos.com\/index.php?rest_route=\/wp\/v2\/posts\/72\/revisions\/75"}],"wp:attachment":[{"href":"https:\/\/cebilbilitanos.com\/index.php?rest_route=%2Fwp%2Fv2%2Fmedia&parent=72"}],"wp:term":[{"taxonomy":"category","embeddable":true,"href":"https:\/\/cebilbilitanos.com\/index.php?rest_route=%2Fwp%2Fv2%2Fcategories&post=72"},{"taxonomy":"post_tag","embeddable":true,"href":"https:\/\/cebilbilitanos.com\/index.php?rest_route=%2Fwp%2Fv2%2Ftags&post=72"}],"curies":[{"name":"wp","href":"https:\/\/api.w.org\/{rel}","templated":true}]}}