{"id":52,"date":"2011-05-29T10:20:21","date_gmt":"2011-05-29T10:20:21","guid":{"rendered":"http:\/\/cebilbilitanos.com\/?p=52"},"modified":"2015-09-10T17:19:43","modified_gmt":"2015-09-10T17:19:43","slug":"premio-de-poesia-jose-veron-gormaz","status":"publish","type":"post","link":"https:\/\/cebilbilitanos.com\/?p=52","title":{"rendered":"Premio de poes\u00eda Jos\u00e9 Ver\u00f3n Gormaz"},"content":{"rendered":"<div class=\"separator\" style=\"clear: both; text-align: center;\">\n<a href=\"http:\/\/1.bp.blogspot.com\/-JoUiZ7Z43N4\/TeIixG5XJUI\/AAAAAAAAAI4\/ZEfvb8-gtkQ\/s1600\/PREMIO+POESIA_JVC_10.jpg\" imageanchor=\"1\" style=\"margin-left: 1em; margin-right: 1em;\"><img decoding=\"async\" loading=\"lazy\" border=\"0\" height=\"640\" src=\"http:\/\/1.bp.blogspot.com\/-JoUiZ7Z43N4\/TeIixG5XJUI\/AAAAAAAAAI4\/ZEfvb8-gtkQ\/s640\/PREMIO+POESIA_JVC_10.jpg\" width=\"434\" \/><\/a><\/div>\n","protected":false},"excerpt":{"rendered":"","protected":false},"author":1,"featured_media":0,"comment_status":"open","ping_status":"open","sticky":false,"template":"","format":"standard","meta":[],"categories":[23],"tags":[6,18,10,11],"_links":{"self":[{"href":"https:\/\/cebilbilitanos.com\/index.php?rest_route=\/wp\/v2\/posts\/52"}],"collection":[{"href":"https:\/\/cebilbilitanos.com\/index.php?rest_route=\/wp\/v2\/posts"}],"about":[{"href":"https:\/\/cebilbilitanos.com\/index.php?rest_route=\/wp\/v2\/types\/post"}],"author":[{"embeddable":true,"href":"https:\/\/cebilbilitanos.com\/index.php?rest_route=\/wp\/v2\/users\/1"}],"replies":[{"embeddable":true,"href":"https:\/\/cebilbilitanos.com\/index.php?rest_route=%2Fwp%2Fv2%2Fcomments&post=52"}],"version-history":[{"count":1,"href":"https:\/\/cebilbilitanos.com\/index.php?rest_route=\/wp\/v2\/posts\/52\/revisions"}],"predecessor-version":[{"id":53,"href":"https:\/\/cebilbilitanos.com\/index.php?rest_route=\/wp\/v2\/posts\/52\/revisions\/53"}],"wp:attachment":[{"href":"https:\/\/cebilbilitanos.com\/index.php?rest_route=%2Fwp%2Fv2%2Fmedia&parent=52"}],"wp:term":[{"taxonomy":"category","embeddable":true,"href":"https:\/\/cebilbilitanos.com\/index.php?rest_route=%2Fwp%2Fv2%2Fcategories&post=52"},{"taxonomy":"post_tag","embeddable":true,"href":"https:\/\/cebilbilitanos.com\/index.php?rest_route=%2Fwp%2Fv2%2Ftags&post=52"}],"curies":[{"name":"wp","href":"https:\/\/api.w.org\/{rel}","templated":true}]}}