{"id":48,"date":"2011-05-17T10:16:37","date_gmt":"2011-05-17T10:16:37","guid":{"rendered":"http:\/\/cebilbilitanos.com\/?p=48"},"modified":"2015-09-10T17:20:05","modified_gmt":"2015-09-10T17:20:05","slug":"presentacion-del-libro-sobre-la-portada-de-santa-maria-a-cargo-de-jesus-criado","status":"publish","type":"post","link":"https:\/\/cebilbilitanos.com\/?p=48","title":{"rendered":"Presentaci\u00f3n del libro sobre la Portada de Santa Mar\u00eda a Cargo de Jes\u00fas Criado"},"content":{"rendered":"<div class=\"separator\" style=\"clear: both; text-align: center;\">\n<a href=\"http:\/\/1.bp.blogspot.com\/-z7wtpsBusvk\/TdKfi_qx_MI\/AAAAAAAAAIw\/jzkY_WVx26A\/s1600\/P1010032.JPG\" imageanchor=\"1\" style=\"margin-left: 1em; margin-right: 1em;\"><img decoding=\"async\" loading=\"lazy\" border=\"0\" height=\"300\" src=\"http:\/\/1.bp.blogspot.com\/-z7wtpsBusvk\/TdKfi_qx_MI\/AAAAAAAAAIw\/jzkY_WVx26A\/s400\/P1010032.JPG\" width=\"400\" \/><\/a><\/div>\n<p>El libro&nbsp;<span class=\"Apple-style-span\" style=\"font-family: Arial, Tahoma, Helvetica, FreeSans, sans-serif; font-size: 13px; line-height: 18px;\">\u00abEstudio Hist\u00f3rico-Artistico de la portada y puertas de la Colegiata de Santa Mar\u00eda de Calatayud\u00bb es una edici\u00f3n facsc\u00edmil de Jes\u00fas Criado Mainar del que en 1947 public\u00f3 Salvador Amada Sanz, consejero fundador del CEB en el Bolet\u00edn de la Sociedad Espa\u00f1ola de Excursiones.<\/span><br \/>\n<span class=\"Apple-style-span\" style=\"font-family: Arial, Tahoma, Helvetica, FreeSans, sans-serif; font-size: 13px; line-height: 18px;\"><br \/>\n<\/span><br \/>\n<span class=\"Apple-style-span\" style=\"font-family: Arial, Tahoma, Helvetica, FreeSans, sans-serif; font-size: 13px; line-height: 18px;\">Tras la introducci\u00f3n del presidente del CEB, Manuel Micheto, Mariano Amada Cinto, hijo de Salvador Amada repasa la vida y bibliograf\u00eda de su padre.<\/span><br \/>\n<span class=\"Apple-style-span\" style=\"font-family: Arial, Tahoma, Helvetica, FreeSans, sans-serif; font-size: 13px; line-height: 18px;\"><br \/>\n<\/span><br \/>\n<span class=\"Apple-style-span\" style=\"font-family: Arial, Tahoma, Helvetica, FreeSans, sans-serif; font-size: 13px; line-height: 18px;\">El editor del facsc\u00edmil contextualiza el estudio de Amada y aporta informaciones acerca de quienes contribuyeron a sufragar el coste de la obra. Actualmente la portada se encuentra en restauraci\u00f3n y la obra presentada contribuir\u00e1, tras la desaparici\u00f3n de los andamios, a una detallada observaci\u00f3n de la monumental portada.<\/span><\/p>\n","protected":false},"excerpt":{"rendered":"<p>El libro&nbsp;\u00abEstudio Hist\u00f3rico-Artistico de la portada y puertas de la Colegiata de Santa Mar\u00eda de Calatayud\u00bb es una edici\u00f3n facsc\u00edmil de Jes\u00fas Criado Mainar del que en 1947 public\u00f3 Salvador Amada Sanz, consejero fundador del CEB en el Bolet\u00edn de &hellip; <a href=\"https:\/\/cebilbilitanos.com\/?p=48\">Sigue leyendo <span class=\"meta-nav\">&rarr;<\/span><\/a><\/p>\n","protected":false},"author":1,"featured_media":0,"comment_status":"open","ping_status":"open","sticky":false,"template":"","format":"standard","meta":[],"categories":[23],"tags":[6,14,7,10,11],"_links":{"self":[{"href":"https:\/\/cebilbilitanos.com\/index.php?rest_route=\/wp\/v2\/posts\/48"}],"collection":[{"href":"https:\/\/cebilbilitanos.com\/index.php?rest_route=\/wp\/v2\/posts"}],"about":[{"href":"https:\/\/cebilbilitanos.com\/index.php?rest_route=\/wp\/v2\/types\/post"}],"author":[{"embeddable":true,"href":"https:\/\/cebilbilitanos.com\/index.php?rest_route=\/wp\/v2\/users\/1"}],"replies":[{"embeddable":true,"href":"https:\/\/cebilbilitanos.com\/index.php?rest_route=%2Fwp%2Fv2%2Fcomments&post=48"}],"version-history":[{"count":1,"href":"https:\/\/cebilbilitanos.com\/index.php?rest_route=\/wp\/v2\/posts\/48\/revisions"}],"predecessor-version":[{"id":49,"href":"https:\/\/cebilbilitanos.com\/index.php?rest_route=\/wp\/v2\/posts\/48\/revisions\/49"}],"wp:attachment":[{"href":"https:\/\/cebilbilitanos.com\/index.php?rest_route=%2Fwp%2Fv2%2Fmedia&parent=48"}],"wp:term":[{"taxonomy":"category","embeddable":true,"href":"https:\/\/cebilbilitanos.com\/index.php?rest_route=%2Fwp%2Fv2%2Fcategories&post=48"},{"taxonomy":"post_tag","embeddable":true,"href":"https:\/\/cebilbilitanos.com\/index.php?rest_route=%2Fwp%2Fv2%2Ftags&post=48"}],"curies":[{"name":"wp","href":"https:\/\/api.w.org\/{rel}","templated":true}]}}