{"id":45,"date":"2011-05-17T10:14:37","date_gmt":"2011-05-17T10:14:37","guid":{"rendered":"http:\/\/cebilbilitanos.com\/?p=45"},"modified":"2015-09-10T17:20:14","modified_gmt":"2015-09-10T17:20:14","slug":"conferencia-del-profesor-martin-bueno","status":"publish","type":"post","link":"https:\/\/cebilbilitanos.com\/?p=45","title":{"rendered":"Conferencia del profesor Mart\u00edn Bueno"},"content":{"rendered":"<div class=\"separator\" style=\"clear: both; text-align: center;\"><\/div>\n<div class=\"separator\" style=\"clear: both; text-align: center;\"><a style=\"margin-left: 1em; margin-right: 1em;\" href=\"http:\/\/3.bp.blogspot.com\/-YDykGQHBafQ\/TdKcRA41gVI\/AAAAAAAAAIs\/bYBI23l9l00\/s1600\/P1010023.JPG\"><img decoding=\"async\" loading=\"lazy\" src=\"http:\/\/3.bp.blogspot.com\/-YDykGQHBafQ\/TdKcRA41gVI\/AAAAAAAAAIs\/bYBI23l9l00\/s400\/P1010023.JPG\" alt=\"\" width=\"400\" height=\"300\" border=\"0\" \/><\/a><\/div>\n<p>El Museo de Calatayud acogi\u00f3 el pasado 5 de mayo la primera de las conferencias que ha organizado el Centro de Estudios Bilbilitanos: \u00ab<span class=\"Apple-style-span\" style=\"font-family: Arial, Tahoma, Helvetica, FreeSans, sans-serif; font-size: 13px; line-height: 18px;\"><b>El CEB como dinamizador cultural de los \u00faltimos a\u00f1os\u00bb. <\/b>Desde luego, el marco era el ideal, pues el conferenciante, el profesor Mart\u00edn Bueno es director de esta instituci\u00f3n, adem\u00e1s de Consejero del CEB.<\/span><span class=\"Apple-style-span\" style=\"font-family: Arial, Tahoma, Helvetica, FreeSans, sans-serif; font-size: 13px; line-height: 18px;\"><br \/>\n<\/span><\/p>\n<div class=\"separator\" style=\"clear: both; text-align: center;\"><a style=\"clear: left; float: left; margin-bottom: 1em; margin-right: 1em;\" href=\"http:\/\/1.bp.blogspot.com\/-7Gl4N8OXD3g\/TdKcQgSKmUI\/AAAAAAAAAIo\/-oR4OxKC9Pc\/s1600\/P1010017.jpg\"><img decoding=\"async\" loading=\"lazy\" src=\"http:\/\/1.bp.blogspot.com\/-7Gl4N8OXD3g\/TdKcQgSKmUI\/AAAAAAAAAIo\/-oR4OxKC9Pc\/s320\/P1010017.jpg\" alt=\"\" width=\"240\" height=\"320\" border=\"0\" \/><\/a><\/div>\n<p><span class=\"Apple-style-span\" style=\"font-family: Arial, Tahoma, Helvetica, FreeSans, sans-serif; font-size: 13px; line-height: 18px;\">Con la presencia en la mesa de la concejal de cultura y educaci\u00f3n, Julia Olivas, que insisti\u00f3 en la relaci\u00f3n entre Mart\u00edn Bueno, Calatayud, B\u00edlbilis y Hu\u00e9rmeda merecedora del reciente nombramiento del profesor como hijo adoptivo de Calatayud, y de Carlos S\u00e1enz Preciado, tambi\u00e9n consejero del CEB y colaborador del conferenciante que se encarg\u00f3 de introducir la charla con una emocionada intervenci\u00f3n, el profesor Mart\u00edn Bueno desgran\u00f3 parte de su vida ligada al entorno y al CEB, al que calific\u00f3 como una instituci\u00f3n pionera e imprescindible en la investigaci\u00f3n y difusi\u00f3n de la cultura bilbilitana y comarcana. Un discurso<\/span><span class=\"Apple-style-span\" style=\"font-family: Arial, Tahoma, Helvetica, FreeSans, sans-serif; font-size: 13px; line-height: 18px;\">, hilado con el humor y el tono coloquial que caracterizan a alguien acostumbrado a ense\u00f1ar, que finaliz\u00f3 con la lectura, por parte del secretario del CEB, Juan Jos\u00e9 Mateo, del acta por la que se concede la insignia de oro del Centro de Estudios Bilbilitanos a Manuel Mart\u00edn Bueno. A continuaci\u00f3n, el presidente del CEB, Manuel Micheto, hizo entrega de la distinci\u00f3n.<\/span><\/p>\n<p>&nbsp;<\/p>\n<p>&nbsp;<\/p>\n<p><span class=\"Apple-style-span\" style=\"font-family: Arial, Tahoma, Helvetica, FreeSans, sans-serif; font-size: 13px; line-height: 18px;\"><i>Jos\u00e9 R, Olalla<\/i><\/span><\/p>\n<div style=\"text-align: center;\"><\/div>\n","protected":false},"excerpt":{"rendered":"<p>El Museo de Calatayud acogi\u00f3 el pasado 5 de mayo la primera de las conferencias que ha organizado el Centro de Estudios Bilbilitanos: \u00abEl CEB como dinamizador cultural de los \u00faltimos a\u00f1os\u00bb. Desde luego, el marco era el ideal, pues &hellip; <a href=\"https:\/\/cebilbilitanos.com\/?p=45\">Sigue leyendo <span class=\"meta-nav\">&rarr;<\/span><\/a><\/p>\n","protected":false},"author":1,"featured_media":0,"comment_status":"open","ping_status":"open","sticky":false,"template":"","format":"standard","meta":[],"categories":[23],"tags":[6,13,8,12],"_links":{"self":[{"href":"https:\/\/cebilbilitanos.com\/index.php?rest_route=\/wp\/v2\/posts\/45"}],"collection":[{"href":"https:\/\/cebilbilitanos.com\/index.php?rest_route=\/wp\/v2\/posts"}],"about":[{"href":"https:\/\/cebilbilitanos.com\/index.php?rest_route=\/wp\/v2\/types\/post"}],"author":[{"embeddable":true,"href":"https:\/\/cebilbilitanos.com\/index.php?rest_route=\/wp\/v2\/users\/1"}],"replies":[{"embeddable":true,"href":"https:\/\/cebilbilitanos.com\/index.php?rest_route=%2Fwp%2Fv2%2Fcomments&post=45"}],"version-history":[{"count":2,"href":"https:\/\/cebilbilitanos.com\/index.php?rest_route=\/wp\/v2\/posts\/45\/revisions"}],"predecessor-version":[{"id":47,"href":"https:\/\/cebilbilitanos.com\/index.php?rest_route=\/wp\/v2\/posts\/45\/revisions\/47"}],"wp:attachment":[{"href":"https:\/\/cebilbilitanos.com\/index.php?rest_route=%2Fwp%2Fv2%2Fmedia&parent=45"}],"wp:term":[{"taxonomy":"category","embeddable":true,"href":"https:\/\/cebilbilitanos.com\/index.php?rest_route=%2Fwp%2Fv2%2Fcategories&post=45"},{"taxonomy":"post_tag","embeddable":true,"href":"https:\/\/cebilbilitanos.com\/index.php?rest_route=%2Fwp%2Fv2%2Ftags&post=45"}],"curies":[{"name":"wp","href":"https:\/\/api.w.org\/{rel}","templated":true}]}}