{"id":3346,"date":"2026-04-25T22:04:30","date_gmt":"2026-04-25T20:04:30","guid":{"rendered":"https:\/\/cebilbilitanos.com\/?p=3346"},"modified":"2026-04-25T22:04:30","modified_gmt":"2026-04-25T20:04:30","slug":"cese-del-presidente-del-ceb-jesus-gil-alejandre","status":"publish","type":"post","link":"https:\/\/cebilbilitanos.com\/?p=3346","title":{"rendered":"CESE DEL PRESIDENTE DEL CEB: JES\u00daS GIL ALEJANDRE"},"content":{"rendered":"\n<p>De acuerdo con lo establecido en el Estatuto del CEB, Jes\u00fas Gil Alejandre ha presentado su cese como presidente, con fecha de 26 de abril de 2026, al haber transcurrido cinco a\u00f1os desde su elecci\u00f3n en 2021.<\/p>\n\n\n\n<p>A partir del lunes, 27 de abril, y siguiendo el protocolo establecido en el Estatuto del CEB en su anexo I, se hace cargo de la direcci\u00f3n del mismo una comisi\u00f3n gestora, que estar\u00e1 formada por los actuales miembros de la comisi\u00f3n permanente, coordinada por su secretaria, Mar\u00eda Jes\u00fas S\u00e1nchez Gormaz y se convocan nuevas elecciones, siguiendo el proceso electoral establecido en la normativa interna que lo regula.<\/p>\n\n\n\n<p>El CEB agradece la colaboraci\u00f3n durante estos cinco a\u00f1os de consejeros, colaboradores, asociaciones e instituciones que se han integrado en el proyecto del CEB, centrado en la investigaci\u00f3n, defensa y divulgaci\u00f3n del patrimonio de la comarca de Calatayud.<\/p>\n","protected":false},"excerpt":{"rendered":"<p>De acuerdo con lo establecido en el Estatuto del CEB, Jes\u00fas Gil Alejandre ha presentado su cese como presidente, con fecha de 26 de abril de 2026, al haber transcurrido cinco a\u00f1os desde su elecci\u00f3n en 2021. A partir del &hellip; <a href=\"https:\/\/cebilbilitanos.com\/?p=3346\">Sigue leyendo <span class=\"meta-nav\">&rarr;<\/span><\/a><\/p>\n","protected":false},"author":1,"featured_media":0,"comment_status":"closed","ping_status":"open","sticky":false,"template":"","format":"standard","meta":[],"categories":[23],"tags":[],"_links":{"self":[{"href":"https:\/\/cebilbilitanos.com\/index.php?rest_route=\/wp\/v2\/posts\/3346"}],"collection":[{"href":"https:\/\/cebilbilitanos.com\/index.php?rest_route=\/wp\/v2\/posts"}],"about":[{"href":"https:\/\/cebilbilitanos.com\/index.php?rest_route=\/wp\/v2\/types\/post"}],"author":[{"embeddable":true,"href":"https:\/\/cebilbilitanos.com\/index.php?rest_route=\/wp\/v2\/users\/1"}],"replies":[{"embeddable":true,"href":"https:\/\/cebilbilitanos.com\/index.php?rest_route=%2Fwp%2Fv2%2Fcomments&post=3346"}],"version-history":[{"count":1,"href":"https:\/\/cebilbilitanos.com\/index.php?rest_route=\/wp\/v2\/posts\/3346\/revisions"}],"predecessor-version":[{"id":3347,"href":"https:\/\/cebilbilitanos.com\/index.php?rest_route=\/wp\/v2\/posts\/3346\/revisions\/3347"}],"wp:attachment":[{"href":"https:\/\/cebilbilitanos.com\/index.php?rest_route=%2Fwp%2Fv2%2Fmedia&parent=3346"}],"wp:term":[{"taxonomy":"category","embeddable":true,"href":"https:\/\/cebilbilitanos.com\/index.php?rest_route=%2Fwp%2Fv2%2Fcategories&post=3346"},{"taxonomy":"post_tag","embeddable":true,"href":"https:\/\/cebilbilitanos.com\/index.php?rest_route=%2Fwp%2Fv2%2Ftags&post=3346"}],"curies":[{"name":"wp","href":"https:\/\/api.w.org\/{rel}","templated":true}]}}