{"id":3323,"date":"2026-03-02T22:28:39","date_gmt":"2026-03-02T21:28:39","guid":{"rendered":"https:\/\/cebilbilitanos.com\/?p=3323"},"modified":"2026-03-02T22:28:39","modified_gmt":"2026-03-02T21:28:39","slug":"periodicos-y-revistas-bilbilitanos","status":"publish","type":"post","link":"https:\/\/cebilbilitanos.com\/?p=3323","title":{"rendered":"PERI\u00d3DICOS Y REVISTAS BILBILITANOS"},"content":{"rendered":"\n<p>EL ARCHIVO DEL CAN\u00d3NIGO TAFALLA. Por Francisco Tobajas.<\/p>\n\n\n\n<p>El 20 de febrero de 1927 se public\u00f3 en <em>El Regional<\/em> un art\u00edculo titulado, \u00abLa imprenta y el periodismo en Calatayud\u00bb, donde se daban noticias de algunas cabeceras peri\u00f3dicas bilbilitanas, recogidas en el archivo del can\u00f3nigo Francisco Tafalla. Pedro Mont\u00f3n Puerto publicar\u00eda en 1976, en <em>Cuadernos de Arag\u00f3n<\/em>, 8-9, un interesante art\u00edculo dedicado a los escritores, periodistas y peri\u00f3dicos de Calatayud, haciendo referencia a este mismo archivo del can\u00f3nigo Francisco Tafalla Torres, nacido en 1868. Mont\u00f3n Puerto donar\u00eda al Archivo Municipal una valiosa colecci\u00f3n de cabeceras de peri\u00f3dicos locales. Este \u00faltimo recordaba que Allu\u00e9 Salvador hab\u00eda considerado a Calatayud como <em>la ciudad de las letras<\/em>. Y Juan Moneva le hab\u00eda confiado personalmente, que Calatayud ten\u00eda <em>fuero literario propio<\/em>. Otra fuente hemerogr\u00e1fica es la que nos ofrecen Fern\u00e1ndez Clemente y Forcadell, en su libro <em>Historia de la prensa aragonesa<\/em>, publicada por Guara editorial en 1979.<\/p>\n\n\n\n<p>             En el reinado de Fernando VI y principios del de Carlos III, exist\u00edan en Calatayud dos imprentas: la de Joaqu\u00edn Esteban y la de Gabriel Aguirre. En 1870 surgir\u00eda el peri\u00f3dico <em>El Recreo<\/em>, editado en la imprenta de Celestino Coma, situada en el edificio del Monte de Piedad de la R\u00faa, entonces propiedad de Mariano Ruiz Zabalo.<\/p>\n\n\n\n<p>&nbsp;&nbsp;&nbsp;&nbsp;&nbsp;&nbsp;&nbsp;&nbsp;&nbsp;&nbsp;&nbsp; Mariano de La Hoz y Calvo traer\u00eda una m\u00e1quina, para lanzar el 1 de marzo de 1877 el primer n\u00famero de el<em> Diario de Calatayud<\/em>, de reducidas dimensiones, pero de ameno texto. Lo har\u00eda en la imprenta de La Hoz y C\u00eda, en la plaza de San Miguel. Lo recordaba Justo Navarro en la necrol\u00f3gica de La Hoz, el 27 de diciembre de 1927. Esta misma m\u00e1quina servir\u00eda para imprimir <em>El Regional<\/em>.<\/p>\n\n\n\n<p>En 1882 el diario a\u00f1ad\u00eda el subt\u00edtulo de <em>avisos y noticias<\/em>, <em>eco de la comarca bilbilitana<\/em>. Aumentar\u00eda el n\u00famero de p\u00e1ginas, con unas hojas literarias, que se publicar\u00edan con car\u00e1cter quincenal los d\u00edas 1 y 16 de cada mes. En 1890 se presentar\u00eda como <em>peri\u00f3dico cat\u00f3lico, eco de la comarca bilbilitana<\/em>. Un a\u00f1o m\u00e1s tarde se definir\u00eda como <em>peri\u00f3dico cat\u00f3lico tradicionalista<\/em>, con el lema <em>Dios, Patria y Rey<\/em>. El cambio se deb\u00eda a que el carlista Juan Manuel Flor\u00eda, conocido como <em>El General<\/em>, concejal del Ayuntamiento de Calatayud y administrador del conde de Argillo, lo comprar\u00eda por dos a\u00f1os.<\/p>\n\n\n\n<p>&nbsp;&nbsp;&nbsp;&nbsp;&nbsp;&nbsp;&nbsp;&nbsp;&nbsp;&nbsp;&nbsp; El 15 de enero de 1882 aparecer\u00eda <em>El Eco de Calatayud<\/em>, de pol\u00edtica democr\u00e1tica republicana, al que reemplazar\u00eda al a\u00f1o siguiente <em>El Eco Bilbilitano<\/em>, de las mismas tendencias. En 1885 lo har\u00eda <em>La Comarca<\/em>, diario liberal, que dirig\u00eda el abogado Juan del Pueyo, llegando a tirar dos ediciones diarias, aunque el n\u00famero de suscriptores no era muy elevado.<\/p>\n\n\n\n<figure class=\"wp-block-image size-large\"><a href=\"http:\/\/cebilbilitanos.com\/wp-content\/uploads\/2026\/03\/ECO-BILBIL.jpg\"><img decoding=\"async\" loading=\"lazy\" width=\"1024\" height=\"705\" src=\"http:\/\/cebilbilitanos.com\/wp-content\/uploads\/2026\/03\/ECO-BILBIL-1024x705.jpg\" alt=\"\" class=\"wp-image-3328\" srcset=\"https:\/\/cebilbilitanos.com\/wp-content\/uploads\/2026\/03\/ECO-BILBIL-1024x705.jpg 1024w, https:\/\/cebilbilitanos.com\/wp-content\/uploads\/2026\/03\/ECO-BILBIL-300x206.jpg 300w, https:\/\/cebilbilitanos.com\/wp-content\/uploads\/2026\/03\/ECO-BILBIL-768x529.jpg 768w, https:\/\/cebilbilitanos.com\/wp-content\/uploads\/2026\/03\/ECO-BILBIL.jpg 1161w\" sizes=\"(max-width: 1024px) 100vw, 1024px\" \/><\/a><figcaption class=\"wp-element-caption\">FOTOGRAF\u00cdAS: F. TOBAJAS GALLEGO.<br>ARCHIVO DE LA FAMILIA SANCHO Y GIL, MOR\u00c9S (ZARAGOZA).<\/figcaption><\/figure>\n\n\n\n<figure class=\"wp-block-image size-large\"><a href=\"http:\/\/cebilbilitanos.com\/wp-content\/uploads\/2026\/03\/LA-COMARCA.jpg\"><img decoding=\"async\" loading=\"lazy\" width=\"1024\" height=\"730\" src=\"http:\/\/cebilbilitanos.com\/wp-content\/uploads\/2026\/03\/LA-COMARCA-1024x730.jpg\" alt=\"\" class=\"wp-image-3326\" srcset=\"https:\/\/cebilbilitanos.com\/wp-content\/uploads\/2026\/03\/LA-COMARCA-1024x730.jpg 1024w, https:\/\/cebilbilitanos.com\/wp-content\/uploads\/2026\/03\/LA-COMARCA-300x214.jpg 300w, https:\/\/cebilbilitanos.com\/wp-content\/uploads\/2026\/03\/LA-COMARCA-768x547.jpg 768w, https:\/\/cebilbilitanos.com\/wp-content\/uploads\/2026\/03\/LA-COMARCA.jpg 1158w\" sizes=\"(max-width: 1024px) 100vw, 1024px\" \/><\/a><figcaption class=\"wp-element-caption\">FOTOGRAF\u00cdAS: F. TOBAJAS GALLEGO.<br>ARCHIVO DE LA FAMILIA SANCHO Y GIL, MOR\u00c9S (ZARAGOZA).<\/figcaption><\/figure>\n\n\n\n<figure class=\"wp-block-image size-full is-resized\"><a href=\"http:\/\/cebilbilitanos.com\/wp-content\/uploads\/2026\/03\/LA-COMARCA-1885.jpg\"><img decoding=\"async\" loading=\"lazy\" src=\"http:\/\/cebilbilitanos.com\/wp-content\/uploads\/2026\/03\/LA-COMARCA-1885.jpg\" alt=\"\" class=\"wp-image-3325\" width=\"671\" height=\"823\" srcset=\"https:\/\/cebilbilitanos.com\/wp-content\/uploads\/2026\/03\/LA-COMARCA-1885.jpg 461w, https:\/\/cebilbilitanos.com\/wp-content\/uploads\/2026\/03\/LA-COMARCA-1885-245x300.jpg 245w\" sizes=\"(max-width: 671px) 100vw, 671px\" \/><\/a><figcaption class=\"wp-element-caption\">FOTOGRAF\u00cdAS: ARCHIVO MUNICIPAL DE CALATAYUD, ARCHIVO VICENTE DE LA FUENTE.<\/figcaption><\/figure>\n\n\n\n<p>&nbsp;&nbsp;&nbsp;&nbsp;&nbsp;&nbsp;&nbsp;&nbsp;&nbsp;&nbsp;&nbsp; En 1886 aparecer\u00eda el republicano y anticlerical <em>La Lucha<\/em>, m\u00e1s combativo que el <em>Eco<\/em>. El 2 de septiembre de 1888 lo har\u00eda <em>La Justicia<\/em>, que pasar\u00eda m\u00e1s tarde a semanal. Tendr\u00eda varios directores, adem\u00e1s de Dar\u00edo P\u00e9rez: Florencio Forc\u00e9n, Luciano Pastor, Juan Gualberto Laus\u00edn del Carpio, Agust\u00edn P\u00e9rez Lizano, Bartolom\u00e9 Guill\u00e9n y m\u00e1s tarde los hermanos \u00c1ngel y Arturo Guill\u00e9n, sobrinos de Bartolom\u00e9.<\/p>\n\n\n\n<figure class=\"wp-block-image size-large\"><a href=\"http:\/\/cebilbilitanos.com\/wp-content\/uploads\/2026\/03\/LA-JUSTICIA.jpg\"><img decoding=\"async\" loading=\"lazy\" width=\"1024\" height=\"731\" src=\"http:\/\/cebilbilitanos.com\/wp-content\/uploads\/2026\/03\/LA-JUSTICIA-1024x731.jpg\" alt=\"\" class=\"wp-image-3327\" srcset=\"https:\/\/cebilbilitanos.com\/wp-content\/uploads\/2026\/03\/LA-JUSTICIA-1024x731.jpg 1024w, https:\/\/cebilbilitanos.com\/wp-content\/uploads\/2026\/03\/LA-JUSTICIA-300x214.jpg 300w, https:\/\/cebilbilitanos.com\/wp-content\/uploads\/2026\/03\/LA-JUSTICIA-768x548.jpg 768w, https:\/\/cebilbilitanos.com\/wp-content\/uploads\/2026\/03\/LA-JUSTICIA.jpg 1120w\" sizes=\"(max-width: 1024px) 100vw, 1024px\" \/><\/a><figcaption class=\"wp-element-caption\">FOTOGRAF\u00cdAS: F. TOBAJAS GALLEGO.<br>ARCHIVO DE LA FAMILIA SANCHO Y GIL, MOR\u00c9S (ZARAGOZA).<\/figcaption><\/figure>\n\n\n\n<p>           Sin a\u00f1o conocido hab\u00eda aparecido <em>Heraldo de Calatayud<\/em>, dirigido por Marqueta. En 1893 lo har\u00eda el semanal <em>Dios, Patria y Rey<\/em>, que dirig\u00eda el maestro nacional Manuel Comellas. Se tiraba en los talleres de <em>La Justicia<\/em>. El bisemanario cat\u00f3lico independiente, <em>El Baluarte Bilbilitano<\/em>, se fundar\u00eda en 1899, cuyo propietario era el tip\u00f3grafo Mat\u00edas Latorre. Se editaba en la imprenta cat\u00f3lica de Latorre y Larroca, situada en la plaza de la Comunidad.<\/p>\n\n\n\n<p>&nbsp;&nbsp;&nbsp;&nbsp;&nbsp;&nbsp;&nbsp;&nbsp;&nbsp;&nbsp;&nbsp; El 15 de septiembre de 1904 lo har\u00eda <em>El Regional<\/em>, fundado por Justo Navarro Melendo, que desaparecer\u00eda en 1933. En 1917 aparecer\u00eda <em>El Rayo<\/em>. El 1 de enero de 1918 lo har\u00eda <em>Campo y Hogar<\/em>, <em>revista mensual de<\/em> <em>Agricultura y Econom\u00eda dom\u00e9stica<\/em>, fundada por Cipriano Aguilar, en colaboraci\u00f3n con su hijo pol\u00edtico Luis Sebasti\u00e1n Cebri\u00e1n. Otra revista profesional ser\u00eda <em>La Uni\u00f3n M\u00e9dica<\/em>. El 18 de mayo de 1919 nacer\u00eda <em>La Luz<\/em>, <em>semanario defensor de las clases oprimidas<\/em>, que se tiraba en la <em>Social<\/em> de Zaragoza.<\/p>\n\n\n\n<figure class=\"wp-block-image size-full\"><a href=\"http:\/\/cebilbilitanos.com\/wp-content\/uploads\/2026\/03\/EL-REGIONAL-1925.jpg\"><img decoding=\"async\" loading=\"lazy\" width=\"614\" height=\"430\" src=\"http:\/\/cebilbilitanos.com\/wp-content\/uploads\/2026\/03\/EL-REGIONAL-1925.jpg\" alt=\"\" class=\"wp-image-3324\" srcset=\"https:\/\/cebilbilitanos.com\/wp-content\/uploads\/2026\/03\/EL-REGIONAL-1925.jpg 614w, https:\/\/cebilbilitanos.com\/wp-content\/uploads\/2026\/03\/EL-REGIONAL-1925-300x210.jpg 300w\" sizes=\"(max-width: 614px) 100vw, 614px\" \/><\/a><figcaption class=\"wp-element-caption\">FOTOGRAF\u00cdAS: ARCHIVO MUNICIPAL DE CALATAYUD, ARCHIVO VICENTE DE LA FUENTE.<\/figcaption><\/figure>\n\n\n\n<p>&nbsp;&nbsp;&nbsp;&nbsp;&nbsp;&nbsp;&nbsp;&nbsp;&nbsp;&nbsp;&nbsp; Otras publicaciones de car\u00e1cter literario festivo ser\u00edan: <em>El Tontico Aragon\u00e9s<\/em>, <em>El Chiquit\u00edn de la Casa<\/em>, <em>El Men\u00fa<\/em>, de 1899, <em>B\u00edlbilis Combo<\/em>, <em>El L\u00edo<\/em>, <em>El Rayo<\/em>, <em>El Lorito<\/em>, nacida en 1923, que dirig\u00eda el dibujante Jes\u00fas Gargallo, y <em>El Gato Negro<\/em>, 1926, bajo la direcci\u00f3n de Jos\u00e9 Nogueras, primo hermano del forjador Pablo Remacha.<\/p>\n\n\n\n<p>\u00a0\u00a0\u00a0\u00a0\u00a0\u00a0\u00a0\u00a0\u00a0\u00a0\u00a0 De propaganda industrial era <em>El Valiente<\/em>. Tiraba cada quince d\u00edas dos mil ejemplares, que se repart\u00edan gratis por toda la comarca. Era el <em>\u00f3rgano defensor de la industria y el comercio<\/em>. Lo editaba la <em>Casa Azul<\/em>, almac\u00e9n de tejidos de Ferraz y Lacambra, con sede en la calle de Dato, n.\u00ba 15, y Dicenta, n.\u00ba 2.<\/p>\n\n\n\n<p>&nbsp;&nbsp;&nbsp;&nbsp;&nbsp;&nbsp;&nbsp;&nbsp;&nbsp;&nbsp;&nbsp; El 9 de octubre de 1900 aparecer\u00eda la <em>Revista Industrial, Comercial y Agr\u00edcola<\/em>, que se publicaba cuatro veces al mes, dirigida por R. Galv\u00e1n. En 1922 se fundar\u00eda el semanario <em>La Derecha<\/em>, que dirig\u00eda \u00c1ngel Mingote.<\/p>\n\n\n\n<p>            El archivo del can\u00f3nigo Francisco Tafalla guardaba tambi\u00e9n otras publicaciones, que constaban de un solo n\u00famero, como <em>El Bilbilitano<\/em>, peri\u00f3dico de anuncios que se hab\u00eda repartido gratis en 1891, con motivo de las fiestas y ferias de septiembre. La <em>Caridad Bilbilitana<\/em>, de 1898, que destinaba su venta a los soldados de la ciudad, que luchaban en la guerra de Cuba y Filipinas. <em>Calatayud-Alhama-Ateca<\/em>, n\u00famero extraordinario aparecido en abril de 1903, parea evitar el derrumbamiento de los cerros del Reloj Tonto y de la Serratilla, y La Muela de Alhama, con firmas prestigiosas como la del obispo Juan Soldevilla.<\/p>\n\n\n\n<p>En 1927, la ciudad contaba con seis imprentas, donde se publicaba un peri\u00f3dico diario y otro semanal.<\/p>\n\n\n\n<p>En 1931 ver\u00eda la luz <em>Vicor<\/em>, dirigida por el catedr\u00e1tico del Instituto L\u00f3pez Juanes. Meses despu\u00e9s aparecer\u00eda <em>El Ganso<\/em>. En este mismo a\u00f1o, Jos\u00e9 Mar\u00eda Rubio Vergara fundar\u00eda <em>Hoy<\/em>. El vespertino <em>Vanguardia<\/em> se editar\u00eda en 1933, a cargo de la empresa de <em>El Regional<\/em>, contando con la direcci\u00f3n de Antonio de Llanos. El 1935 aparecer\u00eda <em>El<\/em> <em>Heraldo Bilbilitano<\/em>.<\/p>\n\n\n\n<p>Dentro de las dedicadas a temas religiosos, se encontraban: <em>Albores<\/em>, 1925, de la congregaci\u00f3n Mariana de los Luises, o <em>Reina y Madre<\/em>, 1929, a cargo de los Hijos del Inmaculado Coraz\u00f3n de Mar\u00eda. El mensual <em>Fortaleza<\/em>, 1935, dirigido por la poeta gallega Herminia Fari\u00f1a. Y <em>Atalaya<\/em>, aparecida en septiembre de 1935.<\/p>\n\n\n\n<p>Entre las juveniles cab\u00eda destacar <em>Af\u00e1n<\/em>, bolet\u00edn del frente de Juventudes, 1945, bajo la direcci\u00f3n del padre claretiano Enrique Arenas, <em>Jal\u00f3n<\/em>, de los alumnos y ex alumnos del Instituto de Ense\u00f1anza Media Primo de Rivera, y <em>Despertar<\/em>, de la Delegaci\u00f3n Local de la Juventud, 1974-1975.<\/p>\n\n\n\n<p>Para conmemorar el 25\u00ba aniversario de <em>El Regional<\/em>, el 1 de enero de 1928 Dar\u00edo P\u00e9rez publicar\u00eda un art\u00edculo en este diario, dedicado al periodismo en Calatayud. Se\u00f1alaba que, a partir de la publicaci\u00f3n del <em>Diario de Calatayud<\/em>, el periodismo local hab\u00eda travesado \u00e9pocas intensas y deca\u00eddas, pero no se hab\u00eda interrumpido su historia, ofreciendo toda la gama. Peri\u00f3dicos definidos o ambiguos, extremistas pol\u00edticos, desde el carlismo al sindicalismo, en religi\u00f3n, desde el catolicismo al librepensamiento, literarios, festivos, noticieros, conmemorativos, etc. Dar\u00edo P\u00e9rez consideraba que en el archivo del ilustrado can\u00f3nigo Francisco Tafalla, se encontrar\u00edan <em>datos concretos y prolijos<\/em>.<\/p>\n\n\n\n<p>Dar\u00edo P\u00e9rez consideraba que el que hab\u00eda logrado m\u00e1s solidez y larga vida, sin perder su car\u00e1cter de diario, hab\u00eda sido <em>El Regional<\/em>. Desde el punto de vista profesional, en veinticinco a\u00f1os supon\u00eda un esfuerzo agotador. En ese tiempo <em>tan sobrado para hacer fortuna en cualquier aspecto de la actividad, hasta en el de la honradez, no basta al galeote de la prensa para conseguir independencia u holgura<\/em>.<\/p>\n\n\n\n<p>Se\u00f1alaba que el diario era inquietud espiritual, nerviosismo, porvenir incierto, angustia y contacto con las miserias humanas. Y a\u00f1ad\u00eda: <em>obliga a servir la actualidad, hallarse envuelto en los remolinos de la pasi\u00f3n, entregarse a todas las perfidias insospechadas, ser incomprendido. Ganar poco, rendir mucho, actuar entre paredes cristalinas. Probar suficiencia cada d\u00eda<\/em>.<\/p>\n\n\n\n<p>Dar\u00edo P\u00e9rez afirmaba que en el periodismo no exist\u00eda seguro de vida, tampoco la indemnizaci\u00f3n por accidentes de trabajo. El periodista estaba obligado a demostrar cada d\u00eda su capacidad, ante el p\u00fablico integrado por una multitud de temperamentos y de gustos. Tampoco pod\u00eda equivocarse, ni aplazar el juicio. No contaba con derechos pasivos, descanso ni socorro a la vejez. <em>La pluma que es m\u00e1s espada, b\u00e1lsamo, paleta, fuerza, no logra del alma fr\u00eda de los adinerados el cr\u00e9dito de plumas a\u00e9reas que apenas saben rubricar<\/em>.<\/p>\n\n\n\n<p>El periodista era <em>un esclavo de la sociedad moderna; de la vanidad de los otros; de los poderes p\u00fablicos, de las grandes empresas y el editor responsable de las faltas colectivas o individuales que no son suyas<\/em>. Era el Caronte, que transportaba a los vivos <em>en esta feria de vanidades y ambiciones que no son sombras, sino realidades<\/em>. La prensa grande <em>se proyecta en las amplias perspectivas<\/em>. La de peque\u00f1as ciudades era un callej\u00f3n sin salida.<\/p>\n\n\n\n<p>Dar\u00edo P\u00e9rez comparaba a Justo Navarro con el entonces olvidado Mariano de La Hoz, editor de el<em> Diario de Calatayud<\/em>. Y a\u00f1ad\u00eda: <em>La modestia de recursos, el apremio diario, la incomprensi\u00f3n circundante, forjan un vivir de renunciaci\u00f3n y sacrificio sin la correspondencia de sus conciudadanos. Labor de cultura, de patriotismo y de desinter\u00e9s, que no alcanza enaltecimiento ni gratitud. Y menos mal si no la acompa\u00f1a el desd\u00e9n<\/em>.<\/p>\n","protected":false},"excerpt":{"rendered":"<p>EL ARCHIVO DEL CAN\u00d3NIGO TAFALLA. Por Francisco Tobajas. El 20 de febrero de 1927 se public\u00f3 en El Regional un art\u00edculo titulado, \u00abLa imprenta y el periodismo en Calatayud\u00bb, donde se daban noticias de algunas cabeceras peri\u00f3dicas bilbilitanas, recogidas en &hellip; <a href=\"https:\/\/cebilbilitanos.com\/?p=3323\">Sigue leyendo <span class=\"meta-nav\">&rarr;<\/span><\/a><\/p>\n","protected":false},"author":1,"featured_media":0,"comment_status":"closed","ping_status":"open","sticky":false,"template":"","format":"standard","meta":[],"categories":[23],"tags":[],"_links":{"self":[{"href":"https:\/\/cebilbilitanos.com\/index.php?rest_route=\/wp\/v2\/posts\/3323"}],"collection":[{"href":"https:\/\/cebilbilitanos.com\/index.php?rest_route=\/wp\/v2\/posts"}],"about":[{"href":"https:\/\/cebilbilitanos.com\/index.php?rest_route=\/wp\/v2\/types\/post"}],"author":[{"embeddable":true,"href":"https:\/\/cebilbilitanos.com\/index.php?rest_route=\/wp\/v2\/users\/1"}],"replies":[{"embeddable":true,"href":"https:\/\/cebilbilitanos.com\/index.php?rest_route=%2Fwp%2Fv2%2Fcomments&post=3323"}],"version-history":[{"count":1,"href":"https:\/\/cebilbilitanos.com\/index.php?rest_route=\/wp\/v2\/posts\/3323\/revisions"}],"predecessor-version":[{"id":3329,"href":"https:\/\/cebilbilitanos.com\/index.php?rest_route=\/wp\/v2\/posts\/3323\/revisions\/3329"}],"wp:attachment":[{"href":"https:\/\/cebilbilitanos.com\/index.php?rest_route=%2Fwp%2Fv2%2Fmedia&parent=3323"}],"wp:term":[{"taxonomy":"category","embeddable":true,"href":"https:\/\/cebilbilitanos.com\/index.php?rest_route=%2Fwp%2Fv2%2Fcategories&post=3323"},{"taxonomy":"post_tag","embeddable":true,"href":"https:\/\/cebilbilitanos.com\/index.php?rest_route=%2Fwp%2Fv2%2Ftags&post=3323"}],"curies":[{"name":"wp","href":"https:\/\/api.w.org\/{rel}","templated":true}]}}