{"id":3317,"date":"2026-02-18T22:16:31","date_gmt":"2026-02-18T21:16:31","guid":{"rendered":"https:\/\/cebilbilitanos.com\/?p=3317"},"modified":"2026-02-18T22:34:59","modified_gmt":"2026-02-18T21:34:59","slug":"inauguracion-del-teatro-capitol-calatayud","status":"publish","type":"post","link":"https:\/\/cebilbilitanos.com\/?p=3317","title":{"rendered":"Inauguraci\u00f3n del Teatro Capitol (Calatayud)"},"content":{"rendered":"\n<figure class=\"wp-block-image size-large\"><a href=\"https:\/\/cebilbilitanos.com\/wp-content\/uploads\/2026\/02\/Pza.-San-Andres.009.jpg\"><img decoding=\"async\" loading=\"lazy\" width=\"1024\" height=\"680\" src=\"https:\/\/cebilbilitanos.com\/wp-content\/uploads\/2026\/02\/Pza.-San-Andres.009-1024x680.jpg\" alt=\"\" class=\"wp-image-3318\" srcset=\"https:\/\/cebilbilitanos.com\/wp-content\/uploads\/2026\/02\/Pza.-San-Andres.009-1024x680.jpg 1024w, https:\/\/cebilbilitanos.com\/wp-content\/uploads\/2026\/02\/Pza.-San-Andres.009-300x199.jpg 300w, https:\/\/cebilbilitanos.com\/wp-content\/uploads\/2026\/02\/Pza.-San-Andres.009-768x510.jpg 768w, https:\/\/cebilbilitanos.com\/wp-content\/uploads\/2026\/02\/Pza.-San-Andres.009-1536x1020.jpg 1536w, https:\/\/cebilbilitanos.com\/wp-content\/uploads\/2026\/02\/Pza.-San-Andres.009.jpg 1993w\" sizes=\"(max-width: 1024px) 100vw, 1024px\" \/><\/a><\/figure>\n\n\n\n<p>El d\u00eda 8 de septiembre de 1933 se inaugur\u00f3 el Teatro Capitol en Calatayud y el corresponsal del peri\u00f3dico \u00abLa voz de Arag\u00f3n\u00bb, J. Mart\u00ednez Fraile, al d\u00eda siguiente, realiza la siguiente cr\u00f3nica en la que describe, con todo tipo de se\u00f1ales, el majestuoso edificio.<\/p>\n\n\n\n<p>En la fotograf\u00eda puede observarse el lugar en el que se levant\u00f3 dicho teatro.<\/p>\n\n\n\n<p>\u00abEl n\u00famero cumbre de nuestras fiestas ha sido, sin duda, la apertura del Gran Teatro Capitol, edificado de nueva planta en un terreno de 1.200 metros cuadrados, en la antigua plaza de San Andr\u00e9s. All\u00ed se alza este edificio de depurado gusto y moderna silueta, cuya arquitectura contrasta con el estilo mud\u00e9jar de la hist\u00f3rica torre que le da frente. Sus propietarios, nuestros buenos amigos don Emiliano Ibarra y don Cipriano P\u00e9rez, acreditad\u00edsimos industriales de esta plaza, no han regateado medio alguno para que en \u00e9l de nada se carezca, llegando a satisfacer la m\u00e1xima exigencia del p\u00fablico. Calatayud, de ahora en adelante, contar\u00e1 con un local para espect\u00e1culos de moderna estructura, a tono con las renovadoras corrientes que imperan. Es tal la categor\u00eda del mismo en su totalidad que no exageramos al decir que supera a muchos recientemente instalados en capitales de provincia.<\/p>\n\n\n\n<p>DESCRIPCI\u00d3N<\/p>\n\n\n\n<p>Consta de: S\u00f3tano habilitado para sal\u00f3n de baile, y de cuya capacidad dar\u00e1 idea el hecho de que puedan varios centenares de parejas bailar c\u00f3modamente. Planta baja, en cuyo hall se ha instalado un bar americano decorado cub\u00edsticamente. Numerosos veladores ser\u00e1n colocados en este rect\u00e1ngulo, desde el que c\u00f3modamente se divisa el sal\u00f3n de baile. De aqu\u00ed arrancan las escaleras que conducen al piso superior, destinado para espect\u00e1culos.<\/p>\n\n\n\n<p>El sal\u00f3n tiene una longitud de 34 metros y 16 de anchura, garantizando el f\u00e1cil acceso al mismo las siete puertas existentes. El suelo en bad\u00e9n y el estar exento de columnas facilita la perfecta visualidad de todas las localidades. Este estupendo sal\u00f3n estar\u00e1 profusamente iluminado, pues se han colocado 930 l\u00e1mparas en la cornisa de la techumbre, 240 en las fajas de la embocadura y 200 en la boca del escenario. Ser\u00e1 un efecto precioso la indirecta iluminaci\u00f3n en sus tres tonalidades: rojo, verde y amarillo. Al aspecto deslumbrante de la sala contribuye el colorido y decoraci\u00f3n de la misma, Artista tan renombrado como el escen\u00f3grafo Salvador Mart\u00ednez ha sido el encargado de plasmar sobre los muros, con sus m\u00e1gicos pinceles, las sugerencias de su temperamento art\u00edstico. El hecho de que el laureado artista haya dejado marcado el sello de su inspiraci\u00f3n nos veda de todo elogio. Se han colocado un millar de butacas, distribuidas para la m\u00e1xima comodidad. Los 0&#8217;85 metros de separaci\u00f3n entre respaldo y respaldo as\u00ed lo confirman. Tanto el pasillo central como los laterales presentan una holgura tal que har\u00e1 facil\u00edsimo el acceso y salida de espectadores. Esta amplitud en las localidades, tel\u00f3n met\u00e1lico, las bombas de incendios, la cabina independiente, y tantos otros detalles demuestran cu\u00e1n en cuenta se ha tenido el vigente reglamento de espect\u00e1culos.<\/p>\n\n\n\n<p>Las butacas, de maderas kumel y haya, mueble americano, de fabricaci\u00f3n esmerad\u00edsima y c\u00f3modas (en respaldo, asiento y brazo) han sido construidas por la important\u00edsima firma Vda. de Mocholi, de Valencia, casa ya acreditad\u00edsima en este aspecto y especializada en la construcci\u00f3n de sillas y butacas de todas clases para teatros, cines y caf\u00e9s. Estas butacas, de tono severo, prestan mayor realce al sal\u00f3n y -repetimos- la solidez, belleza y comodidad de ellas es tal que al p\u00fablico ha de causar grata impresi\u00f3n. La calefacci\u00f3n, de presi\u00f3n a vapor, con abundant\u00edsimos radiadores, pondr\u00e1 todo el local en inmejorables condiciones para los crudos d\u00edas de la invernada. Siguiendo las normas t\u00e9cnicas el sal\u00f3n est\u00e1 revestido de una capa de corcho, para, evitando la resonancia, facilitar la clara audici\u00f3n. Posee W.C. en escenario, sala y baile, en las m\u00e1s rigurosas condiciones higi\u00e9nicas, dotados de lavabos, espejos, etc., tanto los de se\u00f1oras como los de caballeros. Amplio escenario, capaz para representar obras de la mayor envergadura, en el que existen once camerinos montados con todo confort. Ser\u00eda prolijo enumerar cuanto digno de rese\u00f1ar encierra en su totalidad. El p\u00fablico, en su constante asistencia, se ir\u00e1 dando cuenta de que la m\u00e1xima belleza, el absoluto confort, la mayor comodidad y tantos otros detalles agradables all\u00ed est\u00e1n garantizados.<\/p>\n\n\n\n<p>DETALLES<\/p>\n\n\n\n<p>De la explotaci\u00f3n del mismo se ha encargado la popular Empresa Mar\u00edn, de Barcelona, cuyo solo nombre es ya una garant\u00eda de los buenos programas que al p\u00fablico se han de presentar. El aparato es de la marca FEDES (fabricaci\u00f3n espa\u00f1ola de equipo sonoros, S.L.) de cuyo perfecto funcionamiento tenemos pruebas bien ciertas. El hecho de tener estos se\u00f1ores al mismo tiempo varios salones de espect\u00e1culos en explotaci\u00f3n permitir\u00e1 que pasen por la pantalla del Capitol pel\u00edculas que, de otra forma, hubiera sido imposible presenciar su filmaci\u00f3n. Hemos hablado con un representante de la referida Empresa explotadora, viendo en \u00e9l grandes deseos de servir al p\u00fablico bilbilitano; unos deseos que tienden a captarse por completo sus simpat\u00edas.<\/p>\n\n\n\n<p>FINAL<\/p>\n\n\n\n<p>Sus empresarios pueden mirar sonrientes el porvenir. All\u00ed se dar\u00e1n cita, en estos d\u00edas festeros, nuestras lindas paisanas y las bellas forasteras, en un noble torneo de belleza. All\u00ed, siempre, los aficionados al arte de Talia. All\u00ed los devotos del s\u00e9ptimo arte. All\u00ed los amantes de Terpsicore. All\u00ed, finalmente, todo Calatayud. Satisfechos pueden estar sus propietarios, se\u00f1ores Ibarra y P\u00e9rez, de haber dotado a la ciudad de un edificio para espect\u00e1culos de tal magnitud. Nosotros, desde estas columnas de LA VOZ DE ARAG\u00d3N, les enviamos la cordial felicitaci\u00f3n, unida al deseo de que su rendimiento corresponda a los desvelos y al sacrificio que supone su construcci\u00f3n.\u00bb<\/p>\n\n\n\n<p>J. MARTINEZ FRAILE<\/p>\n\n\n\n<p>La voz de Arag\u00f3n, 9 de septiembre de 1933.<\/p>\n","protected":false},"excerpt":{"rendered":"<p>El d\u00eda 8 de septiembre de 1933 se inaugur\u00f3 el Teatro Capitol en Calatayud y el corresponsal del peri\u00f3dico \u00abLa voz de Arag\u00f3n\u00bb, J. Mart\u00ednez Fraile, al d\u00eda siguiente, realiza la siguiente cr\u00f3nica en la que describe, con todo tipo &hellip; <a href=\"https:\/\/cebilbilitanos.com\/?p=3317\">Sigue leyendo <span class=\"meta-nav\">&rarr;<\/span><\/a><\/p>\n","protected":false},"author":1,"featured_media":0,"comment_status":"closed","ping_status":"open","sticky":false,"template":"","format":"standard","meta":[],"categories":[23],"tags":[],"_links":{"self":[{"href":"https:\/\/cebilbilitanos.com\/index.php?rest_route=\/wp\/v2\/posts\/3317"}],"collection":[{"href":"https:\/\/cebilbilitanos.com\/index.php?rest_route=\/wp\/v2\/posts"}],"about":[{"href":"https:\/\/cebilbilitanos.com\/index.php?rest_route=\/wp\/v2\/types\/post"}],"author":[{"embeddable":true,"href":"https:\/\/cebilbilitanos.com\/index.php?rest_route=\/wp\/v2\/users\/1"}],"replies":[{"embeddable":true,"href":"https:\/\/cebilbilitanos.com\/index.php?rest_route=%2Fwp%2Fv2%2Fcomments&post=3317"}],"version-history":[{"count":3,"href":"https:\/\/cebilbilitanos.com\/index.php?rest_route=\/wp\/v2\/posts\/3317\/revisions"}],"predecessor-version":[{"id":3321,"href":"https:\/\/cebilbilitanos.com\/index.php?rest_route=\/wp\/v2\/posts\/3317\/revisions\/3321"}],"wp:attachment":[{"href":"https:\/\/cebilbilitanos.com\/index.php?rest_route=%2Fwp%2Fv2%2Fmedia&parent=3317"}],"wp:term":[{"taxonomy":"category","embeddable":true,"href":"https:\/\/cebilbilitanos.com\/index.php?rest_route=%2Fwp%2Fv2%2Fcategories&post=3317"},{"taxonomy":"post_tag","embeddable":true,"href":"https:\/\/cebilbilitanos.com\/index.php?rest_route=%2Fwp%2Fv2%2Ftags&post=3317"}],"curies":[{"name":"wp","href":"https:\/\/api.w.org\/{rel}","templated":true}]}}