{"id":3281,"date":"2026-01-05T10:13:52","date_gmt":"2026-01-05T09:13:52","guid":{"rendered":"https:\/\/cebilbilitanos.com\/?p=3281"},"modified":"2026-01-05T10:13:52","modified_gmt":"2026-01-05T09:13:52","slug":"revista-cuarta-provincia-n-o-7","status":"publish","type":"post","link":"https:\/\/cebilbilitanos.com\/?p=3281","title":{"rendered":"Revista Cuarta Provincia, n.\u00ba 7."},"content":{"rendered":"\n<p>Ya est\u00e1 disponible el n.\u00ba 7 de la revista <em>Cuarta Provincia<\/em>, del Centro de Estudios Bilbilitanos, para su descarga en la p\u00e1gina de la Instituci\u00f3n Fernando el Cat\u00f3lico.<a href=\"https:\/\/ifc.dpz.es\/publicaciones\/ver\/id\/4175\" data-type=\"URL\" data-id=\"https:\/\/ifc.dpz.es\/publicaciones\/ver\/id\/4175\" target=\"_blank\" rel=\"noreferrer noopener\"> Descargar.<\/a><\/p>\n\n\n<div class=\"wp-block-image\">\n<figure class=\"aligncenter size-full\"><img decoding=\"async\" loading=\"lazy\" width=\"240\" height=\"369\" src=\"http:\/\/cebilbilitanos.com\/wp-content\/uploads\/2025\/12\/REVISTA-CUARTA-PROVINCIA.png\" alt=\"\" class=\"wp-image-3278\" srcset=\"https:\/\/cebilbilitanos.com\/wp-content\/uploads\/2025\/12\/REVISTA-CUARTA-PROVINCIA.png 240w, https:\/\/cebilbilitanos.com\/wp-content\/uploads\/2025\/12\/REVISTA-CUARTA-PROVINCIA-195x300.png 195w\" sizes=\"(max-width: 240px) 100vw, 240px\" \/><\/figure><\/div>\n\n\n<p>En este n\u00famero encontrar\u00e1s los siguientes art\u00edculos: <\/p>\n\n\n\n<p>Jos\u00e9 Juan Hernando Alca\u00edn y Jos\u00e9 \u00c1ngel Urzay Barrios, \u00abGuerras en el Jal\u00f3n Medio durante la Antig\u00fcedad (siglo II-I a. C.)\u00bb.<\/p>\n\n\n\n<p>Marina Perruca Gracia, \u00ab&#8216;<em>Altri molti miracoli sono avvenuti (\u2026) Che son pi\u00fa di cento<\/em>&#8216;. Los mi\u00adlagros de san Ignacio de Loyola en Mun\u00e9brega en la construcci\u00f3n de su imagen en la Europa del siglo XVII\u00bb.<\/p>\n\n\n\n<p>Francisco Tobajas Gallego, \u00abCausas de la decadencia del santuario de Nuestra Se\u00f1ora de la Sierra de Villarroya de la Sierra en el siglo XVIII\u00bb.<\/p>\n\n\n\n<p>Jes\u00fas V. Solanas Donoso, \u00abCasas abiertas en la pe\u00f1a, Calatayud. Testimonios de los viajeros. La aportaci\u00f3n gr\u00e1fica de Parcerisa y Serra\u00bb.<\/p>\n\n\n\n<p>Jes\u00fas Blasco S\u00e1nchez, \u00abLa azarosa historia del Grupo Escolar de Ateca desde su propuesta hasta su apertura (1926-1942)\u00bb.<\/p>\n\n\n\n<p>Javier Mart\u00ednez Molina, \u00abEl proyecto de nueva torre campanario de la iglesia parroquial de San Pe\u00addro Ap\u00f3stol de Villarroya de la Sierra (1797-1798), una obra no ejecutada del arquitecto ilustrado Agust\u00edn Sanz\u00bb.<\/p>\n\n\n\n<p>Ruth Soto Mar\u00edn y Eduardo A. Garrido Schneider, \u00abGeolog\u00eda e hidrogeolog\u00eda del entorno de los manantiales de agua mine\u00adro-medicinal del balneario de Paracuellos de Jiloca (Zaragoza)\u00bb.<\/p>\n\n\n\n<p><a rel=\"noreferrer noopener\" href=\"https:\/\/ifc.dpz.es\/publicaciones\/ver\/id\/4175\" data-type=\"URL\" data-id=\"https:\/\/ifc.dpz.es\/publicaciones\/ver\/id\/4175\" target=\"_blank\">Descargar.<\/a><\/p>\n\n\n\n<p><strong>FE DE ERRATAS<\/strong>: En los cr\u00e9ditos de la revista (p. 4) se se\u00f1ala que la fotograf\u00eda de portada es del <em>Santuario de Nuestra Se\u00f1ora de la Sierra de Villarroya de la Sierra (Zaragoza)<\/em>, cuando deber\u00eda de poner <em>Ermita de la Virgen de Cig\u00fcela de Torralba de Ribota (Zaragoza)<\/em>.<\/p>\n","protected":false},"excerpt":{"rendered":"<p>Ya est\u00e1 disponible el n.\u00ba 7 de la revista Cuarta Provincia, del Centro de Estudios Bilbilitanos, para su descarga en la p\u00e1gina de la Instituci\u00f3n Fernando el Cat\u00f3lico. Descargar. En este n\u00famero encontrar\u00e1s los siguientes art\u00edculos: Jos\u00e9 Juan Hernando Alca\u00edn &hellip; <a href=\"https:\/\/cebilbilitanos.com\/?p=3281\">Sigue leyendo <span class=\"meta-nav\">&rarr;<\/span><\/a><\/p>\n","protected":false},"author":1,"featured_media":0,"comment_status":"closed","ping_status":"open","sticky":false,"template":"","format":"standard","meta":[],"categories":[23],"tags":[],"_links":{"self":[{"href":"https:\/\/cebilbilitanos.com\/index.php?rest_route=\/wp\/v2\/posts\/3281"}],"collection":[{"href":"https:\/\/cebilbilitanos.com\/index.php?rest_route=\/wp\/v2\/posts"}],"about":[{"href":"https:\/\/cebilbilitanos.com\/index.php?rest_route=\/wp\/v2\/types\/post"}],"author":[{"embeddable":true,"href":"https:\/\/cebilbilitanos.com\/index.php?rest_route=\/wp\/v2\/users\/1"}],"replies":[{"embeddable":true,"href":"https:\/\/cebilbilitanos.com\/index.php?rest_route=%2Fwp%2Fv2%2Fcomments&post=3281"}],"version-history":[{"count":1,"href":"https:\/\/cebilbilitanos.com\/index.php?rest_route=\/wp\/v2\/posts\/3281\/revisions"}],"predecessor-version":[{"id":3282,"href":"https:\/\/cebilbilitanos.com\/index.php?rest_route=\/wp\/v2\/posts\/3281\/revisions\/3282"}],"wp:attachment":[{"href":"https:\/\/cebilbilitanos.com\/index.php?rest_route=%2Fwp%2Fv2%2Fmedia&parent=3281"}],"wp:term":[{"taxonomy":"category","embeddable":true,"href":"https:\/\/cebilbilitanos.com\/index.php?rest_route=%2Fwp%2Fv2%2Fcategories&post=3281"},{"taxonomy":"post_tag","embeddable":true,"href":"https:\/\/cebilbilitanos.com\/index.php?rest_route=%2Fwp%2Fv2%2Ftags&post=3281"}],"curies":[{"name":"wp","href":"https:\/\/api.w.org\/{rel}","templated":true}]}}