{"id":3273,"date":"2025-11-25T18:57:52","date_gmt":"2025-11-25T17:57:52","guid":{"rendered":"https:\/\/cebilbilitanos.com\/?p=3273"},"modified":"2025-11-25T18:59:38","modified_gmt":"2025-11-25T17:59:38","slug":"conferencia-emilio-jimeno-gil-calatayud-1886-madrid-1976","status":"publish","type":"post","link":"https:\/\/cebilbilitanos.com\/?p=3273","title":{"rendered":"CONFERENCIA: EMILIO JIMENO GIL (Calatayud, 1886-Madrid, 1976)"},"content":{"rendered":"\n<div class=\"wp-block-group is-vertical is-layout-flex wp-container-1\">\n<p><strong>D\u00eda:<\/strong> 26 de noviembre de 2025<\/p>\n\n\n\n<p><strong>Hora: <\/strong>19:00h<\/p>\n\n\n\n<p><strong>Lugar:<\/strong> Sal\u00f3n Multiusos del Ayuntamiento de Calatayud (Plaza de Costa, 14)<\/p>\n<\/div>\n\n\n\n<p>El profesor <strong>Vicente Alejandre Alcalde<\/strong>, licenciado en Ciencias Qu\u00edmicas por la Universidad de Zaragoza, abordar\u00e1 la relevancia cient\u00edfica de <strong>Emilio Jimeno Gil<\/strong>:<\/p>\n\n\n<div class=\"wp-block-image\">\n<figure class=\"aligncenter size-full\"><a href=\"https:\/\/cebilbilitanos.com\/wp-content\/uploads\/2025\/11\/Emilio-Jimeno.jpg\"><img decoding=\"async\" loading=\"lazy\" width=\"150\" height=\"200\" src=\"https:\/\/cebilbilitanos.com\/wp-content\/uploads\/2025\/11\/Emilio-Jimeno.jpg\" alt=\"\" class=\"wp-image-3274\"\/><\/a><\/figure><\/div>\n\n\n<p><br><strong>Emilio Jimeno<\/strong> <strong>Gil<\/strong> fue catedr\u00e1tico de Qu\u00edmica Inorg\u00e1nica por oposici\u00f3n de la Universidad de Oviedo y posteriormente por concurso de las de Barcelona y Madrid. Puede considerarse el \u201cpadre\u201d de la metalurgia en Espa\u00f1a. Fue fundador del Instituto de la Metalurgia y de la Mec\u00e1nica, as\u00ed como de la revista <em>Metalurgia<\/em> y <em>Construcci\u00f3n Mec\u00e1nica<\/em>, publicada por la Universidad de Barcelona. Fue rector de la universidad de Barcelona y miembro numerario de la Real Academia de Ciencias y Artes de Barcelona, de honor de la Royal Society de Edimburgo y de la Real Academia de Ciencias Exactas, F\u00edsicas y Naturales.<\/p>\n","protected":false},"excerpt":{"rendered":"<p>D\u00eda: 26 de noviembre de 2025 Hora: 19:00h Lugar: Sal\u00f3n Multiusos del Ayuntamiento de Calatayud (Plaza de Costa, 14) El profesor Vicente Alejandre Alcalde, licenciado en Ciencias Qu\u00edmicas por la Universidad de Zaragoza, abordar\u00e1 la relevancia cient\u00edfica de Emilio Jimeno &hellip; <a href=\"https:\/\/cebilbilitanos.com\/?p=3273\">Sigue leyendo <span class=\"meta-nav\">&rarr;<\/span><\/a><\/p>\n","protected":false},"author":1,"featured_media":0,"comment_status":"closed","ping_status":"open","sticky":false,"template":"","format":"standard","meta":[],"categories":[23],"tags":[],"_links":{"self":[{"href":"https:\/\/cebilbilitanos.com\/index.php?rest_route=\/wp\/v2\/posts\/3273"}],"collection":[{"href":"https:\/\/cebilbilitanos.com\/index.php?rest_route=\/wp\/v2\/posts"}],"about":[{"href":"https:\/\/cebilbilitanos.com\/index.php?rest_route=\/wp\/v2\/types\/post"}],"author":[{"embeddable":true,"href":"https:\/\/cebilbilitanos.com\/index.php?rest_route=\/wp\/v2\/users\/1"}],"replies":[{"embeddable":true,"href":"https:\/\/cebilbilitanos.com\/index.php?rest_route=%2Fwp%2Fv2%2Fcomments&post=3273"}],"version-history":[{"count":2,"href":"https:\/\/cebilbilitanos.com\/index.php?rest_route=\/wp\/v2\/posts\/3273\/revisions"}],"predecessor-version":[{"id":3276,"href":"https:\/\/cebilbilitanos.com\/index.php?rest_route=\/wp\/v2\/posts\/3273\/revisions\/3276"}],"wp:attachment":[{"href":"https:\/\/cebilbilitanos.com\/index.php?rest_route=%2Fwp%2Fv2%2Fmedia&parent=3273"}],"wp:term":[{"taxonomy":"category","embeddable":true,"href":"https:\/\/cebilbilitanos.com\/index.php?rest_route=%2Fwp%2Fv2%2Fcategories&post=3273"},{"taxonomy":"post_tag","embeddable":true,"href":"https:\/\/cebilbilitanos.com\/index.php?rest_route=%2Fwp%2Fv2%2Ftags&post=3273"}],"curies":[{"name":"wp","href":"https:\/\/api.w.org\/{rel}","templated":true}]}}