{"id":3269,"date":"2025-11-17T22:48:07","date_gmt":"2025-11-17T21:48:07","guid":{"rendered":"https:\/\/cebilbilitanos.com\/?p=3269"},"modified":"2025-11-17T22:48:07","modified_gmt":"2025-11-17T21:48:07","slug":"conferencia-aurelio-romeo-lozano-calatayud-1880-monterrey-mexico-1944","status":"publish","type":"post","link":"https:\/\/cebilbilitanos.com\/?p=3269","title":{"rendered":"Conferencia: Aurelio Romeo Lozano (Calatayud, 1880-Monterrey, M\u00e9xico, 1944)"},"content":{"rendered":"\n<div class=\"wp-block-group is-layout-constrained\"><div class=\"wp-block-group__inner-container\">\n<div class=\"wp-block-group is-layout-constrained\"><div class=\"wp-block-group__inner-container\">\n<div class=\"wp-block-group is-layout-constrained\"><div class=\"wp-block-group__inner-container\">\n<div class=\"wp-block-group is-layout-constrained\"><div class=\"wp-block-group__inner-container\">\n<p><strong>D\u00eda:<\/strong> 19 de noviembre de 2025 <\/p>\n\n\n\n<p><strong>Hora: <\/strong>19:00h<\/p>\n\n\n\n<p><strong>Lugar:<\/strong> Sal\u00f3n Multiusos del Ayuntamiento de Calatayud (Plaza de Costa, 14) <\/p>\n<\/div><\/div>\n<\/div><\/div>\n<\/div><\/div>\n<\/div><\/div>\n\n\n\n<figure class=\"wp-block-image size-full\"><a href=\"https:\/\/cebilbilitanos.com\/wp-content\/uploads\/2025\/11\/Captura-de-pantalla-2025-11-17-224351.jpg\"><img decoding=\"async\" loading=\"lazy\" width=\"284\" height=\"383\" src=\"https:\/\/cebilbilitanos.com\/wp-content\/uploads\/2025\/11\/Captura-de-pantalla-2025-11-17-224351.jpg\" alt=\"\" class=\"wp-image-3270\" srcset=\"https:\/\/cebilbilitanos.com\/wp-content\/uploads\/2025\/11\/Captura-de-pantalla-2025-11-17-224351.jpg 284w, https:\/\/cebilbilitanos.com\/wp-content\/uploads\/2025\/11\/Captura-de-pantalla-2025-11-17-224351-222x300.jpg 222w\" sizes=\"(max-width: 284px) 100vw, 284px\" \/><\/a><figcaption class=\"wp-element-caption\">Aurelio Romeo Lozano. Fuente: Real Academia Nacional de Medicina<\/figcaption><\/figure>\n\n\n\n<p>El director del Hospital Ernest Lluch de Calatayud, Jorge S\u00e1nchez Mel\u00fas, graduado en Medicina por la Universidad de Zaragoza, nos introducir\u00e1 en la trayectoria humana y profesional de:<\/p>\n\n\n\n<p><strong>Aurelio Romeo Lozano<\/strong> fue un m\u00e9dico pediatra, uno de los pioneros de la pediatr\u00eda en Espa\u00f1a. Presidente del Comit\u00e9 Central de la Cruz Roja Espa\u00f1ola durante la Segunda Rep\u00fablica. Redactor y colaborador en prensa cient\u00edfica y divulgativa, cofundador de diversas revistas<br>m\u00e9dicas. <\/p>\n\n\n\n<p>Finalizada la Guerra Civil, se exili\u00f3 en M\u00e9xico llegando a bordo del buque Siboney en agosto de 1939. Iba acompa\u00f1ado de su esposa Isidora del Valle. En el pa\u00eds azteca trabaj\u00f3 en la  Universidad de Monterrey.<\/p>\n","protected":false},"excerpt":{"rendered":"<p>D\u00eda: 19 de noviembre de 2025 Hora: 19:00h Lugar: Sal\u00f3n Multiusos del Ayuntamiento de Calatayud (Plaza de Costa, 14) El director del Hospital Ernest Lluch de Calatayud, Jorge S\u00e1nchez Mel\u00fas, graduado en Medicina por la Universidad de Zaragoza, nos introducir\u00e1 &hellip; <a href=\"https:\/\/cebilbilitanos.com\/?p=3269\">Sigue leyendo <span class=\"meta-nav\">&rarr;<\/span><\/a><\/p>\n","protected":false},"author":1,"featured_media":0,"comment_status":"closed","ping_status":"open","sticky":false,"template":"","format":"standard","meta":[],"categories":[23],"tags":[],"_links":{"self":[{"href":"https:\/\/cebilbilitanos.com\/index.php?rest_route=\/wp\/v2\/posts\/3269"}],"collection":[{"href":"https:\/\/cebilbilitanos.com\/index.php?rest_route=\/wp\/v2\/posts"}],"about":[{"href":"https:\/\/cebilbilitanos.com\/index.php?rest_route=\/wp\/v2\/types\/post"}],"author":[{"embeddable":true,"href":"https:\/\/cebilbilitanos.com\/index.php?rest_route=\/wp\/v2\/users\/1"}],"replies":[{"embeddable":true,"href":"https:\/\/cebilbilitanos.com\/index.php?rest_route=%2Fwp%2Fv2%2Fcomments&post=3269"}],"version-history":[{"count":1,"href":"https:\/\/cebilbilitanos.com\/index.php?rest_route=\/wp\/v2\/posts\/3269\/revisions"}],"predecessor-version":[{"id":3271,"href":"https:\/\/cebilbilitanos.com\/index.php?rest_route=\/wp\/v2\/posts\/3269\/revisions\/3271"}],"wp:attachment":[{"href":"https:\/\/cebilbilitanos.com\/index.php?rest_route=%2Fwp%2Fv2%2Fmedia&parent=3269"}],"wp:term":[{"taxonomy":"category","embeddable":true,"href":"https:\/\/cebilbilitanos.com\/index.php?rest_route=%2Fwp%2Fv2%2Fcategories&post=3269"},{"taxonomy":"post_tag","embeddable":true,"href":"https:\/\/cebilbilitanos.com\/index.php?rest_route=%2Fwp%2Fv2%2Ftags&post=3269"}],"curies":[{"name":"wp","href":"https:\/\/api.w.org\/{rel}","templated":true}]}}