{"id":3262,"date":"2025-11-04T21:44:05","date_gmt":"2025-11-04T20:44:05","guid":{"rendered":"https:\/\/cebilbilitanos.com\/?p=3262"},"modified":"2025-11-04T21:44:05","modified_gmt":"2025-11-04T20:44:05","slug":"conferencia-conchita-del-valle-fernandez-calatayud-1905-madrid-1978","status":"publish","type":"post","link":"https:\/\/cebilbilitanos.com\/?p=3262","title":{"rendered":"CONFERENCIA: Conchita del Valle Fern\u00e1ndez (Calatayud, 1905-Madrid, 1978)."},"content":{"rendered":"\n<figure class=\"wp-block-image size-large\"><img decoding=\"async\" src=\"https:\/\/i0.wp.com\/santiagoramonycajal.org\/wp-content\/uploads\/2025\/04\/Conchita-del-Valle-Valvula-mitral.png?w=887&amp;ssl=1\" alt=\"\"\/><\/figure>\n\n\n\n<p class=\"has-text-align-center has-small-font-size\">Primer dibujo conocido de Conchita del Valle. Ilustraci\u00f3n realizada por Conchita del Valle a partir de un fragmento de una vegetaci\u00f3n de la v\u00e1lvula mitral obtenida en el curso de la autopsia de una paciente con endocarditis lenta de origen estreptoc\u00f3cico. Realizado en 1930 (Baquero et al., 2022). Fuente: <a href=\"http:\/\/gesdoc.isciii.es\/gesdoccontroller?action=download&amp;id=29\/06\/2022-1ed6789b30\">http:\/\/gesdoc.isciii.es\/gesdoccontroller?action=download&amp;id=29\/06\/2022-1ed6789b30<\/a>.<\/p>\n\n\n\n<div class=\"wp-block-group is-layout-constrained\"><div class=\"wp-block-group__inner-container\">\n<div class=\"wp-block-group is-vertical is-layout-flex wp-container-1\">\n<p><strong>D\u00eda: <\/strong>5 de noviembre de 2025<\/p>\n\n\n\n<p class=\"has-text-align-center\"><strong>Lugar: <\/strong>Sal\u00f3n Multiusos del Ayuntamiento de Calatayud (Plaza de Costa, 14)<\/p>\n\n\n\n<p class=\"has-text-align-center\"><strong>Hora: <\/strong>19:00 h.<\/p>\n<\/div>\n<\/div><\/div>\n\n\n\n<p>La profesora <strong>Almudena Fern\u00e1ndez Vaquero<\/strong>, licenciada y doctora en Medicina por la Universidad Complutense de Madrid, desarrollar\u00e1 la biograf\u00eda de:<br><strong>Conchita del Valle Fern\u00e1ndez (Calatayud, 1905-Madrid, 1978)<\/strong>.<br>Excepcional ilustradora cient\u00edfica que puso su arte principalmente al servicio de la Escuela de Cajal, concretamente de uno de sus disc\u00edpulos, Francisco Tello, natural de Alhama de Arag\u00f3n. Antes de la aparici\u00f3n de la t\u00e9cnica fotogr\u00e1fica, sus ilustraciones de gran precisi\u00f3n y atenci\u00f3n al detalle, convert\u00edan los hallazgos obtenidos a trav\u00e9s de un microscopio en im\u00e1genes claras y objetivas que facilitaban tanto el diagn\u00f3stico de enfermedades y la comprensi\u00f3n de procesos biol\u00f3gicos complejos como la ense\u00f1anza de la medicina.<\/p>\n","protected":false},"excerpt":{"rendered":"<p>Primer dibujo conocido de Conchita del Valle. Ilustraci\u00f3n realizada por Conchita del Valle a partir de un fragmento de una vegetaci\u00f3n de la v\u00e1lvula mitral obtenida en el curso de la autopsia de una paciente con endocarditis lenta de origen &hellip; <a href=\"https:\/\/cebilbilitanos.com\/?p=3262\">Sigue leyendo <span class=\"meta-nav\">&rarr;<\/span><\/a><\/p>\n","protected":false},"author":1,"featured_media":0,"comment_status":"closed","ping_status":"open","sticky":false,"template":"","format":"standard","meta":[],"categories":[30],"tags":[],"_links":{"self":[{"href":"https:\/\/cebilbilitanos.com\/index.php?rest_route=\/wp\/v2\/posts\/3262"}],"collection":[{"href":"https:\/\/cebilbilitanos.com\/index.php?rest_route=\/wp\/v2\/posts"}],"about":[{"href":"https:\/\/cebilbilitanos.com\/index.php?rest_route=\/wp\/v2\/types\/post"}],"author":[{"embeddable":true,"href":"https:\/\/cebilbilitanos.com\/index.php?rest_route=\/wp\/v2\/users\/1"}],"replies":[{"embeddable":true,"href":"https:\/\/cebilbilitanos.com\/index.php?rest_route=%2Fwp%2Fv2%2Fcomments&post=3262"}],"version-history":[{"count":1,"href":"https:\/\/cebilbilitanos.com\/index.php?rest_route=\/wp\/v2\/posts\/3262\/revisions"}],"predecessor-version":[{"id":3263,"href":"https:\/\/cebilbilitanos.com\/index.php?rest_route=\/wp\/v2\/posts\/3262\/revisions\/3263"}],"wp:attachment":[{"href":"https:\/\/cebilbilitanos.com\/index.php?rest_route=%2Fwp%2Fv2%2Fmedia&parent=3262"}],"wp:term":[{"taxonomy":"category","embeddable":true,"href":"https:\/\/cebilbilitanos.com\/index.php?rest_route=%2Fwp%2Fv2%2Fcategories&post=3262"},{"taxonomy":"post_tag","embeddable":true,"href":"https:\/\/cebilbilitanos.com\/index.php?rest_route=%2Fwp%2Fv2%2Ftags&post=3262"}],"curies":[{"name":"wp","href":"https:\/\/api.w.org\/{rel}","templated":true}]}}