{"id":3175,"date":"2024-04-09T14:21:36","date_gmt":"2024-04-09T12:21:36","guid":{"rendered":"http:\/\/cebilbilitanos.com\/?p=3175"},"modified":"2024-04-09T14:21:36","modified_gmt":"2024-04-09T12:21:36","slug":"la-familia-infanzona-de-los-gil-de-la-corona","status":"publish","type":"post","link":"https:\/\/cebilbilitanos.com\/?p=3175","title":{"rendered":"La familia infanzona de los Gil de la Corona"},"content":{"rendered":"\n<p>Francisco Tobajas Gallego<\/p>\n\n\n\n<p>&nbsp;&nbsp;&nbsp;&nbsp;&nbsp;&nbsp;&nbsp;&nbsp;&nbsp;&nbsp;&nbsp; Los Gil de la Corona comenzaron su relaci\u00f3n con Savi\u00f1\u00e1n a finales del siglo XVIII, con el matrimonio en 1792 entre Antonio Gil de la Corona y Sanz de Pliegos y Josefa Yepes del Campillo. Esta familia infanzona de los Gil de la Corona, todav\u00eda posee su casa solariega en Urrea de Jal\u00f3n, con su escudo nobiliario, donde se representan dos peces, que declaran su origen c\u00e1ntabro, de donde parece ser originario este apellido. Vecina a ella se levanta la casa solariega de la familia Trasobares. Anteriormente, los Gil de la Corona hab\u00edan sido vecinos de la villa de Ejea de los Caballeros.<\/p>\n\n\n\n<p>&nbsp;&nbsp;&nbsp;&nbsp;&nbsp;&nbsp;&nbsp;&nbsp;&nbsp;&nbsp;&nbsp; Como caballero hijosdalgo residente en Ejea, Juan Antonio Gil de la Corona particip\u00f3 en las Cortes del Reino de Arag\u00f3n de 1702-1704. Para ser insaculados como diputados y para su habilitaci\u00f3n, los hijosdalgo presentaban sus ejecutorias de infanzon\u00eda: firma en propiedad, firma posesoria, firma titular, firma sobrecarta y reales privilegios de caballeratos. Eso demostraba que entre los hidalgos exist\u00edan diversos grados de infanzon\u00eda.&nbsp;&nbsp;&nbsp;&nbsp;&nbsp;&nbsp;&nbsp; En estas Cortes de 1702-1704 tambi\u00e9n particip\u00f3 el hijosdalgo Jos\u00e9 Mart\u00ednez, de Savi\u00f1\u00e1n.<\/p>\n\n\n\n<p>&nbsp;&nbsp;&nbsp;&nbsp;&nbsp;&nbsp;&nbsp;&nbsp;&nbsp;&nbsp;&nbsp; En el padr\u00f3n de infanzones e hijosdalgo del corregimiento de las Cinco Villas, llevado a cabo el 28 de diciembre de 1787, no aparec\u00eda ning\u00fan Gil de la Corona en Ejea.<\/p>\n\n\n\n<p>&nbsp;&nbsp;&nbsp;&nbsp;&nbsp;&nbsp;&nbsp;&nbsp;&nbsp;&nbsp;&nbsp; El 26 de agosto de 1721, el rey resolvi\u00f3 que la Audiencia escuchara a Antonio Gil de la Corona, sobre la restituci\u00f3n de unos bienes que le pertenec\u00edan y estaban secuestrados en la villa de Ejea.<\/p>\n\n\n\n<p>&nbsp;&nbsp;&nbsp;&nbsp;&nbsp;&nbsp;&nbsp;&nbsp;&nbsp;&nbsp;&nbsp; En 1750, Agust\u00edn y Andr\u00e9s Gil de la Corona se\u00f1alaban que en Ejea resid\u00edan infanzones, que estaban insaculados en las bolsas de los oficios de la villa, como eran: justicias, jurado mayor y segundo, y s\u00edndico de Cortes, donde no se admit\u00edan a los dem\u00e1s vecinos que no fueran infanzones. Desde tiempo inmemorial, hasta doce a\u00f1os a esta parte, hab\u00eda habido una familia llamada Gil, cuyos descendientes por l\u00ednea masculina, hab\u00edan sido reputados por infanzones e hijosdalgo de sangre y solar conocido. Para distinguirse y diferenciarse de las otras familias del mismo apellido, hab\u00edan tomado el renombre de Gil de la Corona, por haber tenido radicado su domicilio en el barrio y calle de la Corona de esta villa, cuyos descendientes varones hab\u00edan sido reputados por infanzones, insacul\u00e1ndose en las bolsas de los expresados oficios, gozando de todos los honores y prerrogativas de los infanzones, sin contradicci\u00f3n alguna.<\/p>\n\n\n\n<p>\u00a0\u00a0\u00a0\u00a0\u00a0\u00a0\u00a0\u00a0\u00a0\u00a0\u00a0 Hac\u00eda como ciento cincuenta a\u00f1os, que la familia hab\u00eda tenido un var\u00f3n llamado Juan Gil de la Corona, que hab\u00eda casado en Ejea con Sabina del Bosque D\u00edez Cruzat. Su hijo Juan Casimiro hab\u00eda contra\u00eddo matrimonio en Ejea con Antonia Garria, y en segundas nupcias con Francisca Pi\u00f1\u00f3n, tambi\u00e9n en Ejea. De su primer matrimonio, Juan Casimiro hab\u00eda sido padre de Juan Antonio y del segundo de Agust\u00edn.<\/p>\n\n\n\n<figure class=\"wp-block-image size-large\"><a href=\"http:\/\/cebilbilitanos.com\/wp-content\/uploads\/2024\/04\/GIL-DE-LA-CORONA.-ESCUDO.jpg\"><img decoding=\"async\" loading=\"lazy\" width=\"934\" height=\"1024\" src=\"http:\/\/cebilbilitanos.com\/wp-content\/uploads\/2024\/04\/GIL-DE-LA-CORONA.-ESCUDO-934x1024.jpg\" alt=\"\" class=\"wp-image-3176\" srcset=\"https:\/\/cebilbilitanos.com\/wp-content\/uploads\/2024\/04\/GIL-DE-LA-CORONA.-ESCUDO-934x1024.jpg 934w, https:\/\/cebilbilitanos.com\/wp-content\/uploads\/2024\/04\/GIL-DE-LA-CORONA.-ESCUDO-274x300.jpg 274w, https:\/\/cebilbilitanos.com\/wp-content\/uploads\/2024\/04\/GIL-DE-LA-CORONA.-ESCUDO-768x842.jpg 768w, https:\/\/cebilbilitanos.com\/wp-content\/uploads\/2024\/04\/GIL-DE-LA-CORONA.-ESCUDO-1401x1536.jpg 1401w, https:\/\/cebilbilitanos.com\/wp-content\/uploads\/2024\/04\/GIL-DE-LA-CORONA.-ESCUDO.jpg 1729w\" sizes=\"(max-width: 934px) 100vw, 934px\" \/><\/a><figcaption>Escudo de los Gil de la Corona<\/figcaption><\/figure>\n\n\n\n<p>&nbsp;&nbsp;&nbsp;&nbsp;&nbsp;&nbsp;&nbsp;&nbsp;&nbsp;&nbsp;&nbsp; Juan Antonio hab\u00eda contra\u00eddo matrimonio en Ejea con Mar\u00eda Navarro, siendo padres de Andr\u00e9s. Hac\u00eda unos cuarenta y dos a\u00f1os, que Juan Antonio hab\u00eda mudado su domicilio a Urrea de Jal\u00f3n, donde era tenido por infanz\u00f3n, sin pagar pechas ni cargas concejiles. Agust\u00edn hab\u00eda casado con Teresa Larcada, siendo padres de Pedro. En 1743-1745, Agust\u00edn aparece como notario domiciliado en Zaragoza. En 1779, Pedro era vecino de Zaragoza.<\/p>\n\n\n\n<p>&nbsp;&nbsp;&nbsp;&nbsp;&nbsp;&nbsp;&nbsp;&nbsp;&nbsp;&nbsp;&nbsp; Andr\u00e9s Gil de la Corona Navarro hab\u00eda casado en Urrea de Jal\u00f3n con Mar\u00eda Sanz de Pliegos, siendo padres de Antonio y Mariano.<\/p>\n\n\n\n<p>&nbsp;&nbsp;&nbsp;&nbsp;&nbsp;&nbsp;&nbsp;&nbsp;&nbsp;&nbsp;&nbsp; En 1701, a instancia de Juan Antonio Gil de la Corona, la Corte del Justicia le hab\u00eda concedido unas letras de firma posesoria de infanzon\u00eda a su favor y en 1719 solicit\u00f3 que se le concediese sobrecarta de esta firma, que se despach\u00f3 en 1745. Por auto de 20 de abril de 1746, se mand\u00f3 que el ayuntamiento de Urrea empadronara a Andr\u00e9s Gil en&nbsp; la lista de infanzones. En 1750 se mandaba despachar Real Provisi\u00f3n, para que se notificara a los ayuntamientos de Ejea, Urrea y Zaragoza, y al conde de Aranda, por si tuvieran que alegar sobre su contenido en diez d\u00edas.<\/p>\n\n\n\n<p>&nbsp;&nbsp;&nbsp;&nbsp;&nbsp;&nbsp;&nbsp;&nbsp;&nbsp;&nbsp;&nbsp; El 6 de febrero de 1727, el conde de Aranda nombr\u00f3 a Juan Antonio Gil de la Corona, secretario del ayuntamiento de Urrea de Jal\u00f3n. El 29 de octubre de 1759, al quedar vacante esta plaza, el conde de Aranda nombraba nuevo secretario del ayuntamiento y del Juzgado a Jos\u00e9 y a Juan Francisco Baquerizo, respectivamente.<\/p>\n\n\n\n<p>&nbsp;&nbsp;&nbsp;&nbsp;&nbsp;&nbsp;&nbsp;&nbsp;&nbsp;&nbsp;&nbsp; Ante el notario Juan Francisco Baquerizo, de Urrea de Jal\u00f3n, Juan Antonio Gil de la Corona, notario real, y Mar\u00eda Navarro, vecinos de Urrea de Jal\u00f3n, otorgaron testamento el 21 de julio de 1753.<\/p>\n\n\n\n<p>&nbsp;&nbsp;&nbsp;&nbsp;&nbsp;&nbsp;&nbsp;&nbsp;&nbsp;&nbsp;&nbsp; En \u00e9l se\u00f1alaban su deseo de ser enterrados en la parroquia de esta villa, gastando por cada uno de ellos 57 libras. El sobrante de todos los gastos funerarios, se aplicar\u00edan en misas. Deb\u00edan celebrarse cien misas en el convento de San Crist\u00f3bal de Alpartir y el resto las dejaban a disposici\u00f3n de Fr. Juan Gil de la Corona y Fr. Francisco Gil de la Corona, sus hijos frailes de la orden de San Francisco.<\/p>\n\n\n\n<p>&nbsp;&nbsp;&nbsp;&nbsp;&nbsp;&nbsp;&nbsp;&nbsp;&nbsp;&nbsp;&nbsp; Deb\u00edan pagarse todas sus deudas. Nombraban herederos a Fr. Juan, Fr. Francisco, Andr\u00e9s, Mar\u00eda Antonia, Isabelana y Catalina, sus hijos.&nbsp;&nbsp;&nbsp;&nbsp;&nbsp;&nbsp;&nbsp;&nbsp;&nbsp; De gracia especial dejaban 50 libras a Mar\u00eda Antonia en ropa blanca, o en otra especie que a sus herederos pareciera, una vez trascurridos tres a\u00f1os del fallecimiento de los testadores.<\/p>\n\n\n\n<p>&nbsp;&nbsp;&nbsp;&nbsp;&nbsp;&nbsp;&nbsp;&nbsp;&nbsp;&nbsp;&nbsp; A su nieta Mar\u00eda Magdalena, hija de Andr\u00e9s Gil de la Corona y Mar\u00eda Pliegos, le dejaban de gracia especial seis s\u00e1banas, tres de lino y tres de c\u00e1\u00f1amo, para cuando tomara estado. Y para este fin le ced\u00edan tambi\u00e9n, el derecho que les pertenec\u00eda del cobro del legado del licenciado Francisco Garc\u00eda, por su hijo Fr. Francisco Gil, seg\u00fan constaba en su testamento, otorgado antes de su profesi\u00f3n en el convento de Jes\u00fas de Zaragoza, a excepci\u00f3n de 100 reales, que servir\u00edan para que este \u00faltimo socorriera sus necesidades. Nombraban herederos del resto de los bienes a sus hijas Isabelana y Catalina. Y ejecutores de su testamento a sus hijos Fr. Juan, Fr. Francisco y Andr\u00e9s, y a Agust\u00edn, hermano del otorgante, domiciliado en Zaragoza.<\/p>\n\n\n\n<p>&nbsp;&nbsp;&nbsp;&nbsp;&nbsp;&nbsp;&nbsp;&nbsp;&nbsp;&nbsp;&nbsp; En Urrea de Jal\u00f3n y ante el mismo notario, el 10 de enero de 1758, Mar\u00eda Navarro, viuda de Juan Antonio Gil de la Corona, como heredera, seg\u00fan su testamento otorgado el 21 de julio de 1753, nombraba procurador a Eusebio Estepa, su yerno y vecino de Urrea, para que en su nombre pudiera recibir y cobrar dinero de pensiones de censales, treudos y arrendamientos. Tambi\u00e9n le daba poder para pleitos. En virtud de este poder, Eusebio Estepa nombraba en Zaragoza, el 9 de mayo de 1758, a varios procuradores para pleitos de la Real Audiencia de Arag\u00f3n.<\/p>\n\n\n\n<p>&nbsp;&nbsp;&nbsp;&nbsp;&nbsp;&nbsp;&nbsp;&nbsp;&nbsp;&nbsp;&nbsp; El 16 de enero de 1770, una Real Provisi\u00f3n del Real Consejo se\u00f1alaba que un pleito, que en grado de revista se segu\u00eda en la Real Audiencia, entre Manuel de Pliegos y Antonio Gil de la Corona, sobre pertenencia de bienes, se viera con los ministros de una sala, no de las dos salas como se hab\u00eda pedido, y con asistencia del regente. Antonio Gil de la Corona, oficial del Cuerpo de voluntarios de Infanter\u00eda de Arag\u00f3n y residente en la Corte, Jacinto Compa\u00f1o, que estaba casado con M\u00aa Antonia Pliegos, vecinos de Zaragoza, y Jos\u00e9 Garc\u00eda Pliegos, labrador y vecino de Urrea de Jal\u00f3n, segu\u00edan un pleito en la Real Audiencia con Manuel Pliegos y otros, sobre la pertenencia de varios bienes, que constaban en el testamento otorgado por Miguel Pliegos, por fallecimiento de su hijo Manuel sin haber tomado estado.<\/p>\n\n\n\n<p>&nbsp;&nbsp;&nbsp;&nbsp;&nbsp;&nbsp;&nbsp;&nbsp;&nbsp;&nbsp;&nbsp; El 12 de septiembre de 1792 y ante el notario de Mor\u00e9s, Pedro Enguid, Pedro Santos Gil, labrador de Cari\u00f1ena, procurador de su mujer Manuela L\u00f3pez, vend\u00eda a Antonio Gil de la Corona, capit\u00e1n retirado del Regimiento de Voluntarios de Andaluc\u00eda y vecino de Urrea de Jal\u00f3n, 72 sueldos de censo, que se deb\u00edan pagar el d\u00eda de la fecha de la escritura, por 220 libras de propiedad, que reconoc\u00eda haber recibido.&nbsp;&nbsp;&nbsp;&nbsp;&nbsp;<\/p>\n\n\n\n<p>&nbsp;&nbsp;&nbsp;&nbsp;&nbsp;&nbsp;&nbsp;&nbsp;&nbsp;&nbsp;&nbsp; El 26 de noviembre de 1792 y en Savi\u00f1\u00e1n, Antonio Gil de la Corona y Sanz de Pliegos, capit\u00e1n agregado al Estado Mayor de Zaragoza, casaba a las seis de la tarde en casas de la novia, con Josefa Yepes del Campillo (1769-1862). Y el 3 de diciembre en el palacio del conde de Aranda de \u00c9pila, ante Joaqu\u00edn Castar, racionero de la iglesia de la villa y en presencia del regente de Savi\u00f1\u00e1n, ratificaron sus consentimientos Antonio Gil y Josefa Yepes, en orden al matrimonio que Ignacio Gil, procurador de Antonio Gil, hab\u00eda acordado con Josefa Yepes. En Urrea nacer\u00edan los tres hijos del matrimonio de los que tenemos noticia: Francisco (h1804-1846), Soledad, que casar\u00eda en Savi\u00f1\u00e1n y en 1852 con Camilo Sanz Marqueta, de Brea, y Antonio (h1810-1886). La familia pas\u00f3 a vivir a Savi\u00f1\u00e1n antes de 1846, a\u00f1o que los libros parroquiales de San Pedro, registraban el fallecimiento de Francisco Gil de la Corona Yepes, que se enterr\u00f3 en el cementerio de la Se\u00f1or\u00eda.<\/p>\n\n\n\n<p>&nbsp;&nbsp;&nbsp;&nbsp;&nbsp;&nbsp;&nbsp;&nbsp;&nbsp;&nbsp;&nbsp; Ignacio Gil de la Corona, procurador de su pariente Antonio, resid\u00eda en Mor\u00e9s, donde su familia ya estaba asentada a principios del siglo XVIII. Ignacio Gil Cort\u00e9s casar\u00eda con Francisca Mel\u00fas Graci\u00e1n, siendo padres en 1737 de Ignacio, que casar\u00eda con Francisca Lafuente Serrano. Ser\u00e1n padres de: Ignacio, que casar\u00eda en 1800 con Teresa Garc\u00e9s, Rosal\u00eda, que casar\u00eda en 1801 con Pascual Chueca Mart\u00ednez, Feliciana, que casar\u00eda en 1811 con Joaqu\u00edn Lozano, y Joaquina, que casar\u00eda en 1813 con Celidonio Elizaga. A esta familia pertenec\u00eda el escritor y pol\u00edtico Faustino Sancho y Gil (1850-1896).<\/p>\n\n\n\n<p>&nbsp;&nbsp;&nbsp;&nbsp;&nbsp;&nbsp;&nbsp;&nbsp;&nbsp;&nbsp;&nbsp; Antonio Gil de la Corona Yepes (h1810-1886) cas\u00f3 en Savi\u00f1\u00e1n en 1858 con Manuela Trasobares Gil de la Corona (h1829-1883). El matrimonio tuvo al menos tres hijos: Antonio (1859-1859), Isidro (1860-1862) y Francisco (1863-1912). El 6 de marzo de 1885, a las seis de la tarde y en casa de la habitaci\u00f3n de la novia, casaban Francisco Gil de la Corona Trasobares con Carmen Graci\u00e1n Campos (1861-1947). Su hija Manuela Gil de la Corona Graci\u00e1n cas\u00f3 en 1914 con Nicol\u00e1s Garc\u00eda Fando, de Ricla. El matrimonio tuvo dos hijos: Francisco (1915-1938) que falleci\u00f3 en Cella durante la guerra civil, siendo alf\u00e9rez provisional, y Fernando (1917-1987), que cas\u00f3 en 1944<a><\/a> en Santa Engracia de Zaragoza, con Teresa Renovales Chiloeches.<\/p>\n\n\n\n<p><strong>&nbsp;&nbsp;&nbsp;&nbsp;&nbsp;&nbsp;&nbsp;&nbsp;&nbsp;&nbsp;&nbsp; Documentos consultados<\/strong>:<\/p>\n\n\n\n<p>Archivo Hist\u00f3rico Provincial de Zaragoza, AHPZ, <em>Informes probanza de nobleza<\/em>, P\/001786\/0016.<\/p>\n\n\n\n<p>AHPZ, <em>Nombramientos de oficios p\u00fablicos<\/em>, P\/001786\/0010.<\/p>\n\n\n\n<p>AHPZ, <em>Reales \u00d3rdenes<\/em>, J\/001096\/0024, J\/000853\/0004 y J\/000855\/0016.<\/p>\n\n\n\n<p>Archivo Municipal de Calatayud, notario Pedro Enguid, <em>Libro<\/em> 0002461.<\/p>\n\n\n\n<p>Archivo Parroquial de Savi\u00f1\u00e1n, <em>Quinque libri de la iglesia parroquial de San Pedro Ap\u00f3stol<\/em>.<\/p>\n\n\n\n<p>Fantoni y Bened\u00ed, R. (1996): \u00abCaballeros hijosdalgo en las Cortes del Reino de 1702-1704 residentes en las provincias de Zaragoza y Teruel\u00bb, <em>Emblemata<\/em>, 2, 165-182.<\/p>\n\n\n\n<p>-(1999) \u00abPadr\u00f3n de infanzones e hijosdalgo del corregimiento de las Cinco Villas, 1737-1787\u00bb, <em>Hidalgu\u00eda<\/em>, 273.<\/p>\n","protected":false},"excerpt":{"rendered":"<p>Francisco Tobajas Gallego &nbsp;&nbsp;&nbsp;&nbsp;&nbsp;&nbsp;&nbsp;&nbsp;&nbsp;&nbsp;&nbsp; Los Gil de la Corona comenzaron su relaci\u00f3n con Savi\u00f1\u00e1n a finales del siglo XVIII, con el matrimonio en 1792 entre Antonio Gil de la Corona y Sanz de Pliegos y Josefa Yepes del Campillo. Esta &hellip; <a href=\"https:\/\/cebilbilitanos.com\/?p=3175\">Sigue leyendo <span class=\"meta-nav\">&rarr;<\/span><\/a><\/p>\n","protected":false},"author":1,"featured_media":0,"comment_status":"closed","ping_status":"open","sticky":false,"template":"","format":"standard","meta":[],"categories":[23],"tags":[26],"_links":{"self":[{"href":"https:\/\/cebilbilitanos.com\/index.php?rest_route=\/wp\/v2\/posts\/3175"}],"collection":[{"href":"https:\/\/cebilbilitanos.com\/index.php?rest_route=\/wp\/v2\/posts"}],"about":[{"href":"https:\/\/cebilbilitanos.com\/index.php?rest_route=\/wp\/v2\/types\/post"}],"author":[{"embeddable":true,"href":"https:\/\/cebilbilitanos.com\/index.php?rest_route=\/wp\/v2\/users\/1"}],"replies":[{"embeddable":true,"href":"https:\/\/cebilbilitanos.com\/index.php?rest_route=%2Fwp%2Fv2%2Fcomments&post=3175"}],"version-history":[{"count":1,"href":"https:\/\/cebilbilitanos.com\/index.php?rest_route=\/wp\/v2\/posts\/3175\/revisions"}],"predecessor-version":[{"id":3177,"href":"https:\/\/cebilbilitanos.com\/index.php?rest_route=\/wp\/v2\/posts\/3175\/revisions\/3177"}],"wp:attachment":[{"href":"https:\/\/cebilbilitanos.com\/index.php?rest_route=%2Fwp%2Fv2%2Fmedia&parent=3175"}],"wp:term":[{"taxonomy":"category","embeddable":true,"href":"https:\/\/cebilbilitanos.com\/index.php?rest_route=%2Fwp%2Fv2%2Fcategories&post=3175"},{"taxonomy":"post_tag","embeddable":true,"href":"https:\/\/cebilbilitanos.com\/index.php?rest_route=%2Fwp%2Fv2%2Ftags&post=3175"}],"curies":[{"name":"wp","href":"https:\/\/api.w.org\/{rel}","templated":true}]}}