{"id":3172,"date":"2024-03-22T09:02:47","date_gmt":"2024-03-22T08:02:47","guid":{"rendered":"http:\/\/cebilbilitanos.com\/?p=3172"},"modified":"2024-03-22T09:02:47","modified_gmt":"2024-03-22T08:02:47","slug":"algunos-datos-sobre-el-escultor-jose-quilez","status":"publish","type":"post","link":"https:\/\/cebilbilitanos.com\/?p=3172","title":{"rendered":"Algunos datos sobre el escultor Jos\u00e9 Qu\u00edlez"},"content":{"rendered":"\n<p>Francisco Tobajas Gallego<\/p>\n\n\n\n<p>\u00a0\u00a0\u00a0\u00a0\u00a0\u00a0\u00a0\u00a0\u00a0\u00a0\u00a0 La figura del escultor bilbilitano Jos\u00e9 Qu\u00edlez es muy desconocida. En 1682 se documentaba en Ba\u00f1\u00f3n, en una comanda junto a otros escultores, y en 1689 y 1692 en San Mart\u00edn del R\u00edo, junto a su esposa. Jos\u00e9 Graci\u00e1n, en sus <em>Notas para la historia de Savi\u00f1\u00e1n<\/em>, se\u00f1alaba su participaci\u00f3n en los retablos de Santa Ana, de la Virgen del Pilar y del Santo Cristo, de la parroquial de Savi\u00f1\u00e1n. Tambi\u00e9n hac\u00eda responsable a la familia Qu\u00edlez del tabern\u00e1culo de la capilla de la Virgen del Rosario, pero sin aportar documentos.<\/p>\n\n\n\n<figure class=\"wp-block-image size-large\"><a href=\"http:\/\/cebilbilitanos.com\/wp-content\/uploads\/2024\/03\/JOSE-Y-FCO-QUILEZ-scaled.jpg\"><img decoding=\"async\" loading=\"lazy\" width=\"1024\" height=\"768\" src=\"http:\/\/cebilbilitanos.com\/wp-content\/uploads\/2024\/03\/JOSE-Y-FCO-QUILEZ-1024x768.jpg\" alt=\"\" class=\"wp-image-3173\" srcset=\"https:\/\/cebilbilitanos.com\/wp-content\/uploads\/2024\/03\/JOSE-Y-FCO-QUILEZ-1024x768.jpg 1024w, https:\/\/cebilbilitanos.com\/wp-content\/uploads\/2024\/03\/JOSE-Y-FCO-QUILEZ-300x225.jpg 300w, https:\/\/cebilbilitanos.com\/wp-content\/uploads\/2024\/03\/JOSE-Y-FCO-QUILEZ-768x576.jpg 768w, https:\/\/cebilbilitanos.com\/wp-content\/uploads\/2024\/03\/JOSE-Y-FCO-QUILEZ-1536x1152.jpg 1536w, https:\/\/cebilbilitanos.com\/wp-content\/uploads\/2024\/03\/JOSE-Y-FCO-QUILEZ-2048x1536.jpg 2048w\" sizes=\"(max-width: 1024px) 100vw, 1024px\" \/><\/a><\/figure>\n\n\n\n<p>&nbsp;&nbsp;&nbsp;&nbsp;&nbsp;&nbsp;&nbsp;&nbsp;&nbsp;&nbsp;&nbsp; El 5 de noviembre de 1703 y ante el notario Pascual Antonio Cebri\u00e1n, Pedro Lorente, infanz\u00f3n domiciliado en Zaragoza, y Jos\u00e9 Qu\u00edlez, maestro escultor y vecino de Calatayud, acordaban una serie de pactos:<\/p>\n\n\n\n<p>&nbsp;&nbsp;&nbsp;&nbsp;&nbsp;&nbsp;&nbsp;&nbsp;&nbsp;&nbsp;&nbsp; Jos\u00e9 Qu\u00edlez deb\u00eda trabajar un retablo para la capilla que pose\u00eda Lorente en la parroquial de Cervera<a><\/a>, bajo la invocaci\u00f3n de San Miguel. El retablo deb\u00eda tener dos sotabancos, con el ancho correspondiente, adornado con el dibujo que mostraba la traza. Sobre la mesa del altar deb\u00eda asentarse su pedestal, adornado con el dibujo que mostraba la traza, con cuatro pinturas que hab\u00edan de colocarse en \u00e9l, a costa de Pedro Lorente.<\/p>\n\n\n\n<p>&nbsp;&nbsp;&nbsp;&nbsp;&nbsp;&nbsp;&nbsp;&nbsp;&nbsp;&nbsp;&nbsp; Sobre el pedestal deb\u00edan asentarse cuatro columnas salom\u00f3nicas, adornadas de talla, con sus entre columnas adornadas con sus marcos y dos estatuas de escultura, una de San Pedro y otra de San Pablo, con sus repisas, donde se sentar\u00edan las tallas y encima sus tarjetas. En medio del cuerpo principal, hab\u00eda de haber un nicho, con un marco recodillado de talla, con la estatua de San Miguel de escultura.<\/p>\n\n\n\n<p>&nbsp;&nbsp;&nbsp;&nbsp;&nbsp;&nbsp;&nbsp;&nbsp;&nbsp;&nbsp;&nbsp; Sobre el cuerpo principal deb\u00eda sentarse su cornisa, adornada con medallones de talla de buen relieve. Encima de la caja principal, ir\u00eda un tarjet\u00f3n de talla de buen relieve y todo lo dem\u00e1s con el orden de la traza. Sobre la cornisa se dispondr\u00eda su banquillo adornado de talla y molduras, con el orden que mostraba el dibujo de la traza.<\/p>\n\n\n\n<p>&nbsp;&nbsp;&nbsp;&nbsp;&nbsp;&nbsp;&nbsp;&nbsp;&nbsp;&nbsp;&nbsp; Encima del banquillo se dispondr\u00eda en medio un nicho, con su marco recodillado y la talla de San Francisco de As\u00eds. Se adornar\u00eda el resto de pulseras, columnas y tarjetas de remate, con las armas de Pedro Lorente.<\/p>\n\n\n\n<p>&nbsp;&nbsp;&nbsp;&nbsp;&nbsp;&nbsp;&nbsp;&nbsp;&nbsp;&nbsp;&nbsp; Para el centro de la c\u00fapula de la capilla, se har\u00eda un flor\u00f3n de talla con relieve.<\/p>\n\n\n\n<p>&nbsp;&nbsp;&nbsp;&nbsp;&nbsp;&nbsp;&nbsp;&nbsp;&nbsp;&nbsp;&nbsp; Qu\u00edlez deb\u00eda dar concluida la obra el 14 de septiembre de 1704. Lorente pagar\u00eda 2000 sueldos, en tres plazos. 666 sueldos y 8 dineros al presente, otra misma cantidad a la mitad de sus trabajos y el resto al concluir la obra. Para ello los dos se obligaban con sus personas y bienes.<\/p>\n\n\n\n<p>&nbsp;&nbsp;&nbsp;&nbsp;&nbsp;&nbsp;&nbsp;&nbsp;&nbsp;&nbsp;&nbsp; El 8 de enero de 1706 y ante el notario Juan Antonio de Rada, Jos\u00e9 Qu\u00edlez y Rosa Bigristin, vecinos de Calatayud, impon\u00edan a&nbsp; favor de Isabel Garc\u00eda, viuda de Francisco P\u00e9rez, 50 sueldos censales, a pagar cada 8 de enero, por 1000 sueldos de propiedad, obligando una casa en la Plaza de la Comunidad, parroquia de San Torcuato, que confrontaba con casa de herederos de Alonso de la Cerda, casas de la capellan\u00eda que pose\u00eda Juan de Heredia, Plaza de la Comunidad y calle de las Recogidas.<\/p>\n\n\n\n<p>&nbsp;&nbsp;&nbsp;&nbsp;&nbsp;&nbsp;&nbsp;&nbsp;&nbsp;&nbsp;&nbsp; El 10 de septiembre de 1711 y ante el notario Juan Antonio de Rada, el escultor Jos\u00e9 Qu\u00edlez y el maestro de canter\u00eda Manuel Ayarza, otorgaban tener una comanda de 2000 sueldos de mos\u00e9n Miguel G\u00f3mez y de mos\u00e9n Juan de Moros, presb\u00edteros y habitantes de Ateca, limosneros de la f\u00e1brica de la capilla y altar de Nuestra Se\u00f1ora de la Peana, que se constru\u00eda entonces en la iglesia parroquial.<\/p>\n\n\n\n<p>&nbsp;&nbsp;&nbsp;&nbsp;&nbsp;&nbsp;&nbsp;&nbsp;&nbsp;&nbsp;&nbsp; El 10 de agosto de 1719 y ante el notario Antonio Sanz de Larrea, Jos\u00e9 Qu\u00edlez, escultor, Jos\u00e9 Morata, carpintero, y Antonio Chamarra, rodeznero, otorgaban tener una comanda de 2000 sueldos de la Cofrad\u00eda de San Jos\u00e9, fundada en la colegiata de Santa Mar\u00eda. El mismo d\u00eda, Esteban S\u00e1nchez, carpintero, Francisco Paesa, carretero, y Jos\u00e9 Marco, zucrero, otorgaban tener una comanda de 4000 sueldos de la misma cofrad\u00eda.<\/p>\n\n\n\n<p>&nbsp;&nbsp;&nbsp;&nbsp;&nbsp;&nbsp;&nbsp;&nbsp;&nbsp;&nbsp;&nbsp; El 2 de marzo de 1723 y ante Juan Antonio de Rada, Jos\u00e9 y Francisco Qu\u00edlez, padre e hijo y escultores, reconoc\u00edan tener una comanda de 2340 sueldos de Fr. Francisco Tiburcio Carreras, prior de la iglesia de Villalengua.<\/p>\n\n\n\n<p>&nbsp;&nbsp;&nbsp;&nbsp;&nbsp;&nbsp;&nbsp;&nbsp;&nbsp;&nbsp;&nbsp; El 21 de octubre de 1738 y ante el notario Manuel de Rada, el escultor Francisco Qu\u00edlez nombraba procurador, para que reconociera tener una comanda de 235 libras, de los conservadores de la \u00faltima concordia de la ciudad de Calatayud con sus acreedores censalistas, y para que confesara haberlas recibido en su nombre.<\/p>\n\n\n\n<p>&nbsp;&nbsp;&nbsp;&nbsp;&nbsp;&nbsp;&nbsp;&nbsp;&nbsp;&nbsp;&nbsp; El 11 de febrero de 1740 y ante el notario Jos\u00e9 de Rada, Francisco Qu\u00edlez casado con Mar\u00eda Aznar, Valero Ram\u00f3n casado con Mar\u00eda Qu\u00edlez, Antonio Zabalo casado con Josefa Qu\u00edlez y Pedro Qu\u00edlez casado con Ana Mar\u00eda Miedes, vecinos de Calatayud, se\u00f1alaban que sus padres Jos\u00e9 Qu\u00edlez y Rosa Bigristin, hab\u00edan fallecido sin haber hecho disposici\u00f3n de sus bienes, por lo que se consideraban herederos a partes iguales, junto a Rosa Qu\u00edlez, casada con Francisco Arru\u00e9, y Teresa Qu\u00edlez, casada con Domingo Arru\u00e9.<\/p>\n\n\n\n<p>&nbsp;&nbsp;&nbsp;&nbsp;&nbsp;&nbsp;&nbsp;&nbsp;&nbsp;&nbsp;&nbsp; Los arriba nombrados renunciaban a favor de Rosa, Teresa y sus maridos, a los bienes muebles que hab\u00edan quedado a la muerte de sus padres, con obligaci\u00f3n de entregar 24 libras a Pedro y a su mujer, que declaraban haber recibido.<\/p>\n\n\n\n<p>&nbsp;&nbsp;&nbsp;&nbsp;&nbsp;&nbsp;&nbsp;&nbsp;&nbsp;&nbsp;&nbsp; Para el matrimonio entre Mar\u00eda Qu\u00edlez y Valero Ram\u00f3n, sus padres les hab\u00edan asignado una casa en la Plaza de la Compa\u00f1\u00eda de Jes\u00fas, que confrontaba con el colegio de la misma Compa\u00f1\u00eda y casa del racionero Jos\u00e9 Mart\u00ednez, con obligaci\u00f3n de pagar 100 libras al convento de San Pedro M\u00e1rtir, con 100 sueldos de renta anual. El resto de los hermanos renunciaban como herederos, obligando a Francisco y a Domingo Arru\u00e9, con sus respectivas esposas, a pagar al convento de San Pedro M\u00e1rtir 50 libras, que era la mitad del censal, con las pensiones que devengaran desde entonces, con la facultad de redimirlas.<\/p>\n","protected":false},"excerpt":{"rendered":"<p>Francisco Tobajas Gallego \u00a0\u00a0\u00a0\u00a0\u00a0\u00a0\u00a0\u00a0\u00a0\u00a0\u00a0 La figura del escultor bilbilitano Jos\u00e9 Qu\u00edlez es muy desconocida. En 1682 se documentaba en Ba\u00f1\u00f3n, en una comanda junto a otros escultores, y en 1689 y 1692 en San Mart\u00edn del R\u00edo, junto a su &hellip; <a href=\"https:\/\/cebilbilitanos.com\/?p=3172\">Sigue leyendo <span class=\"meta-nav\">&rarr;<\/span><\/a><\/p>\n","protected":false},"author":1,"featured_media":0,"comment_status":"closed","ping_status":"open","sticky":false,"template":"","format":"standard","meta":[],"categories":[23],"tags":[],"_links":{"self":[{"href":"https:\/\/cebilbilitanos.com\/index.php?rest_route=\/wp\/v2\/posts\/3172"}],"collection":[{"href":"https:\/\/cebilbilitanos.com\/index.php?rest_route=\/wp\/v2\/posts"}],"about":[{"href":"https:\/\/cebilbilitanos.com\/index.php?rest_route=\/wp\/v2\/types\/post"}],"author":[{"embeddable":true,"href":"https:\/\/cebilbilitanos.com\/index.php?rest_route=\/wp\/v2\/users\/1"}],"replies":[{"embeddable":true,"href":"https:\/\/cebilbilitanos.com\/index.php?rest_route=%2Fwp%2Fv2%2Fcomments&post=3172"}],"version-history":[{"count":1,"href":"https:\/\/cebilbilitanos.com\/index.php?rest_route=\/wp\/v2\/posts\/3172\/revisions"}],"predecessor-version":[{"id":3174,"href":"https:\/\/cebilbilitanos.com\/index.php?rest_route=\/wp\/v2\/posts\/3172\/revisions\/3174"}],"wp:attachment":[{"href":"https:\/\/cebilbilitanos.com\/index.php?rest_route=%2Fwp%2Fv2%2Fmedia&parent=3172"}],"wp:term":[{"taxonomy":"category","embeddable":true,"href":"https:\/\/cebilbilitanos.com\/index.php?rest_route=%2Fwp%2Fv2%2Fcategories&post=3172"},{"taxonomy":"post_tag","embeddable":true,"href":"https:\/\/cebilbilitanos.com\/index.php?rest_route=%2Fwp%2Fv2%2Ftags&post=3172"}],"curies":[{"name":"wp","href":"https:\/\/api.w.org\/{rel}","templated":true}]}}