{"id":3160,"date":"2024-01-05T19:10:15","date_gmt":"2024-01-05T18:10:15","guid":{"rendered":"http:\/\/cebilbilitanos.com\/?p=3160"},"modified":"2024-01-05T19:10:15","modified_gmt":"2024-01-05T18:10:15","slug":"cabalgata-de-los-reyes-magos","status":"publish","type":"post","link":"https:\/\/cebilbilitanos.com\/?p=3160","title":{"rendered":"CABALGATA DE LOS REYES MAGOS"},"content":{"rendered":"\n<p>El a\u00f1o pasado Manuel Saz nos enviaba al correo electr\u00f3nico del CEB estas copias de im\u00e1genes que desde entonces forman parte del Archivo Fotogr\u00e1fico del CEB.<br>Organizando sus fotograf\u00edas familiares encontr\u00f3 estas instant\u00e1neas donde su padre, Manuel Saz P\u00e9rez, participaba en una cabalgata de reyes y en cuyo reverso pon\u00eda Calatayud. Las fechas aproximadas oscilan entre 1955 y 1963 pues en esa \u00e9poca sus abuelos viv\u00edan en Calatayud.<br>Gracias a Carlos de la Fuente, consejero del CEB, hemos podido localizar el local donde fue tomada una de las fotograf\u00edas y a todas las personas que aparecen en ella.<\/p>\n\n\n\n<figure class=\"wp-block-image size-large\"><a href=\"http:\/\/cebilbilitanos.com\/wp-content\/uploads\/2024\/01\/RRMM_2-scaled.jpg\"><img decoding=\"async\" loading=\"lazy\" width=\"1024\" height=\"799\" src=\"http:\/\/cebilbilitanos.com\/wp-content\/uploads\/2024\/01\/RRMM_2-1024x799.jpg\" alt=\"\" class=\"wp-image-3161\" srcset=\"https:\/\/cebilbilitanos.com\/wp-content\/uploads\/2024\/01\/RRMM_2-1024x799.jpg 1024w, https:\/\/cebilbilitanos.com\/wp-content\/uploads\/2024\/01\/RRMM_2-300x234.jpg 300w, https:\/\/cebilbilitanos.com\/wp-content\/uploads\/2024\/01\/RRMM_2-768x599.jpg 768w, https:\/\/cebilbilitanos.com\/wp-content\/uploads\/2024\/01\/RRMM_2-1536x1198.jpg 1536w, https:\/\/cebilbilitanos.com\/wp-content\/uploads\/2024\/01\/RRMM_2-2048x1598.jpg 2048w\" sizes=\"(max-width: 1024px) 100vw, 1024px\" \/><\/a><figcaption>Interior donde aparecen caracterizados los tres Reyes Magos. Sobre la mesa se aprecia la cuna con el Ni\u00f1o Jes\u00fas junto a varios paquetes. Varias personas vestidas de fiesta acompa\u00f1an a los Reyes.<\/figcaption><\/figure>\n\n\n\n<figure class=\"wp-block-image size-large\"><a href=\"http:\/\/cebilbilitanos.com\/wp-content\/uploads\/2024\/01\/RRMM_1-scaled.jpg\"><img decoding=\"async\" loading=\"lazy\" width=\"800\" height=\"1024\" src=\"http:\/\/cebilbilitanos.com\/wp-content\/uploads\/2024\/01\/RRMM_1-800x1024.jpg\" alt=\"\" class=\"wp-image-3162\" srcset=\"https:\/\/cebilbilitanos.com\/wp-content\/uploads\/2024\/01\/RRMM_1-800x1024.jpg 800w, https:\/\/cebilbilitanos.com\/wp-content\/uploads\/2024\/01\/RRMM_1-234x300.jpg 234w, https:\/\/cebilbilitanos.com\/wp-content\/uploads\/2024\/01\/RRMM_1-768x983.jpg 768w, https:\/\/cebilbilitanos.com\/wp-content\/uploads\/2024\/01\/RRMM_1-1200x1536.jpg 1200w, https:\/\/cebilbilitanos.com\/wp-content\/uploads\/2024\/01\/RRMM_1-1600x2048.jpg 1600w, https:\/\/cebilbilitanos.com\/wp-content\/uploads\/2024\/01\/RRMM_1-scaled.jpg 2000w\" sizes=\"(max-width: 800px) 100vw, 800px\" \/><\/a><figcaption>Cabalgata de Reyes con el rey Melchor a caballo y pajes que sujetan las bridas del brioso equino.<\/figcaption><\/figure>\n\n\n\n<p>Gracias a todos por su colaboraci\u00f3n y en especial a Manolo Saz por enviarnos estas sorprendentes im\u00e1genes donde su padre, un 5 de enero, al atardecer y siguiendo la tradici\u00f3n, se caracteriz\u00f3 de rey Melchor y form\u00f3 parte de esta cabalgata bilbilitana antes de que los Reyes dejasen durante la noche los regalos en las casas.<\/p>\n","protected":false},"excerpt":{"rendered":"<p>El a\u00f1o pasado Manuel Saz nos enviaba al correo electr\u00f3nico del CEB estas copias de im\u00e1genes que desde entonces forman parte del Archivo Fotogr\u00e1fico del CEB.Organizando sus fotograf\u00edas familiares encontr\u00f3 estas instant\u00e1neas donde su padre, Manuel Saz P\u00e9rez, participaba en &hellip; <a href=\"https:\/\/cebilbilitanos.com\/?p=3160\">Sigue leyendo <span class=\"meta-nav\">&rarr;<\/span><\/a><\/p>\n","protected":false},"author":1,"featured_media":0,"comment_status":"closed","ping_status":"open","sticky":false,"template":"","format":"standard","meta":[],"categories":[23],"tags":[61],"_links":{"self":[{"href":"https:\/\/cebilbilitanos.com\/index.php?rest_route=\/wp\/v2\/posts\/3160"}],"collection":[{"href":"https:\/\/cebilbilitanos.com\/index.php?rest_route=\/wp\/v2\/posts"}],"about":[{"href":"https:\/\/cebilbilitanos.com\/index.php?rest_route=\/wp\/v2\/types\/post"}],"author":[{"embeddable":true,"href":"https:\/\/cebilbilitanos.com\/index.php?rest_route=\/wp\/v2\/users\/1"}],"replies":[{"embeddable":true,"href":"https:\/\/cebilbilitanos.com\/index.php?rest_route=%2Fwp%2Fv2%2Fcomments&post=3160"}],"version-history":[{"count":1,"href":"https:\/\/cebilbilitanos.com\/index.php?rest_route=\/wp\/v2\/posts\/3160\/revisions"}],"predecessor-version":[{"id":3163,"href":"https:\/\/cebilbilitanos.com\/index.php?rest_route=\/wp\/v2\/posts\/3160\/revisions\/3163"}],"wp:attachment":[{"href":"https:\/\/cebilbilitanos.com\/index.php?rest_route=%2Fwp%2Fv2%2Fmedia&parent=3160"}],"wp:term":[{"taxonomy":"category","embeddable":true,"href":"https:\/\/cebilbilitanos.com\/index.php?rest_route=%2Fwp%2Fv2%2Fcategories&post=3160"},{"taxonomy":"post_tag","embeddable":true,"href":"https:\/\/cebilbilitanos.com\/index.php?rest_route=%2Fwp%2Fv2%2Ftags&post=3160"}],"curies":[{"name":"wp","href":"https:\/\/api.w.org\/{rel}","templated":true}]}}