{"id":3156,"date":"2023-12-21T09:34:14","date_gmt":"2023-12-21T08:34:14","guid":{"rendered":"http:\/\/cebilbilitanos.com\/?p=3156"},"modified":"2023-12-21T09:34:14","modified_gmt":"2023-12-21T08:34:14","slug":"el-centenario-de-tomas-breton-la-dolores-y-el-bolero","status":"publish","type":"post","link":"https:\/\/cebilbilitanos.com\/?p=3156","title":{"rendered":"EL CENTENARIO DE TOM\u00c1S BRET\u00d3N, LA DOLORES Y EL BOLERO"},"content":{"rendered":"\n<p>Francisco Tobajas Gallego<\/p>\n\n\n\n<p>&nbsp;&nbsp;&nbsp;&nbsp;&nbsp;&nbsp;&nbsp;&nbsp;&nbsp;&nbsp;&nbsp; Tom\u00e1s Bret\u00f3n falleci\u00f3 el 2 de diciembre de 1923. <em>El Noticiero<\/em>, en su n\u00famero del 7 de diciembre, recordaba que la \u00faltima vez que Bret\u00f3n hab\u00eda estado en Zaragoza, hab\u00eda sido en mayo de 1919, con motivo de la fiesta en la que se hab\u00eda interpretado su cantata <em>Arag\u00f3n<\/em>, <em>una brillante p\u00e1gina musical<\/em>. Tambi\u00e9n reproduc\u00eda la entrevista que, para aquella ocasi\u00f3n, le hab\u00eda hecho Fernando Cast\u00e1n Palomar. En ella Bret\u00f3n confesaba: <em>la jota aragonesa me encanta; yo creo que la jota es el canto popular m\u00e1s hermoso; cuando yo hice La Dolores puse toda mi alma en la jota; y la jota fue un \u00e9xito enorme<\/em>. Bret\u00f3n recordaba el estreno de su \u00f3pera <em>La Dolores<\/em> en el Teatro de la Zarzuela, pues consideraba que si hubiera estrenado en el Teatro Real, <em>no la hubieran cantado m\u00e1s de cinco noches\u2026<\/em>.<\/p>\n\n\n\n<p>Bret\u00f3n reconoc\u00eda que <em>La Verbena de la Paloma<\/em> y <em>La Dolores<\/em>, hab\u00edan sido las obras que m\u00e1s dinero le hab\u00edan proporcionado. <em>De su rendimiento he vivido hasta hace muy poco tiempo<\/em>. Bret\u00f3n reconoc\u00eda que para zarzuelas ya no le buscaban. Aquellos tiempos de <em>La verbena de la Paloma<\/em> estaban ya demasiado lejos y el maestro se resignada a no hacer nada.<\/p>\n\n\n\n<p>La \u00f3pera <em>La Dolores<\/em> ser\u00eda estrenada en el madrile\u00f1o Teatro de la Zarzuela el 16 de marzo de 1895. El <em>Diario de Zaragoza<\/em> public\u00f3 el 17 de marzo una cr\u00f3nica de su corresponsal en Madrid. Se\u00f1alaba que el aspecto del teatro de la Zarzuela era brillant\u00edsimo y las llamadas a escena hab\u00edan sido innumerables. Las entradas se hab\u00edan vendido a precios exorbitantes. Se hab\u00edan distinguido Simonelli, Alc\u00e1ntara y el bar\u00edtono Sigler. Bret\u00f3n hab\u00eda dirigido la obra, saliendo a escena en infinidad de ocasiones. Varios peri\u00f3dicos zaragozanos se hicieron eco del \u00e9xito del estreno. C\u00e9sar y Santiago Lapuente hab\u00edan enviado un telegrama a Bret\u00f3n con sus felicitaciones. El autor de <em>La Dolores<\/em> hab\u00eda contestado con otro, que preguntaba: <em>\u00bfCu\u00e1ndo la pondremos en Zaragoza?<\/em>.<\/p>\n\n\n\n<p>El 21 de marzo, el <em>Diario Mercantil de Zaragoza<\/em> recog\u00eda que Bret\u00f3n hab\u00eda estado con anterioridad en Zaragoza, para recoger impresiones. Santiago Lapuente lo hab\u00eda animado a comenzar esta empresa. Junto a Sola, hab\u00eda ofrecido a Bret\u00f3n varias audiciones, cantando varios estilos, que el m\u00fasico hab\u00eda escuchado extasiado. Bret\u00f3n hab\u00eda confiado a Lapuente en carta, que le hab\u00eda hecho bien la estancia en su compa\u00f1\u00eda en Fuentes de Ebro, recogiendo tambi\u00e9n el ambiente de Calatayud. El <em>Diario de Zaragoza<\/em> informaba el 23 de marzo, que se hab\u00eda suspendido la fiesta anunciada para el pr\u00f3ximo domingo, en obsequio a Bret\u00f3n y&nbsp; Lapuente, para celebrarla cuando el m\u00fasico se trasladara a Zaragoza, con motivo del estreno de <em>La Dolores<\/em>.<\/p>\n\n\n\n<p>En la sesi\u00f3n celebrada el 27 de marzo por el Ayuntamiento de Calatayud, se hab\u00eda le\u00eddo una carta que Bret\u00f3n hab\u00eda enviado al alcalde de la ciudad, en la que le daba las gracias y promet\u00eda que cuando tuviera ocasi\u00f3n, demostrar\u00eda el afecto y cari\u00f1o que profesaba a esa ciudad.<\/p>\n\n\n\n<p>El <em>Diario Mercantil de Zaragoza<\/em> publicaba el 3 de abril de 1895, que <em>La Dolores<\/em> se iba a estrenar en esta ciudad para Pascua de Resurrecci\u00f3n. Ser\u00eda la primera ciudad que iba a saborear esta obra, que hab\u00eda alcanzado en Madrid una entusiasta ovaci\u00f3n del p\u00fablico. Anunciaba que los ensayos iban a comenzar en breve y que Ricardo Ruiz, empresario de la compa\u00f1\u00eda que actuaba en el Teatro Principal, buscaba una tiple para <em>La Dolores<\/em>. Informaba que el pintor y escen\u00f3grafo iba a salir aquel mismo d\u00eda para Madrid, deteni\u00e9ndose a la vuelta en Calatayud, para tomar datos y fotograf\u00edas de la Plaza del Mercado de esta ciudad.<\/p>\n\n\n\n<p>El <em>Diario de Avisos<\/em> publicaba el 4 de abril, que Bret\u00f3n iba a venir a Zaragoza para presenciar el estreno de su obra. Al d\u00eda siguiente, el mismo diario informaba que Bret\u00f3n iba a dirigir su obra la noche del estreno. La empresa del Principal hab\u00eda contratado a la tiple se\u00f1ora Gonz\u00e1lez y al tenor Baltrami. Se\u00f1alaba que el \u00e9xito de <em>La Dolores<\/em> se hab\u00eda celebrado hac\u00eda unos d\u00edas, con un banquete en los jardines del Retiro madrile\u00f1o. La idea hab\u00eda partido de <em>El Anfiteatro<\/em>, que era una sociedad de autores y m\u00fasicos espa\u00f1oles, a la que se hab\u00edan adherido todos o casi todos los maestros y literatos. Les hab\u00eda acompa\u00f1ado tambi\u00e9n Feliu y Codina. El banquete, brillante y animado, hab\u00eda sido una segunda fiesta de la jota, en la que hab\u00edan participado los cantantes Sigler y Alc\u00e1ntara. Feliu y Codina hab\u00eda iniciado los brindis por la \u00f3pera espa\u00f1ola. Sigler hab\u00eda le\u00eddo varias adhesiones de Calatayud y Zaragoza, una de ellas en quintillas. Santiago Lapuente hab\u00eda recitado unas coplas de Lucas Mart\u00ednez, pues no hab\u00eda podido entonarlas, al no tener a mano el instrumento. Los de Calatayud hab\u00edan enviado dos cajas de bizcochos y una carta escrita en baturro, que hab\u00eda le\u00eddo Justo Blasco. La firmaban, entre otros, Sixto Celorrio y Francisco Lafuente. La Banda del Regimiento de Zaragoza hab\u00eda interpretado fragmentos de <em>La verbena de la Paloma<\/em> y de <em>La Dolores<\/em>.<\/p>\n\n\n\n<p>El 9 de abril, el <em>Diario de Zaragoza<\/em> informaba que en el banquete a Bret\u00f3n, al descorcharse el champ\u00e1n, se hab\u00edan le\u00eddo varias poes\u00edas y una carta del Casino de Calatayud, que hab\u00eda sido muy celebrada.<\/p>\n\n\n\n<p>Bret\u00f3n lleg\u00f3 en el tren correo a Zaragoza el 21 de abril, para asistir a los ensayos de su \u00f3pera. Los diarios informaban que ya no quedaban entradas para las tres primeras representaciones de <em>La Dolores<\/em>. A los ensayos acudieron gran cantidad de curiosos y aficionados, que pagaron dos pesetas, que fueron destinadas a la Casa Amparo. La guardia municipal se har\u00eda cargo de esta recaudaci\u00f3n.<\/p>\n\n\n\n<p>El 28 de abril, el <em>Diario de Zaragoza<\/em> informaba del fallecimiento en Calatayud de Benedicta Garc\u00eda, madre del director de <em>La Justicia<\/em>, Dar\u00edo P\u00e9rez. En este mismo n\u00famero anunciaba el estreno aquella misma noche de <em>La Dolores<\/em>, con argumento de Feliu y Codina. El peri\u00f3dico adelantaba el acto primero. Los actos segundo y tercero eran casi id\u00e9nticos a los de la comedia de Feliu, y por esta raz\u00f3n no los publicaba. Informaba que la noche pasada hab\u00eda tenido lugar el ensayo general. Los asistentes no hab\u00edan pagado entrada, estando el teatro muy concurrido.<\/p>\n\n\n\n<figure class=\"wp-block-image size-large\"><a href=\"http:\/\/cebilbilitanos.com\/wp-content\/uploads\/2023\/12\/DARIO-PEREZ--scaled.jpg\"><img decoding=\"async\" loading=\"lazy\" width=\"656\" height=\"1024\" src=\"http:\/\/cebilbilitanos.com\/wp-content\/uploads\/2023\/12\/DARIO-PEREZ--656x1024.jpg\" alt=\"\" class=\"wp-image-3157\" srcset=\"https:\/\/cebilbilitanos.com\/wp-content\/uploads\/2023\/12\/DARIO-PEREZ--656x1024.jpg 656w, https:\/\/cebilbilitanos.com\/wp-content\/uploads\/2023\/12\/DARIO-PEREZ--192x300.jpg 192w, https:\/\/cebilbilitanos.com\/wp-content\/uploads\/2023\/12\/DARIO-PEREZ--768x1199.jpg 768w, https:\/\/cebilbilitanos.com\/wp-content\/uploads\/2023\/12\/DARIO-PEREZ--984x1536.jpg 984w, https:\/\/cebilbilitanos.com\/wp-content\/uploads\/2023\/12\/DARIO-PEREZ--1312x2048.jpg 1312w, https:\/\/cebilbilitanos.com\/wp-content\/uploads\/2023\/12\/DARIO-PEREZ--scaled.jpg 1640w\" sizes=\"(max-width: 656px) 100vw, 656px\" \/><\/a><figcaption>Dar\u00edo P\u00e9rez<\/figcaption><\/figure>\n\n\n\n<p>El 29 de abril, el <em>Diario Mercantil de Zaragoza<\/em> publicaba que Bret\u00f3n hab\u00eda tenido la pasada noche una ovaci\u00f3n continuada. Al final de todos los actos, hab\u00eda sido llamado y aclamado con entusiasmo. El mismo Bret\u00f3n hab\u00eda declarado: <em>Si con dos colores se pinta un paisaje, si con dos solos instrumentos nos dan tal riqueza de armon\u00eda, \u00bfqu\u00e9 resultar\u00e1, si a esto se a\u00f1ade una orquesta nutrida, cantantes de val\u00eda, un coro numeroso y una rondalla completa?<\/em>.<\/p>\n\n\n\n<p>En este amplio art\u00edculo se narraba que Bret\u00f3n hab\u00eda estado en Zaragoza y Calatayud, donde hab\u00eda tomado impresiones. Conoci\u00f3 la Plaza del Mercado y el mes\u00f3n alusivo de la copla. Una noche, varios amigos le invitaron a un banquete. Tras la tertulia, una rondalla rompi\u00f3 el silencio de la noche. Al sentir los aires de la jota, los comensales hab\u00edan salido al balc\u00f3n de la fonda. Ante la oscuridad del cielo ya primaveral, pudieron escuchar la jota cl\u00e1sica del pa\u00eds. Bret\u00f3n estaba embelesado. <em>La Dolores<\/em> estaba ya creada en la cabeza del m\u00fasico. Esta noche inolvidable, que hab\u00eda pasado entre amigos en Calatayud, la reflej\u00f3 Bret\u00f3n en el acto primero de su \u00f3pera, con los decorados, debidos a Alejo Pescador, que representaban la Plaza del Mercado y el mes\u00f3n de la Gaspara.<\/p>\n\n\n\n<p>Este mismo diario se\u00f1alaba que si <em>Feliu, de una copla hizo un drama; el maestro, de un cantar, un \u00f3pera<\/em>. Informaba que la entrada general costaba 75 c\u00e9ntimos. Al d\u00eda siguiente, el <em>Diario de Zaragoza<\/em> consideraba que <em>La Dolores es el paso de gigante dado en la senda de la \u00f3pera espa\u00f1ola<\/em>.<\/p>\n\n\n\n<p>Este mismo episodio lo narraba Dar\u00edo P\u00e9rez en sus memorias. Bret\u00f3n le hab\u00eda escrito, comunic\u00e1ndole que deseaba ir de inc\u00f3gnito a Calatayud, para escuchar una rondalla en la calle. Dar\u00edo P\u00e9rez le prometi\u00f3 guardar el secreto, aunque lo coment\u00f3 con Sixto Celorrio y con el cantador D\u00e1maso Salcedo, preparando la ronda. D\u00e1maso Salcedo fue concejal del Ayuntamiento de Calatayud y presidente del C\u00edrculo Republicano de su ciudad. Con Bret\u00f3n cenaron tres o cuatro amigos y a medianoche salieron del mes\u00f3n, para recorrer las calles en busca de la ronda. En la Plaza del Fuerte comenzaron a sonar las guitarras de la ronda, a las que acompa\u00f1aba Salcedo. La ronda se perdi\u00f3 por las oscuras callejuelas de la ciudad, seguida por un Bret\u00f3n impresionado y sus amigos.<\/p>\n\n\n\n<p>Demetrio Gal\u00e1n Bergua, en <em>El libro de la jota aragonesa<\/em>, nos relata otra versi\u00f3n de los hechos. Cuando Bret\u00f3n estuvo en Calatayud, para ambientar su partitura de <em>La Dolores<\/em>, fue invitado a una cena en la posada de San Ant\u00f3n, que trasladar\u00eda a su obra como el mes\u00f3n de la Gaspara. Tras la cena, hab\u00edan desfilado las rondallas y cantadores bilbilitanos, entre estos \u00faltimos <em>El Bolero<\/em>, que causar\u00eda enorme sensaci\u00f3n en Bret\u00f3n, a quien invitar\u00eda a cantar en Madrid las coplas de su drama l\u00edrico. Mucho tuvieron que insistirle, para que <em>El Bolero<\/em> aceptara aquel reto, cantando en el teatro de la Zarzuela las coplas de <em>La Dolores<\/em>, a las que siguieron otras cl\u00e1sicas, ante la insistencia y los aplausos de un p\u00fablico entusiasta. Entre ellas, Demetrio Gal\u00e1n recordaba una:<\/p>\n\n\n\n<p>&nbsp;&nbsp;&nbsp;&nbsp;&nbsp;&nbsp;&nbsp;&nbsp;&nbsp;&nbsp;&nbsp;&nbsp;&nbsp;&nbsp;&nbsp;&nbsp;&nbsp;&nbsp;&nbsp;&nbsp;&nbsp;&nbsp;&nbsp; De bizcochos y adoquines<\/p>\n\n\n\n<p>&nbsp;&nbsp;&nbsp;&nbsp;&nbsp;&nbsp;&nbsp;&nbsp;&nbsp;&nbsp;&nbsp;&nbsp;&nbsp;&nbsp;&nbsp;&nbsp;&nbsp;&nbsp;&nbsp;&nbsp;&nbsp;&nbsp;&nbsp; traigo las alforjas llenas,<\/p>\n\n\n\n<p>&nbsp;&nbsp;&nbsp;&nbsp;&nbsp;&nbsp;&nbsp;&nbsp;&nbsp;&nbsp;&nbsp;&nbsp;&nbsp;&nbsp;&nbsp;&nbsp;&nbsp;&nbsp;&nbsp;&nbsp;&nbsp;&nbsp;&nbsp; los hi cargau en mi pueblo<\/p>\n\n\n\n<p>&nbsp;&nbsp;&nbsp;&nbsp;&nbsp;&nbsp;&nbsp;&nbsp;&nbsp;&nbsp;&nbsp;&nbsp;&nbsp;&nbsp;&nbsp;&nbsp;&nbsp;&nbsp;&nbsp;&nbsp;&nbsp;&nbsp;&nbsp; pa las mozas madrile\u00f1as.<\/p>\n\n\n\n<p>\u00c1ngel Laborda, desde las p\u00e1ginas de <em>La Derecha<\/em>, escrib\u00eda el 29 de abril que Bret\u00f3n hab\u00eda sabido sentir el himno regional, produciendo una obra maestra y grandiosa.<\/p>\n\n\n\n<p>El 1 de mayo, <em>La Alianza Aragonesa<\/em> informaba que, tras la tercera audici\u00f3n de <em>La Dolores<\/em>, Bret\u00f3n se hab\u00eda despedido de Zaragoza. Hab\u00eda sido acompa\u00f1ado a la Fonda de Europa por gran n\u00famero de admiradores. En la Plaza de la Constituci\u00f3n, la orquesta del teatro hab\u00eda ejecutado dos composiciones, que hab\u00edan sido muy aplaudidas por el numeroso p\u00fablico que llenaba la plaza. Tambi\u00e9n hab\u00eda sido muy aplaudida la rondalla, que hab\u00eda cantado las coplas alusivas y de reconocimiento a Bret\u00f3n.<\/p>\n\n\n\n<p>Ese mismo verano, <em>La Dolores<\/em> se represent\u00f3 ciento doce veces en el Teatro T\u00edvoli de Barcelona. El 31 de agosto, el <em>Diario Mercantil de Zaragoza<\/em> confirmaba el \u00e9xito de esta \u00f3pera en la ciudad condal. <em>Heraldo de Arag\u00f3n<\/em> informaba el 19 de octubre, que aquella misma noche <em>La Dolores<\/em> iba a estrenar la temporada del Teatro Principal de Zaragoza. El <em>Diario Mercantil de Zaragoza<\/em> publicaba el 8 de noviembre, que varios amigos y admiradores de Bret\u00f3n le hab\u00edan pedido que dirigiera la cent\u00e9sima representaci\u00f3n de <em>La Dolores<\/em> en Barcelona. El m\u00fasico, que entonces se encontraba en Valencia, preparando el estreno en el Teatro de la Princesa, hab\u00eda confirmado por telegrama su asistencia.<\/p>\n\n\n\n<p>El 25 de mayo, el <em>Diario de Zaragoza<\/em> informaba de la celebraci\u00f3n de una fiesta aragonesa en Madrid el pr\u00f3ximo domingo. Se anunciaba la participaci\u00f3n del jotero bilbilitano <em>El Bolero<\/em> y de la pareja de baile, compuesta por \u00c1ngel Fernando y su acompa\u00f1ante de Villamayor, que hab\u00edan logrado el primer premio del certamen de aquella poblaci\u00f3n, en las \u00faltimas fiestas. Otros cantantes lo har\u00edan acompa\u00f1ados al piano. Tambi\u00e9n actuar\u00eda un doble cuarteto de guitarras y bandurrias, y la Banda del Regimiento de Saboya. La mitad de los beneficios ser\u00edan destinados a los pobres.<\/p>\n\n\n\n<p>Esta fiesta, que se repiti\u00f3 varios d\u00edas, fue rese\u00f1ada por <em>La \u00c9poca<\/em>, <em>El Liberal<\/em>, <em>Heraldo de Madrid<\/em>, <em>La Iberia<\/em> y <em>El D\u00eda<\/em>. Las actuaciones de la rondalla aragonesa se alargaron hasta el primer d\u00eda de junio.<\/p>\n\n\n\n<p>El 28 de mayo, <em>La Alianza Aragonesa<\/em> inform\u00f3 de la celebraci\u00f3n, en el madrile\u00f1o Teatro del Pr\u00edncipe Alfonso, de la anunciada fiesta aragonesa. Se\u00f1alaba que el programa hab\u00eda sido muy aplaudido, especialmente la jota interpretada por la Banda del Regimiento de Infanter\u00eda de Saboya, y el pasacalles y jota de <em>La Dolores<\/em>, produciendo gran entusiasmo el cantador de Calatayud Hilario Gallego, <em>El Bolero,<\/em> y una pareja de baile, acompa\u00f1ados por una rondalla de bandurrias y guitarras.<\/p>\n\n\n\n<p>En la sesi\u00f3n del Ayuntamiento de Calatayud, celebrada el 8 de noviembre de 1911, se ley\u00f3 una circular firmada por varias personalidades de Madrid, pidiendo la adhesi\u00f3n del ayuntamiento al homenaje que se proyectaba en honor a<a><\/a> Bret\u00f3n. Como no iba a ser de otra manera, el ayuntamiento acord\u00f3 asociarse a este homenaje.<\/p>\n","protected":false},"excerpt":{"rendered":"<p>Francisco Tobajas Gallego &nbsp;&nbsp;&nbsp;&nbsp;&nbsp;&nbsp;&nbsp;&nbsp;&nbsp;&nbsp;&nbsp; Tom\u00e1s Bret\u00f3n falleci\u00f3 el 2 de diciembre de 1923. El Noticiero, en su n\u00famero del 7 de diciembre, recordaba que la \u00faltima vez que Bret\u00f3n hab\u00eda estado en Zaragoza, hab\u00eda sido en mayo de 1919, con &hellip; <a href=\"https:\/\/cebilbilitanos.com\/?p=3156\">Sigue leyendo <span class=\"meta-nav\">&rarr;<\/span><\/a><\/p>\n","protected":false},"author":1,"featured_media":0,"comment_status":"closed","ping_status":"open","sticky":false,"template":"","format":"standard","meta":[],"categories":[23],"tags":[],"_links":{"self":[{"href":"https:\/\/cebilbilitanos.com\/index.php?rest_route=\/wp\/v2\/posts\/3156"}],"collection":[{"href":"https:\/\/cebilbilitanos.com\/index.php?rest_route=\/wp\/v2\/posts"}],"about":[{"href":"https:\/\/cebilbilitanos.com\/index.php?rest_route=\/wp\/v2\/types\/post"}],"author":[{"embeddable":true,"href":"https:\/\/cebilbilitanos.com\/index.php?rest_route=\/wp\/v2\/users\/1"}],"replies":[{"embeddable":true,"href":"https:\/\/cebilbilitanos.com\/index.php?rest_route=%2Fwp%2Fv2%2Fcomments&post=3156"}],"version-history":[{"count":1,"href":"https:\/\/cebilbilitanos.com\/index.php?rest_route=\/wp\/v2\/posts\/3156\/revisions"}],"predecessor-version":[{"id":3158,"href":"https:\/\/cebilbilitanos.com\/index.php?rest_route=\/wp\/v2\/posts\/3156\/revisions\/3158"}],"wp:attachment":[{"href":"https:\/\/cebilbilitanos.com\/index.php?rest_route=%2Fwp%2Fv2%2Fmedia&parent=3156"}],"wp:term":[{"taxonomy":"category","embeddable":true,"href":"https:\/\/cebilbilitanos.com\/index.php?rest_route=%2Fwp%2Fv2%2Fcategories&post=3156"},{"taxonomy":"post_tag","embeddable":true,"href":"https:\/\/cebilbilitanos.com\/index.php?rest_route=%2Fwp%2Fv2%2Ftags&post=3156"}],"curies":[{"name":"wp","href":"https:\/\/api.w.org\/{rel}","templated":true}]}}