{"id":3151,"date":"2023-12-14T17:42:05","date_gmt":"2023-12-14T16:42:05","guid":{"rendered":"http:\/\/cebilbilitanos.com\/?p=3151"},"modified":"2023-12-14T17:44:23","modified_gmt":"2023-12-14T16:44:23","slug":"el-circulo-catolico-de-obreros-de-calatayuden-la-epoca-de-juan-blas-y-ubide-ii","status":"publish","type":"post","link":"https:\/\/cebilbilitanos.com\/?p=3151","title":{"rendered":"EL C\u00cdRCULO CAT\u00d3LICO DE OBREROS DE CALATAYUD EN LA \u00c9POCA DE JUAN BLAS Y UBIDE (II)"},"content":{"rendered":"\n<p><strong><em>CENTENARIO DE JUAN BLAS Y UBIDE, 1923-2023<\/em><\/strong><\/p>\n\n\n\n<p>Francisco Tobajas Gallego<\/p>\n\n\n\n<p><strong>Actividades<\/strong>. El Viernes de Dolores de 1886, se program\u00f3 en los salones del C\u00edrculo un concierto sacro, encargando a los socios aficionados la confecci\u00f3n de un programa. En la Junta General del 30 de mayo, el presidente recomend\u00f3 a los socios su asistencia a la comuni\u00f3n general y a la procesi\u00f3n en la festividad de San I\u00f1igo, que fue la primera que los socios lucieron la medalla del C\u00edrculo. La comuni\u00f3n tendr\u00eda lugar a las siete de la ma\u00f1ana en Santa Mar\u00eda. Tambi\u00e9n deb\u00edan asistir con la vela y la medalla a la procesi\u00f3n de la tarde, que acompa\u00f1ar\u00eda la Banda de M\u00fasica La Uni\u00f3n. Por la noche se celebrar\u00eda en el C\u00edrculo una velada musical-literaria.<\/p>\n\n\n<div class=\"wp-block-image\">\n<figure class=\"aligncenter size-full\"><a href=\"http:\/\/cebilbilitanos.com\/wp-content\/uploads\/2023\/12\/MEDALLA-CIRCULO-OBREROS-1-3.jpg\"><img decoding=\"async\" loading=\"lazy\" width=\"588\" height=\"441\" src=\"http:\/\/cebilbilitanos.com\/wp-content\/uploads\/2023\/12\/MEDALLA-CIRCULO-OBREROS-1-3.jpg\" alt=\"\" class=\"wp-image-3152\" srcset=\"https:\/\/cebilbilitanos.com\/wp-content\/uploads\/2023\/12\/MEDALLA-CIRCULO-OBREROS-1-3.jpg 588w, https:\/\/cebilbilitanos.com\/wp-content\/uploads\/2023\/12\/MEDALLA-CIRCULO-OBREROS-1-3-300x225.jpg 300w\" sizes=\"(max-width: 588px) 100vw, 588px\" \/><\/a><\/figure><\/div>\n\n\n<p>En la Junta General del 5 de septiembre de 1886, el presidente anunci\u00f3 la inauguraci\u00f3n de las conferencias semanales y la organizaci\u00f3n del C\u00edrculo por distritos parroquiales, nombrando juntas de distrito, para que visitaran a los enfermos y vigilaran a los socios. A iniciativa de Ortega, se pidi\u00f3 a la reina el indulto al reo Miguel Garc\u00e9s. En la Junta Directiva del 8 de noviembre, se vio una invitaci\u00f3n del vicario general, para asistir a los actos para ganar el jubileo universal del papa Le\u00f3n XIII para aquel a\u00f1o y para que se asistiera en corporaci\u00f3n a las visitas de las iglesias, los d\u00edas 14 y 15 de aquel mismo mes.<\/p>\n\n\n\n<p>En la Junta General del 1 de enero de 1887, el presidente inform\u00f3 que la prensa madrile\u00f1a publicaba la conmutaci\u00f3n de la pena a Miguel Garc\u00e9s, como hab\u00eda solicitado el C\u00edrculo. Este mismo d\u00eda, el secretario se\u00f1al\u00f3 la inversi\u00f3n de unos 11 000 reales, de los 17 502 reales ingresados, en gastos de la instalaci\u00f3n del c\u00edrculo, socorros a enfermos, festividades religiosas, veladas art\u00edsticas, sueldos del personal, gastos de escuela y secretar\u00eda. La Junta General acord\u00f3 aumentar las suscripciones a revistas religiosas, fomentar la biblioteca y ampliar la ense\u00f1anza a m\u00fasica y dibujo. El presidente se\u00f1al\u00f3 su intenci\u00f3n de mejorar el mobiliario y la compra de un piano o armonio.<\/p>\n\n\n\n<p>El 8 de enero de 1887, el <em>Diario de Zaragoza<\/em> informaba de la llegada y de los actos celebrados en Calatayud, en honor de Valent\u00edn G\u00f3mez. Hab\u00edan ido a esperarlo a la estaci\u00f3n unas cuatrocientas personas, hosped\u00e1ndose en casa de Ortega. La tarde del d\u00eda 7 se hab\u00eda celebrado en su honor una velada en el C\u00edrculo Cat\u00f3lico. Lo hab\u00eda presentado <strong>Juan Blas y Ubide<\/strong>, que hab\u00eda elogiado al poeta, al paisano y al escritor cat\u00f3lico. El peri\u00f3dico rese\u00f1aba que m\u00e1s de seiscientos asistentes hab\u00edan aplaudido a <strong>Blas<\/strong>, Ortega, Mu\u00f1oz, Bascones y Mont\u00f3n, que hab\u00edan tomado la palabra, y a Valent\u00edn G\u00f3mez, que hab\u00eda pronunciado un discurso. A su t\u00e9rmino, hab\u00eda sido acompa\u00f1ado hasta su residencia, con antorchas y banda de m\u00fasica, por m\u00e1s de novecientas personas, que hab\u00edan gritado vivas al poeta y a Zaragoza. Aquel mismo d\u00eda se hab\u00eda anunciado la celebraci\u00f3n de un banquete en su honor, de cuarenta cubiertos. En el libro de gastos, correspondiente al a\u00f1o 1891, se contabiliza la impresi\u00f3n de mil ejemplares del discurso de Valent\u00edn G\u00f3mez.<\/p>\n\n\n\n<p>En la Junta General del 4 de septiembre de 1887, el C\u00edrculo se adhiri\u00f3 a la celebraci\u00f3n de las bodas de oro del papa Le\u00f3n XIII, contribuyendo con una limosna de 10 c\u00e9ntimos por socio, que se pondr\u00edan de los fondos de la sociedad. La fiesta de la Pur\u00edsima Concepci\u00f3n de 1887 se celebr\u00f3 en el Sepulcro, pues entonces el local del C\u00edrculo se encontraba en su jurisdicci\u00f3n. En diciembre, el C\u00edrculo se asoci\u00f3 para celebrar el pr\u00f3ximo 1 de enero el jubileo sacerdotal del papa Le\u00f3n XIII, invitando a una velada a todas las sociedades religiosas que intervinieran en esta fiesta.<\/p>\n\n\n\n<p>En la Junta Directiva del 28 de mayo de 1888, se acord\u00f3 dar t\u00e9rmino a fin de mes a las conferencias de aquel curso y al cierre de las escuelas hasta septiembre. En la Junta General del 29 de junio, se acord\u00f3 telegrafiar a Juan Soldevilla, felicit\u00e1ndole por su presentaci\u00f3n para obispo de Tarazona. Este a\u00f1o se imprimieron cuatrocientos programas, con los actos de la festividad de la Virgen de la Pe\u00f1a y trescientos para la Pur\u00edsima.<\/p>\n\n\n\n<p>En la Junta General del 22 de abril de 1889, se acord\u00f3 la adhesi\u00f3n del C\u00edrculo al Congreso Cat\u00f3lico de Madrid, como ya hab\u00eda propuesto la Junta Directiva, nombrando representantes a Vicente de La Fuente y a Valent\u00edn G\u00f3mez. Se autoriz\u00f3 a la Junta para que eligiera a una comisi\u00f3n que saludara al obispo, despu\u00e9s que tomara la posesi\u00f3n de la di\u00f3cesis. Tambi\u00e9n se propuso que los trabajos que encargara la Junta Directiva, los anunciara en subasta entre los artesanos del C\u00edrculo. Este a\u00f1o el C\u00edrculo conmemor\u00f3 el centenario de la conversi\u00f3n de Recaredo.<\/p>\n\n\n\n<p>El 26 de mayo la Junta Directiva acord\u00f3 levantar un arco, para celebrar la entrada del obispo. Este arco dedicado al obispo ocasion\u00f3 algunos gastos, que recoge el libro del C\u00edrculo. Lo levant\u00f3 el alba\u00f1il Badesa, corriendo la pintura a cargo de Rubio. El arco se decor\u00f3 con adornos y faroles. En la Junta General del 13 de abril de 1890, el presidente dio cuenta de un donativo de 50 pesetas del obispo de Tarazona. Estos donativos se repet\u00edan peri\u00f3dicamente.<\/p>\n\n\n\n<p>El C\u00edrculo se inscribi\u00f3 al Congreso Cat\u00f3lico de Zaragoza, celebrado en 1890, que fue representado por su presidente. Meses m\u00e1s tarde se acordar\u00eda salir a saludar al nuncio del papa a la estaci\u00f3n de tren, cuando pasara por la ciudad para asistir al congreso.<\/p>\n\n\n\n<p>En marzo de este a\u00f1o se nombr\u00f3 pianista del C\u00edrculo a Tom\u00e1s Castej\u00f3n, con un haber de 20 reales al mes. En la Junta Directiva del 4 de mayo, se acordar\u00eda formar una banda de m\u00fasica, bajo el t\u00edtulo de Santa Cecilia, para que amenizara gratuitamente las funciones del C\u00edrculo, comprometi\u00e9ndose a cambio a cederles un local y luces para los ensayos. La Junta Directiva acord\u00f3 el 8 de junio, la cesi\u00f3n del local a la Asociaci\u00f3n de San Luis Gonzaga, para que celebrara una velada cuando lo estimara conveniente El 15 de junio se celebrar\u00eda la festividad de la consagraci\u00f3n del C\u00edrculo al Sagrado Coraz\u00f3n de Jes\u00fas. A finales de este mes, se dar\u00eda la enhorabuena a Vicente de la Fuente Pertegaz, por la celebraci\u00f3n de su primera misa.<\/p>\n\n\n\n<p>En marzo de 1891 se celebrar\u00eda una velada en obsequio al obispo, que visitaba la ciudad. En la Junta General del 29 de marzo, Larrosa se quejaba por lo poco concurridas que eran las cuatro comuniones generales, que fijaba el Reglamento. Por ello el presidente se\u00f1al\u00f3 que, en lo sucesivo, el secretario tomara nota de los socios que asist\u00edan a ellas, para exponer sus nombres en el cuadro de honor y as\u00ed estimular la asistencia.<\/p>\n\n\n\n<p>El 12 de noviembre varios socios pidieron la formaci\u00f3n de un teatro moral recreativo, como ten\u00edan otros c\u00edrculos. La Junta Directiva acord\u00f3 que el consiliario y el presidente trasladaran esta petici\u00f3n al vicario general. D\u00edas m\u00e1s tarde, el vicario general se\u00f1al\u00f3 que la petici\u00f3n la hicieran llegar al obispo. El vicario invit\u00f3 al C\u00edrculo, a salir el d\u00eda 25 de noviembre a recibir a los padres misioneros, que ser\u00edan invitados a la velada del 8 de diciembre. En la Junta del 15 de diciembre se inform\u00f3 que el obispo hab\u00eda concedido licencia, para poner en marcha el teatro moral recreativo, acordando la formaci\u00f3n de un presupuesto para la construcci\u00f3n del teatro. El 29 de diciembre, la Junta Directiva se\u00f1al\u00f3 que el C\u00edrculo participar\u00eda con 440 reales, para pagar parte de los gastos ocasionados por el teatro. En el libro de gastos del C\u00edrculo se apuntaba el pago de 300 reales de dos decoraciones y del tel\u00f3n de boca, y de 440 reales de la subasta del escenario. En este libro se apuntaba tambi\u00e9n el desembolso por tocar el arpa dos noches de diciembre.<\/p>\n\n\n\n<p>En la Junta Directiva del 31 de enero de 1892, se acord\u00f3 solicitar al vicario general la designaci\u00f3n de tres sacerdotes, para que impartieran las conferencias dominicales. En la del 21 de febrero se invit\u00f3 a los socios, para que los d\u00edas de carnaval, hicieran vela a Jes\u00fas Nazareno, en las cuarenta horas que tendr\u00edan lugar en San Juan.<\/p>\n\n\n\n<p>En 1892 el C\u00edrculo se suscribi\u00f3 al Congreso Cat\u00f3lico de Sevilla y en 1893 al Congreso Eucar\u00edstico de Valencia. La noche del 12 de octubre de 1892, el C\u00edrculo celebr\u00f3 una velada en conmemoraci\u00f3n del IV Centenario del Descubrimiento de Am\u00e9rica. En la Junta General del 16 de octubre, se inform\u00f3 que el abad de Santa Mar\u00eda, Benito Gimeno, hab\u00eda sido nombrado nuevo consiliario del C\u00edrculo, por dimisi\u00f3n de Justino del Amo, debido a problemas de salud. En diciembre se sortear\u00eda una barra de mazap\u00e1n, para recabar fondos.<\/p>\n\n\n\n<p>En la Junta General del 1 de enero de 1893, se acord\u00f3 que el presidente y consiliario del C\u00edrculo se pusieran de acuerdo con el vicario general, para llevar a cabo una queja por la apertura de una capilla protestante en Madrid.<\/p>\n\n\n\n<p>En la Junta Directiva del 17 de febrero, se acord\u00f3 que, para las veladas del C\u00edrculo, se llamaran a los m\u00fasicos de las capillas de Santa Mar\u00eda y del Sepulcro, prefiriendo a los que fueran socios.<\/p>\n\n\n\n<p>En la Junta General del 16 de abril, el presidente expuso que, seg\u00fan el art\u00edculo 31 del Reglamento y para fomentar el trabajo y la econom\u00eda, la Junta Directiva podr\u00eda acordar, si lo consideraba conveniente, la creaci\u00f3n de una Caja de Ahorros, para que los socios pudieran hacer imposiciones voluntarias, redactando un reglamento especial. Para ello se acordar\u00eda celebrar una Junta General extraordinaria. En la Junta General celebrada el 1 de enero de 1894, se inform\u00f3 que desde aquel d\u00eda quedaba abierta la Caja de Ahorros, pero en la Junta Directiva del 29 de enero de 1899 y por orden de Jes\u00fas Marco, el tesorero entreg\u00f3 los fondos que guardaba de la Caja de Ahorros, que fueron devueltos a los imponentes, por disoluci\u00f3n de la sociedad.<\/p>\n\n\n\n<p>La Junta Directiva del 17 de septiembre de 1893 la presidi\u00f3 el P. Vicent, que era director de los C\u00edrculos de Obreros y del Consejo Diocesano de Valencia. La sesi\u00f3n se abri\u00f3 y se cerr\u00f3 con las oraciones reglamentarias y de costumbre. En ella se acord\u00f3 la conveniencia de participar en la peregrinaci\u00f3n a Roma, formando una comisi\u00f3n organizadora, compuesta por el presidente F\u00e9lix Sanz de Larrea y por el consiliario Benito Gimeno. Este nombramiento se dio cuenta al Consejo Nacional. En el libro de gastos del C\u00edrculo se anotaba el realizado en el mes de diciembre, de cervezas y otros g\u00e9neros, el d\u00eda de la conferencia del P. Antonio Vicent. Tambi\u00e9n se anot\u00f3 el gasto de una cajeta, para la recaudaci\u00f3n de fondos para la peregrinaci\u00f3n a Roma. Esta peregrinaci\u00f3n de 1894, llevar\u00eda a Roma a 18 500 obreros, para gradecer al papa Le\u00f3n XIII la publicaci\u00f3n de su enc\u00edclica <em>Rerum Novarum<\/em>.<\/p>\n\n\n\n<p>En 1894 el C\u00edrculo socorri\u00f3 con los fondos sobrantes, a los socios destinados al ej\u00e9rcito de Melilla. A finales de septiembre se tuvo noticia de la llegada del obispo, tom\u00e1ndose el acuerdo que la Junta Directiva fuera a esperarlo a la estaci\u00f3n de tren, pasando al d\u00eda siguiente a visitarlo al palacio. Tambi\u00e9n se le invit\u00f3 a una velada, para lo cual, el C\u00edrculo siempre enviaba un carro o carretela.<\/p>\n\n\n\n<p>El 28 de mayo de 1895, la Junta Directiva acord\u00f3 celebrar el d\u00eda de San I\u00f1igo en las Salesas, con la consagraci\u00f3n anual al Sagrado Coraz\u00f3n de Jes\u00fas. La velada de septiembre se retras\u00f3, para que la presidiera el obispo. Para recabar fondos, la Junta Directiva acord\u00f3 el 3 de febrero de 1896, el sorteo de una imagen de taller de San Jos\u00e9. Esta rifa se repiti\u00f3 en a\u00f1os posteriores. El 24 de abril la Junta Directiva nombr\u00f3 a Valent\u00edn G\u00f3mez, para que representara al C\u00edrculo en la Asamblea de Madrid del 14 de mayo.<\/p>\n\n\n\n<p>En 1896 se procedi\u00f3 al arreglo del teatro y del jard\u00edn. En la Junta General del 10 de enero de 1897, se explic\u00f3 que el gasto contabilizado en esta reparaci\u00f3n, se refer\u00eda al licor y al caf\u00e9 consumido en las obras de teatro, pues el arreglo del jard\u00edn lo hab\u00edan llevado a cabo varias personas sin cobrar nada.<\/p>\n\n\n\n<p>En 20 de febrero de 1898, la Junta Directiva acord\u00f3 que las conferencias dieran comienzo los domingos de Cuaresma, a cargo de los eclesi\u00e1sticos designados por el vicario general. La velada con motivo de la festividad de la Virgen de la Pe\u00f1a, se suspendi\u00f3 por ocupaciones de la feria y por las circunstancias por las que atravesaba la patria. El 28 de octubre la Junta Directiva trat\u00f3 que algunos socios apostaban en los juegos m\u00e1s dinero que marcaba el Reglamento. Por ello se acord\u00f3 que el conserje inspeccionara las mesas.<\/p>\n\n\n\n<p>En la Junta General del 8 de enero de 1899, se agradeci\u00f3 al socio mos\u00e9n C\u00e1ndido Vera, el haber tomado a su cargo la direcci\u00f3n de la parte dram\u00e1tica del teatro, reorganizando la compa\u00f1\u00eda y formando otra de ni\u00f1os, habiendo presentado un gran n\u00famero de piezas dram\u00e1ticas y de entretenimiento. El 23 de noviembre de 1899, la Junta Directiva concedi\u00f3 10 pesetas a los socios del teatro, que lo hab\u00edan solicitado para reparar los telones y comprar obras de teatro modernas.<\/p>\n\n\n\n<p>En la celebrada el 4 de noviembre de 1906, se acord\u00f3 enviar al director de <em>El Noticiero<\/em> una protesta por la ley de asociaciones. Este mismo d\u00eda, la Junta Directiva acord\u00f3 abrir el teatro y que el socio Mariano Lozano confeccionara tres o cuatro barbas para los c\u00f3micos, cuyos gastos cubrir\u00eda la sociedad teatral. En diciembre continuaban las conferencias y las funciones de teatro. En la del 7 de diciembre, la Junta Directiva acord\u00f3 ceder el sal\u00f3n de juntas a Julio Seco, que lo hab\u00eda solicitado para dar lecciones de guitarra, con la condici\u00f3n que fueran solo para los socios.<\/p>\n\n\n\n<p>El 2 de febrero de 1908, la Junta Directiva eligi\u00f3 compromisario por votos a Jos\u00e9 Mar\u00eda Bascones, para que asistiera en Zaragoza a la elecci\u00f3n de vocales en el Instituto de Reformas Sociales. Aquel a\u00f1o se acord\u00f3 donar a la t\u00f3mbola un libro de la vida de la Virgen.<\/p>\n\n\n\n<p>En la Junta General del 6 de enero de 1909, Lozano propuso colocar en el sal\u00f3n del C\u00edrculo los retratos de Benito Gimeno y de Vicente de la Fuente, en se\u00f1al de agradecimiento, por sus trabajos a favor de la sociedad. Esta propuesta fue aprobada por unanimidad, con la candidatura que hab\u00eda propuesto la Junta Directiva para el Instituto de Reformas Sociales.<\/p>\n\n\n\n<p>El 6 de marzo de 1910, tendr\u00eda lugar en el C\u00edrculo Cat\u00f3lico un mitin contra la apertura de las escuelas laicas, con varios discursos a favor de la ense\u00f1anza religiosa. El 24 de junio, la Junta Directiva protest\u00f3 por la pol\u00edtica antirreligiosa del gobierno, que no hab\u00eda enviado a la Acci\u00f3n Cat\u00f3lica a Madrid. La Junta General del 5 de julio acord\u00f3 pintar el decorado del teatro, comprometi\u00e9ndose la sociedad dram\u00e1tica a contribuir con alguna cantidad, para los gastos de alba\u00f1iler\u00eda.<\/p>\n\n\n\n<p>En la Junta General del 10 de enero de 1915, Marco se comprometi\u00f3 a costear dos faroles, para acompa\u00f1ar al estandarte en el rosario de la Virgen de la Pe\u00f1a.<\/p>\n\n\n\n<p>Con motivo de la entrada del obispo a la di\u00f3cesis, la Junta Directiva acord\u00f3 el 5 de mayo de 1918, organizar una velada literaria musical, levantando un arco con dedicatoria y emblema. En la Junta Directiva del 9 de mayo, Antonio Bardaj\u00ed dio cuenta de la visita efectuada a los p\u00e1rrocos, acompa\u00f1ado del secretario, que hab\u00edan ofrecido su apoyo moral y material, para las obras de acci\u00f3n social cat\u00f3lica que estableciera el C\u00edrculo. Igual respuesta hab\u00edan recibido del vicario general. Para ello se nombr\u00f3 a una comisi\u00f3n de r\u00e9gimen interior y otra para preparar la velada por la entrada del obispo. Antonio Bardaj\u00ed y Jos\u00e9 Mar\u00eda de la Fuente, como ejecutores testamentarios de F\u00e9lix Sanz de Larrea, se\u00f1alaron que dispon\u00edan por esta v\u00eda de algunos bienes, para clases de ense\u00f1anza en el C\u00edrculo.<\/p>\n\n\n\n<p>El 26 de mayo, la Junta Directiva nombr\u00f3 una comisi\u00f3n para invitar a <strong>Juan Blas y Ubide<\/strong>, primer presidente del C\u00edrculo, para que participara en la velada literaria dedicada al obispo, con motivo de su entrada oficial. Pero <strong>Juan Blas<\/strong> se excus\u00f3, pues no se lo permit\u00eda su delicado estado de salud. El 29 de septiembre, la Junta Directiva propuso organizar una secci\u00f3n art\u00edstica, formada por j\u00f3venes del C\u00edrculo. Para ponerla en funcionamiento, se nombr\u00f3 director a L\u00f3pez Landa y jefes de escena a Jos\u00e9 Mar\u00eda P\u00e9rez y Ceferino Lasheras.<\/p>\n\n\n\n<p>En octubre de este a\u00f1o se pintaron y decoraron los salones del C\u00edrculo, con la intenci\u00f3n de que estuvieran bien saneados, debido a la epidemia de gripe. La Junta Directiva del 15 de diciembre acord\u00f3 que la t\u00f3mbola fuera inaugurada el pr\u00f3ximo d\u00eda 25, invitando a los donantes, y que se instalara un cinemat\u00f3grafo, para amenizar la estancia en los salones de las se\u00f1oras y se\u00f1ores, los d\u00edas de exposici\u00f3n en la t\u00f3mbola.<\/p>\n\n\n\n<p>En la Junta Directiva del 25 de enero de 1919, el presidente se\u00f1al\u00f3 la brillantez de las funciones teatrales, las sesiones de cine y las exposiciones en la t\u00f3mbola. En la Junta General del 9 de febrero se constat\u00f3 que, desde la entrada de la nueva Junta Directiva, el 5 de mayo de 1918, los socios se hab\u00edan duplicado.<\/p>\n\n\n\n<p><strong>Socorros<\/strong>. En la Junta General del 30 de mayo de 1886, se inform\u00f3 que se hab\u00eda comenzado a dar socorros de reglamento a los socios enfermos. La Junta Directiva deb\u00eda dar cuenta de casos semejantes. El 29 de junio la Junta General acord\u00f3 que, desde el 1 de enero de 1887, el socorro se elevar\u00eda a 4 reales diarios. Pero debido al buen estado econ\u00f3mico del C\u00edrculo, la Junta General celebrada el 1 de enero de 1887, acord\u00f3 subir el socorro a 1 peseta diaria, durante los primeros cuarenta d\u00edas. Entre cuarenta a cien d\u00edas el socorro ser\u00eda de 3 reales y de 2 reales de cien d\u00edas en adelante, siempre que los fondos lo permitieran.<\/p>\n\n\n\n<p>En 1890 se acordar\u00eda dar socorro a los socios enfermos, desde el d\u00eda que la familia entregara la certificaci\u00f3n m\u00e9dica de la baja. Este a\u00f1o se socorrieron a treinta y cuatro socios. En 1894 se acord\u00f3 no conceder socorro al socio que se inutilizara en d\u00eda de fiesta. En 1895 Ena se\u00f1al\u00f3 que si no se pod\u00eda pagar 1 peseta diaria a los enfermos, debido a la mala situaci\u00f3n econ\u00f3mica del c\u00edrculo, se rebajara a 2 reales, como se hab\u00eda pagado anteriormente.<\/p>\n\n\n\n<p>La Junta General del 10 de mayo de 1906 acord\u00f3 que, para cobrar el socorro, se deb\u00eda presentar antes la certificaci\u00f3n m\u00e9dica que acreditara la enfermedad. Si la enfermedad fuera cr\u00f3nica, no se tendr\u00eda derecho al socorro. Los enfermos no podr\u00edan salir de casa sin conocimiento de la Junta Directiva, avis\u00e1ndole cuando lo indicara el m\u00e9dico por curaci\u00f3n. Si los enfermos sal\u00edan de casa, se dar\u00edan de alta y no cobrar\u00edan el socorro. Los enfermos de cirug\u00eda que pudieran salir de casa, no entrar\u00edan en las tabernas ni caf\u00e9s, hasta que fueran dados de alta. Tampoco podr\u00edan acudir a sitios de recreo, ni pasar el d\u00eda en el campo. Si concurr\u00edan a los salones del C\u00edrculo, no podr\u00edan tomar parte en los juegos. En caso contrario se les dar\u00eda de alta, cesando de cobrar el socorro. El enfermo que se ausentara de la ciudad no cobrar\u00eda el socorro, mientras estuviera fuera.<\/p>\n\n\n\n<p>En diciembre de 1910, despu\u00e9s de socorrer a un socio enfermo, como marcaba el Reglamento, se le sigui\u00f3 entregando alguna cantidad, para ayuda de su enfermedad. Otros enfermos donaban al C\u00edrculo el haber de algunos d\u00edas de socorro. En 1918 qued\u00f3 suspenso el socorro a los socios, debido a la situaci\u00f3n econ\u00f3mica de la sociedad.<\/p>\n\n\n<div class=\"wp-block-image\">\n<figure class=\"aligncenter size-full\"><a href=\"http:\/\/cebilbilitanos.com\/wp-content\/uploads\/2023\/12\/MEDALLA-CIRCULO-OBREROS-2.jpg\"><img decoding=\"async\" loading=\"lazy\" width=\"614\" height=\"460\" src=\"http:\/\/cebilbilitanos.com\/wp-content\/uploads\/2023\/12\/MEDALLA-CIRCULO-OBREROS-2.jpg\" alt=\"\" class=\"wp-image-3153\" srcset=\"https:\/\/cebilbilitanos.com\/wp-content\/uploads\/2023\/12\/MEDALLA-CIRCULO-OBREROS-2.jpg 614w, https:\/\/cebilbilitanos.com\/wp-content\/uploads\/2023\/12\/MEDALLA-CIRCULO-OBREROS-2-300x225.jpg 300w\" sizes=\"(max-width: 614px) 100vw, 614px\" \/><\/a><\/figure><\/div>\n\n\n<p><strong>Ense\u00f1anza<\/strong>. El 28 de marzo de 1886, la Junta Directiva acord\u00f3 invitar a sacerdotes y socios que ejercieran una profesi\u00f3n cient\u00edfica, para que se inscribieran como profesores, se\u00f1alando las materias que quisieran impartir en las escuelas nocturnas, informando a los socios que no supieran leer ni escribir la apertura de la matricula. En la Junta General del 30 de mayo se comentaron las dificultades, que hab\u00edan impedido la apertura de la escuela por falta de local, habiendo limitado los beneficios de la ense\u00f1anza a las conferencias semanales. Si hab\u00eda socios suficientes que deseaban recibir primera ense\u00f1anza, se organizar\u00eda inmediatamente la escuela, a pesar de lo avanzado de la estaci\u00f3n. El 28 de junio, la Junta Directiva acord\u00f3 abrir la escuela el pr\u00f3ximo 1 de julio, bajo la direcci\u00f3n de Rom\u00e1n Mont\u00f3n, con una gratificaci\u00f3n de 100 reales al mes. En la celebrada el 8 de noviembre, se acord\u00f3 abonar desde ese mes a la Sociedad de San Vicente de Pa\u00fal, la mitad del alquiler del local destinado a escuelas de esa sociedad, que utilizaba el C\u00edrculo, y la compra de algunos utensilios para la ense\u00f1anza.<\/p>\n\n\n\n<p>En la Junta General del 17 de abril de 1887, el presidente inform\u00f3 del estado de la escuela de primera ense\u00f1anza y de la clase de Dibujo, indicando la idea de hacer obligatoria el pr\u00f3ximo invierno la primera ense\u00f1anza, a los socios que no supieran leer ni escribir. En la celebrada el 4 de septiembre se acord\u00f3 cerrar las escuelas, hasta conseguir un local a prop\u00f3sito. Las escuelas se abrir\u00edan el 1 de diciembre, nombrando maestro al socio activo Macario Sanz, con 25 pesetas al mes.<\/p>\n\n\n\n<p>El 27 de febrero de 1888, la Junta Directiva acord\u00f3 la apertura de las clases de Dibujo y M\u00fasica, la primera a cargo de Mariano Blasco y la segunda a cargo de Francisco Pascual, con un haber mensual de 10 pesetas. Por aumento del gasto del alumbrado, se acord\u00f3 asignar al conserje 30 pesetas al mes, siendo de su cuenta el alumbrado de las escuelas y clases especiales. La celebrada el 16 de septiembre acord\u00f3 abrir las escuelas de primera ense\u00f1anza y la clase de M\u00fasica, a cargo de los mismos profesores que el a\u00f1o anterior, invitando a Mariano Blasco para que impartiera la de Dibujo. Las conferencias se inaugurar\u00edan en octubre, invitando a varios sacerdotes y seglares, para que se turnaran en este trabajo.<\/p>\n\n\n\n<p>La Junta Directiva celebrada el 17 de febrero de 1889, autoriz\u00f3 al maestro para que impusiera un correctivo a los alumnos que cometieran faltas en el local.&nbsp; La celebrada el 9 de junio, dado el aprovechamiento de los alumnos en las escuelas nocturnas, acord\u00f3 premiar a cinco que presentar\u00eda el profesor Sanz. El 13 de octubre, la Junta General acord\u00f3 que el pr\u00f3ximo d\u00eda 15 se abrir\u00edan las escuelas nocturnas de primera ense\u00f1anza y de M\u00fasica.<\/p>\n\n\n\n<p>La Junta Directiva celebrada el 25 de mayo de 1890, acord\u00f3 establecer la escuela de solfeo, con 40 reales al mes para el profesor. Aquel a\u00f1o se compraron mesas para las escuelas nocturnas, que se abrir\u00edan el 2 de noviembre, a las siete de la tarde. Una semana m\u00e1s tarde, la Junta Directiva suprimir\u00eda la plaza del maestro de M\u00fasica y el d\u00eda 30 se restablecer\u00eda la clase de solfeo.<\/p>\n\n\n\n<p>El 19 de abril de 1891, la Junta Directiva acord\u00f3 que, a final de aquel mes, se cerrara la escuela nocturna por falta de alumnos, debido a las ocupaciones de la estaci\u00f3n. En la Junta General del 4 de octubre, el presidente inform\u00f3 que en la primera quincena del mes se abrir\u00eda la escuela nocturna, siempre que hubiera suficiente n\u00famero de socios matriculados. Se\u00f1al\u00f3 que, el a\u00f1o anterior, la escuela se hab\u00eda abierto con m\u00e1s de treinta alumnos, pero al cabo de un mes solo acud\u00edan seis o ocho. Para el 15 de noviembre de aquel a\u00f1o estaba prevista la apertura de las escuelas y de la clase de Dibujo Lineal.<\/p>\n\n\n\n<p>En la Junta General celebrada el 1 de enero de 1893, el presidente F\u00e9lix Sanz de Larrea mostraba su satisfacci\u00f3n, por la asistencia de socios a las escuelas y a las conferencias dominicales dirigidas por sacerdotes, apart\u00e1ndose de la senda de los malos vicios y las malas doctrinas, que tanto da\u00f1o hac\u00edan a la clase obrera. Tambi\u00e9n agradec\u00eda a Vicente Garc\u00eda Albericio las clases de Dibujo nocturno, que ofrec\u00eda gratis. El 17 de febrero, la Junta Directiva acord\u00f3 obsequiar al profesor de dibujo, Vicente Garc\u00eda Albericio, por el inter\u00e9s puesto en la ense\u00f1anza de aquella materia.<\/p>\n\n\n\n<p>En la Junta Directiva del 4 de enero de 1894, Justo Navarro coment\u00f3 la acci\u00f3n de algunos alumnos, que se hab\u00edan dado de alta en el C\u00edrculo al comienzo de las clases y de baja a su t\u00e9rmino. Entonces se acord\u00f3 que si ped\u00edan el alta de nuevo, se le exigieran dos o tres mensualidades anticipadas.<\/p>\n\n\n\n<p>En las Juntas Directivas celebradas el 24 de septiembre y el 14 de octubre de 1896, vistas las condiciones deficientes del local, se acord\u00f3 buscar otro m\u00e1s espacioso, para albergar las escuelas nocturnas. En la celebrada el 7 de noviembre, el presidente inform\u00f3 que, con la ayuda del notario Marcelino Ena, hab\u00eda conseguido para local de las escuelas y del teatro recreativo, el arriendo del piso principal de Alejandro Heredia, con un pago anual de 450 pesetas.<\/p>\n\n\n\n<p>En la Junta General del 3 de octubre de 1897, se acordar\u00eda la apertura de la escuela nocturna, pues el nuevo local reun\u00eda condiciones, siempre que el n\u00famero de alumnos llegara a doce.<\/p>\n\n\n\n<p>El 17 de enero de 1906, la Junta Directiva acord\u00f3 establecer la escuela de Dibujo, a cargo de Mariano Rubio. Por acuerdo de la Junta Directiva celebrada el 4 de noviembre, esta clase se abrir\u00eda de nuevo el 15 de ese mes, a cargo del mismo profesor, ocupando la habitaci\u00f3n contigua al gabinete de lectura. Rubio cobrar\u00eda 6 reales por persona, si asistieran diez alumnos o menos, 5 reales hasta quince alumnos y 4 reales de quince alumnos en adelante. Se acord\u00f3 adquirir l\u00e1minas de dibujo, para que los alumnos pudieran lograr mayores adelantos.<\/p>\n\n\n\n<p>En 1910 y 1911 se acordar\u00eda abrir las escuelas para los socios y sus hijos, siempre que lo permitieran los fondos del C\u00edrculo.<\/p>\n\n\n\n<p>En la sesi\u00f3n del Ayuntamiento de Calatayud, celebrada el 13 de agosto de 1913, se ley\u00f3 una carta de Jes\u00fas Marco, presidente del C\u00edrculo Cat\u00f3lico de Obreros, en la que interesaba al alcalde para que gestionase el establecimiento en la ciudad de una Escuela de Artes y Oficios, que ser\u00eda beneficiosa para la clase obrera. Por unanimidad, se acord\u00f3 elevarlo al Ministerio de Instrucci\u00f3n P\u00fablica y Bellas Artes, recabando la ayuda del diputado a Cortes y dem\u00e1s personalidades. En la sesi\u00f3n del 20 de agosto, se aprobar\u00eda la exposici\u00f3n dirigida a este Ministerio, que ser\u00eda recomendada al ministro por el diputado Maura. El 4 noviembre de 1914, el concejal Lafuente propon\u00eda que el ayuntamiento subvencionase un local, para instalar una academia de Dibujo. Marco y Carrau consideraban m\u00e1s positivo crear una escuela de Artes y Oficios, pasando&nbsp; el aviso al diputado del distrito. El 31 de julio de 1918, Alejandro Gargallo y tres personas m\u00e1s solicitaban al ayuntamiento la creaci\u00f3n de una Escuela de Artes y Oficios, con profesores retribuidos y el necesario material de ense\u00f1anza. Pero el 7 de agosto, las Comisiones de Hacienda e Instrucci\u00f3n P\u00fablica desestimaron esta proposici\u00f3n. En la sesi\u00f3n del 4 de octubre de 1922, Clemente expuso la necesidad de instalar en la ciudad una escuela de Artes y Oficios para la ense\u00f1anza de la clase obrera.<\/p>\n\n\n\n<p>En la Junta Directiva del 9 de mayo de 1918 y gracias al legado de F\u00e9lix Sanz de Larrea, que hab\u00eda nombrado ejecutores de su testamento a Bardaj\u00ed y Jos\u00e9 Mar\u00eda de la Fuente, se acord\u00f3 abrir una academia de Contabilidad General, Franc\u00e9s y Dibujo a comienzos de octubre. Pero debido a la gripe, se decidi\u00f3 aplazar su apertura. En la Junta Directiva del 24 de noviembre, el presidente propuso que el 1 de diciembre comenzaran a funcionar las clases de Dibujo, a cargo de Mariano Rubio, y de Contabilidad, a cargo de Pedro San Nicol\u00e1s y de Le\u00f3n Clemente, como auxiliar. Se aprob\u00f3 que el 1 de enero dieran comienzo las clases de Franc\u00e9s, debido a la desaparici\u00f3n de la gripe, pero estas clases no se impartieron, por ser incompatibles con las que ya ten\u00edan lugar, pues los alumnos prefer\u00edan asistir a las que ya funcionaban. En la celebrada el 15 de diciembre, se inform\u00f3 que a las clases asist\u00edan gran n\u00famero de socios. Tambi\u00e9n se acord\u00f3 informar a los labradores, de las conferencias agr\u00edcolas que iban a impartir Gay\u00e1n y Mach\u00edn. En la Junta General ordinaria del 9 de febrero de 1919, el presidente propuso entregar premios a los alumnos que m\u00e1s se distinguieran en las clases de Dibujo y Contabilidad.<\/p>\n\n\n\n<p><strong>Documentos consultados:<\/strong><\/p>\n\n\n\n<p>Archivo Municipal de Calatayud (AMC), Caja 1-13.<\/p>\n\n\n\n<p>AMC, <em>Libro de Actas del Ayuntamiento de Calatayud<\/em>, 1913-1914, Sig. 153.<\/p>\n\n\n\n<p>AMC, <em>Libro de Actas del Ayuntamiento de Calatayud<\/em>, 1914-1915, Sig. 154.<\/p>\n\n\n\n<p>AMC, <em>Libro de Actas del Ayuntamiento de Calatayud<\/em>, 1918-1919, Sig. 158.<\/p>\n\n\n\n<p>ESTARAN MOLINERO, J. (2010): \u00abAportaci\u00f3n del catolicismo social en Arag\u00f3n a la educaci\u00f3n popular (1857-1923)\u00bb, <em>Participaci\u00f3n Educativa<\/em>, n\u00ba extra 1, 91-107.<\/p>\n","protected":false},"excerpt":{"rendered":"<p>CENTENARIO DE JUAN BLAS Y UBIDE, 1923-2023 Francisco Tobajas Gallego Actividades. El Viernes de Dolores de 1886, se program\u00f3 en los salones del C\u00edrculo un concierto sacro, encargando a los socios aficionados la confecci\u00f3n de un programa. En la Junta &hellip; <a href=\"https:\/\/cebilbilitanos.com\/?p=3151\">Sigue leyendo <span class=\"meta-nav\">&rarr;<\/span><\/a><\/p>\n","protected":false},"author":1,"featured_media":0,"comment_status":"closed","ping_status":"open","sticky":false,"template":"","format":"standard","meta":[],"categories":[23],"tags":[],"_links":{"self":[{"href":"https:\/\/cebilbilitanos.com\/index.php?rest_route=\/wp\/v2\/posts\/3151"}],"collection":[{"href":"https:\/\/cebilbilitanos.com\/index.php?rest_route=\/wp\/v2\/posts"}],"about":[{"href":"https:\/\/cebilbilitanos.com\/index.php?rest_route=\/wp\/v2\/types\/post"}],"author":[{"embeddable":true,"href":"https:\/\/cebilbilitanos.com\/index.php?rest_route=\/wp\/v2\/users\/1"}],"replies":[{"embeddable":true,"href":"https:\/\/cebilbilitanos.com\/index.php?rest_route=%2Fwp%2Fv2%2Fcomments&post=3151"}],"version-history":[{"count":2,"href":"https:\/\/cebilbilitanos.com\/index.php?rest_route=\/wp\/v2\/posts\/3151\/revisions"}],"predecessor-version":[{"id":3155,"href":"https:\/\/cebilbilitanos.com\/index.php?rest_route=\/wp\/v2\/posts\/3151\/revisions\/3155"}],"wp:attachment":[{"href":"https:\/\/cebilbilitanos.com\/index.php?rest_route=%2Fwp%2Fv2%2Fmedia&parent=3151"}],"wp:term":[{"taxonomy":"category","embeddable":true,"href":"https:\/\/cebilbilitanos.com\/index.php?rest_route=%2Fwp%2Fv2%2Fcategories&post=3151"},{"taxonomy":"post_tag","embeddable":true,"href":"https:\/\/cebilbilitanos.com\/index.php?rest_route=%2Fwp%2Fv2%2Ftags&post=3151"}],"curies":[{"name":"wp","href":"https:\/\/api.w.org\/{rel}","templated":true}]}}