{"id":3124,"date":"2023-10-17T21:37:16","date_gmt":"2023-10-17T19:37:16","guid":{"rendered":"http:\/\/cebilbilitanos.com\/?p=3124"},"modified":"2023-10-17T21:38:18","modified_gmt":"2023-10-17T19:38:18","slug":"presentacion-de-las-publicaciones-ermitas-y-capillas-y-oratorios-de-la-comunidad-de-calatayud","status":"publish","type":"post","link":"https:\/\/cebilbilitanos.com\/?p=3124","title":{"rendered":"Presentaci\u00f3n de las publicaciones Ermitas y Capillas y oratorios de la Comunidad de Calatayud"},"content":{"rendered":"\n<p>El <strong>Centro de Estudios Bilbilitanos<\/strong> presenta dos nuevas publicaciones editadas gracias a la colaboraci\u00f3n de la <strong>Comarca Comunidad de Calatayud<\/strong> y cuya autor\u00eda pertenece a la <strong>Asociaci\u00f3n Torre Albarrana<\/strong>.<\/p>\n\n\n\n<h2 class=\"wp-block-heading\"><strong><em>Ermitas de la Comarca Comunidad de Calatayud.<\/em><\/strong><\/h2>\n\n\n\n<figure class=\"wp-block-image size-large\"><a href=\"http:\/\/cebilbilitanos.com\/wp-content\/uploads\/2023\/10\/Cubierta-Ermitas-scaled.jpg\"><img decoding=\"async\" loading=\"lazy\" width=\"726\" height=\"1024\" src=\"http:\/\/cebilbilitanos.com\/wp-content\/uploads\/2023\/10\/Cubierta-Ermitas-726x1024.jpg\" alt=\"\" class=\"wp-image-3125\" srcset=\"https:\/\/cebilbilitanos.com\/wp-content\/uploads\/2023\/10\/Cubierta-Ermitas-726x1024.jpg 726w, https:\/\/cebilbilitanos.com\/wp-content\/uploads\/2023\/10\/Cubierta-Ermitas-213x300.jpg 213w, https:\/\/cebilbilitanos.com\/wp-content\/uploads\/2023\/10\/Cubierta-Ermitas-768x1083.jpg 768w, https:\/\/cebilbilitanos.com\/wp-content\/uploads\/2023\/10\/Cubierta-Ermitas-1090x1536.jpg 1090w, https:\/\/cebilbilitanos.com\/wp-content\/uploads\/2023\/10\/Cubierta-Ermitas-1453x2048.jpg 1453w, https:\/\/cebilbilitanos.com\/wp-content\/uploads\/2023\/10\/Cubierta-Ermitas-scaled.jpg 1816w\" sizes=\"(max-width: 726px) 100vw, 726px\" \/><\/a><\/figure>\n\n\n\n<p>Las ermitas comarcales son una de las muestras m\u00e1s visibles del paso de la historia por el humanizado paisaje de la comarca de Calatayud. Han sido construidas de forma ininterrumpida desde la Edad Media, tras la conquista cristiana del territorio, hasta nuestros d\u00edas.<\/p>\n\n\n\n<h2 class=\"wp-block-heading\"><strong><em>Capillas y oratorios de la Comarca Comunidad de Calatayud<\/em><\/strong><\/h2>\n\n\n\n<figure class=\"wp-block-image size-large\"><a href=\"http:\/\/cebilbilitanos.com\/wp-content\/uploads\/2023\/10\/Cubierta-Capillas-scaled.jpg\"><img decoding=\"async\" loading=\"lazy\" width=\"787\" height=\"1024\" src=\"http:\/\/cebilbilitanos.com\/wp-content\/uploads\/2023\/10\/Cubierta-Capillas-787x1024.jpg\" alt=\"\" class=\"wp-image-3126\" srcset=\"https:\/\/cebilbilitanos.com\/wp-content\/uploads\/2023\/10\/Cubierta-Capillas-787x1024.jpg 787w, https:\/\/cebilbilitanos.com\/wp-content\/uploads\/2023\/10\/Cubierta-Capillas-231x300.jpg 231w, https:\/\/cebilbilitanos.com\/wp-content\/uploads\/2023\/10\/Cubierta-Capillas-768x999.jpg 768w, https:\/\/cebilbilitanos.com\/wp-content\/uploads\/2023\/10\/Cubierta-Capillas-1181x1536.jpg 1181w, https:\/\/cebilbilitanos.com\/wp-content\/uploads\/2023\/10\/Cubierta-Capillas-1574x2048.jpg 1574w, https:\/\/cebilbilitanos.com\/wp-content\/uploads\/2023\/10\/Cubierta-Capillas-scaled.jpg 1968w\" sizes=\"(max-width: 787px) 100vw, 787px\" \/><\/a><\/figure>\n\n\n\n<p>Las capillas y oratorios surgieron por diferentes motivos y ten\u00edan en com\u00fan la obligaci\u00f3n de cumplir con los preceptos de la Iglesia. Algunos de estos espacios, que se circunscriben al \u00e1mbito privado, pertenecen a particulares e instituciones y pueden resultar verdaderamente in\u00e9ditos y sorprendentes.<\/p>\n\n\n\n<p>&nbsp;&nbsp;&nbsp;&nbsp;&nbsp;&nbsp;&nbsp;&nbsp; Ambas obras son fruto del arduo y desinteresado trabajo de investigaci\u00f3n llevado a cabo por la Asociaci\u00f3n Torre Albarrana con el \u00fanico fin de defender y difundir nuestro rico y extenso patrimonio. Textos y fotograf\u00edas forman una simbiosis perfecta donde la actualizada y minuciosa descripci\u00f3n de cada ermita, capilla y oratorio, se complementa con las excelentes fotograf\u00edas a las que esta asociaci\u00f3n ya nos tiene acostumbrados.<\/p>\n\n\n\n<p>&nbsp;&nbsp;&nbsp;&nbsp;&nbsp;&nbsp;&nbsp;&nbsp; El resultado final son estos dos libros imprescindibles para conocer y disfrutar este patrimonio comarcal \u00fanico.<\/p>\n\n\n\n<p>El acto de presentaci\u00f3n tendr\u00e1 lugar el <strong>mi\u00e9rcoles<\/strong>, <strong>25 de octubre<\/strong>, a las <strong>20 horas<\/strong>, en el <strong>Sal\u00f3n de Actos de Claretianos<\/strong><\/p>\n\n\n\n<p>&nbsp;&nbsp;&nbsp;&nbsp;&nbsp;&nbsp;&nbsp;&nbsp; Centro de Estudios Bilbilitanos<a><\/a><\/p>\n","protected":false},"excerpt":{"rendered":"<p>El Centro de Estudios Bilbilitanos presenta dos nuevas publicaciones editadas gracias a la colaboraci\u00f3n de la Comarca Comunidad de Calatayud y cuya autor\u00eda pertenece a la Asociaci\u00f3n Torre Albarrana. Ermitas de la Comarca Comunidad de Calatayud. Las ermitas comarcales son &hellip; <a href=\"https:\/\/cebilbilitanos.com\/?p=3124\">Sigue leyendo <span class=\"meta-nav\">&rarr;<\/span><\/a><\/p>\n","protected":false},"author":1,"featured_media":0,"comment_status":"closed","ping_status":"open","sticky":false,"template":"","format":"standard","meta":[],"categories":[30],"tags":[6,11],"_links":{"self":[{"href":"https:\/\/cebilbilitanos.com\/index.php?rest_route=\/wp\/v2\/posts\/3124"}],"collection":[{"href":"https:\/\/cebilbilitanos.com\/index.php?rest_route=\/wp\/v2\/posts"}],"about":[{"href":"https:\/\/cebilbilitanos.com\/index.php?rest_route=\/wp\/v2\/types\/post"}],"author":[{"embeddable":true,"href":"https:\/\/cebilbilitanos.com\/index.php?rest_route=\/wp\/v2\/users\/1"}],"replies":[{"embeddable":true,"href":"https:\/\/cebilbilitanos.com\/index.php?rest_route=%2Fwp%2Fv2%2Fcomments&post=3124"}],"version-history":[{"count":2,"href":"https:\/\/cebilbilitanos.com\/index.php?rest_route=\/wp\/v2\/posts\/3124\/revisions"}],"predecessor-version":[{"id":3128,"href":"https:\/\/cebilbilitanos.com\/index.php?rest_route=\/wp\/v2\/posts\/3124\/revisions\/3128"}],"wp:attachment":[{"href":"https:\/\/cebilbilitanos.com\/index.php?rest_route=%2Fwp%2Fv2%2Fmedia&parent=3124"}],"wp:term":[{"taxonomy":"category","embeddable":true,"href":"https:\/\/cebilbilitanos.com\/index.php?rest_route=%2Fwp%2Fv2%2Fcategories&post=3124"},{"taxonomy":"post_tag","embeddable":true,"href":"https:\/\/cebilbilitanos.com\/index.php?rest_route=%2Fwp%2Fv2%2Ftags&post=3124"}],"curies":[{"name":"wp","href":"https:\/\/api.w.org\/{rel}","templated":true}]}}