{"id":3094,"date":"2023-06-20T19:39:19","date_gmt":"2023-06-20T17:39:19","guid":{"rendered":"http:\/\/cebilbilitanos.com\/?p=3094"},"modified":"2023-06-20T19:39:19","modified_gmt":"2023-06-20T17:39:19","slug":"presentacion-del-libro-la-cofradia-de-san-juan-de-los-labradores-de-jesus-gil-alejandre","status":"publish","type":"post","link":"https:\/\/cebilbilitanos.com\/?p=3094","title":{"rendered":"Presentaci\u00f3n del libro La cofrad\u00eda de San Juan de los labradores, de Jes\u00fas Gil Alejandre"},"content":{"rendered":"\n<p>El s\u00e1bado, 24 de junio de 2023, a las 19 horas y en el Sal\u00f3n Multiusos del Ayuntamiento de Calatayud tendr\u00e1 lugar la presentaci\u00f3n del libro de la colecci\u00f3n Cuadernos de Arag\u00f3n de la Instituci\u00f3n Fernando el Cat\u00f3lico: LA COFRAD\u00cdA Y HOSPITAL DE SAN JUAN DE LOS LABRADORES DE CALATAYUD de Jes\u00fas Gil Alejandre.<\/p>\n\n\n\n<figure class=\"wp-block-image size-large\"><a href=\"http:\/\/cebilbilitanos.com\/wp-content\/uploads\/2023\/06\/Cartel-presentacion-24-junio-2023.png\"><img decoding=\"async\" loading=\"lazy\" width=\"724\" height=\"1024\" src=\"http:\/\/cebilbilitanos.com\/wp-content\/uploads\/2023\/06\/Cartel-presentacion-24-junio-2023-724x1024.png\" alt=\"\" class=\"wp-image-3095\" srcset=\"https:\/\/cebilbilitanos.com\/wp-content\/uploads\/2023\/06\/Cartel-presentacion-24-junio-2023-724x1024.png 724w, https:\/\/cebilbilitanos.com\/wp-content\/uploads\/2023\/06\/Cartel-presentacion-24-junio-2023-212x300.png 212w, https:\/\/cebilbilitanos.com\/wp-content\/uploads\/2023\/06\/Cartel-presentacion-24-junio-2023-768x1086.png 768w, https:\/\/cebilbilitanos.com\/wp-content\/uploads\/2023\/06\/Cartel-presentacion-24-junio-2023-1086x1536.png 1086w, https:\/\/cebilbilitanos.com\/wp-content\/uploads\/2023\/06\/Cartel-presentacion-24-junio-2023-1448x2048.png 1448w\" sizes=\"(max-width: 724px) 100vw, 724px\" \/><\/a><\/figure>\n\n\n\n<p>\u00ad\u00adUn trabajo muy bien documentado que da a conocer la historia de la Cofrad\u00eda y Hospital de San Juan de los Labradores y su legado cultural transmitido de generaci\u00f3n en generaci\u00f3n desde la Edad Media. Algo ins\u00f3lito y \u00fanico porque no se trata de una cofrad\u00eda gremial, como las dem\u00e1s, sino de una cofrad\u00eda familiar que se ha mantenido a trav\u00e9s de varias decenas de generaciones transmitiendo de padres a hijos no solo un extraordinario legado hist\u00f3rico sino tambi\u00e9n un sentimiento de identidad y continuidad.<\/p>\n","protected":false},"excerpt":{"rendered":"<p>El s\u00e1bado, 24 de junio de 2023, a las 19 horas y en el Sal\u00f3n Multiusos del Ayuntamiento de Calatayud tendr\u00e1 lugar la presentaci\u00f3n del libro de la colecci\u00f3n Cuadernos de Arag\u00f3n de la Instituci\u00f3n Fernando el Cat\u00f3lico: LA COFRAD\u00cdA &hellip; <a href=\"https:\/\/cebilbilitanos.com\/?p=3094\">Sigue leyendo <span class=\"meta-nav\">&rarr;<\/span><\/a><\/p>\n","protected":false},"author":1,"featured_media":0,"comment_status":"closed","ping_status":"open","sticky":false,"template":"","format":"standard","meta":[],"categories":[23],"tags":[10],"_links":{"self":[{"href":"https:\/\/cebilbilitanos.com\/index.php?rest_route=\/wp\/v2\/posts\/3094"}],"collection":[{"href":"https:\/\/cebilbilitanos.com\/index.php?rest_route=\/wp\/v2\/posts"}],"about":[{"href":"https:\/\/cebilbilitanos.com\/index.php?rest_route=\/wp\/v2\/types\/post"}],"author":[{"embeddable":true,"href":"https:\/\/cebilbilitanos.com\/index.php?rest_route=\/wp\/v2\/users\/1"}],"replies":[{"embeddable":true,"href":"https:\/\/cebilbilitanos.com\/index.php?rest_route=%2Fwp%2Fv2%2Fcomments&post=3094"}],"version-history":[{"count":1,"href":"https:\/\/cebilbilitanos.com\/index.php?rest_route=\/wp\/v2\/posts\/3094\/revisions"}],"predecessor-version":[{"id":3096,"href":"https:\/\/cebilbilitanos.com\/index.php?rest_route=\/wp\/v2\/posts\/3094\/revisions\/3096"}],"wp:attachment":[{"href":"https:\/\/cebilbilitanos.com\/index.php?rest_route=%2Fwp%2Fv2%2Fmedia&parent=3094"}],"wp:term":[{"taxonomy":"category","embeddable":true,"href":"https:\/\/cebilbilitanos.com\/index.php?rest_route=%2Fwp%2Fv2%2Fcategories&post=3094"},{"taxonomy":"post_tag","embeddable":true,"href":"https:\/\/cebilbilitanos.com\/index.php?rest_route=%2Fwp%2Fv2%2Ftags&post=3094"}],"curies":[{"name":"wp","href":"https:\/\/api.w.org\/{rel}","templated":true}]}}