{"id":3063,"date":"2023-03-13T13:22:21","date_gmt":"2023-03-13T12:22:21","guid":{"rendered":"http:\/\/cebilbilitanos.com\/?p=3063"},"modified":"2023-03-13T13:22:58","modified_gmt":"2023-03-13T12:22:58","slug":"la-expulsion-de-los-judios-de-calatayud-anatomia-de-una-encrucijada","status":"publish","type":"post","link":"https:\/\/cebilbilitanos.com\/?p=3063","title":{"rendered":"Presentaci\u00f3n del libro: La expulsi\u00f3n de los jud\u00edos de Calatayud: anatom\u00eda de una encrucijada"},"content":{"rendered":"\n<p>de <strong>Miguel \u00c1ngel Motis Dolader<\/strong><\/p>\n\n\n\n<p>\u00a0\u00a0\u00a0\u00a0\u00a0\u00a0\u00a0\u00a0\u00a0\u00a0\u00a0 Calatayud es una ciudad con un importante pasado hist\u00f3rico, art\u00edstico y cultural, aunque no todas sus \u00e9pocas y culturas han sido estudiadas con el mismo grado de profundidad, por ello, el Centro de Estudios Bilbilitanos se complace en presentar su publicaci\u00f3n n\u00ba 167 <strong><em>La expulsi\u00f3n de los jud\u00edos de Calatayud: Anatom\u00eda de una encrucijada<\/em><\/strong>, fruto de un trabajo de investigaci\u00f3n, riguroso y perfectamente documentado, llevado a cabo por <strong>Miguel \u00c1ngel Motis Dolader<\/strong>.<\/p>\n\n\n\n<figure class=\"wp-block-image size-large\"><a href=\"http:\/\/cebilbilitanos.com\/wp-content\/uploads\/2023\/03\/portada-scaled.jpg\"><img decoding=\"async\" loading=\"lazy\" width=\"730\" height=\"1024\" src=\"http:\/\/cebilbilitanos.com\/wp-content\/uploads\/2023\/03\/portada-730x1024.jpg\" alt=\"\" class=\"wp-image-3064\" srcset=\"https:\/\/cebilbilitanos.com\/wp-content\/uploads\/2023\/03\/portada-730x1024.jpg 730w, https:\/\/cebilbilitanos.com\/wp-content\/uploads\/2023\/03\/portada-214x300.jpg 214w, https:\/\/cebilbilitanos.com\/wp-content\/uploads\/2023\/03\/portada-768x1078.jpg 768w, https:\/\/cebilbilitanos.com\/wp-content\/uploads\/2023\/03\/portada-1095x1536.jpg 1095w, https:\/\/cebilbilitanos.com\/wp-content\/uploads\/2023\/03\/portada-1459x2048.jpg 1459w, https:\/\/cebilbilitanos.com\/wp-content\/uploads\/2023\/03\/portada-scaled.jpg 1824w\" sizes=\"(max-width: 730px) 100vw, 730px\" \/><\/a><\/figure>\n\n\n\n<p>Esta publicaci\u00f3n se centra en el estudio de un periodo concreto, la \u00e9poca de su expulsi\u00f3n, partiendo de las fuentes escritas que el autor ha encontrado en diferentes archivos y que ha sabido organizar de forma coherente para ofrecer al lector un relato meticuloso que aporta gran cantidad de informaci\u00f3n sobre una parte de la historia de nuestra ciudad para muchos desconocida.<\/p>\n\n\n\n<p>&nbsp;&nbsp;&nbsp;&nbsp;&nbsp;&nbsp;&nbsp;&nbsp;&nbsp;&nbsp;&nbsp; El acto de presentaci\u00f3n tendr\u00e1 lugar el <strong>jueves<\/strong>, <strong>23 de marzo<\/strong>, a las <strong>19 horas<\/strong> en el <strong>Sal\u00f3n Multiusos del Ayuntamiento de Calatayud<\/strong>.<\/p>\n","protected":false},"excerpt":{"rendered":"<p>de Miguel \u00c1ngel Motis Dolader \u00a0\u00a0\u00a0\u00a0\u00a0\u00a0\u00a0\u00a0\u00a0\u00a0\u00a0 Calatayud es una ciudad con un importante pasado hist\u00f3rico, art\u00edstico y cultural, aunque no todas sus \u00e9pocas y culturas han sido estudiadas con el mismo grado de profundidad, por ello, el Centro de Estudios &hellip; <a href=\"https:\/\/cebilbilitanos.com\/?p=3063\">Sigue leyendo <span class=\"meta-nav\">&rarr;<\/span><\/a><\/p>\n","protected":false},"author":1,"featured_media":0,"comment_status":"closed","ping_status":"open","sticky":false,"template":"","format":"standard","meta":[],"categories":[23],"tags":[17,10,11],"_links":{"self":[{"href":"https:\/\/cebilbilitanos.com\/index.php?rest_route=\/wp\/v2\/posts\/3063"}],"collection":[{"href":"https:\/\/cebilbilitanos.com\/index.php?rest_route=\/wp\/v2\/posts"}],"about":[{"href":"https:\/\/cebilbilitanos.com\/index.php?rest_route=\/wp\/v2\/types\/post"}],"author":[{"embeddable":true,"href":"https:\/\/cebilbilitanos.com\/index.php?rest_route=\/wp\/v2\/users\/1"}],"replies":[{"embeddable":true,"href":"https:\/\/cebilbilitanos.com\/index.php?rest_route=%2Fwp%2Fv2%2Fcomments&post=3063"}],"version-history":[{"count":3,"href":"https:\/\/cebilbilitanos.com\/index.php?rest_route=\/wp\/v2\/posts\/3063\/revisions"}],"predecessor-version":[{"id":3067,"href":"https:\/\/cebilbilitanos.com\/index.php?rest_route=\/wp\/v2\/posts\/3063\/revisions\/3067"}],"wp:attachment":[{"href":"https:\/\/cebilbilitanos.com\/index.php?rest_route=%2Fwp%2Fv2%2Fmedia&parent=3063"}],"wp:term":[{"taxonomy":"category","embeddable":true,"href":"https:\/\/cebilbilitanos.com\/index.php?rest_route=%2Fwp%2Fv2%2Fcategories&post=3063"},{"taxonomy":"post_tag","embeddable":true,"href":"https:\/\/cebilbilitanos.com\/index.php?rest_route=%2Fwp%2Fv2%2Ftags&post=3063"}],"curies":[{"name":"wp","href":"https:\/\/api.w.org\/{rel}","templated":true}]}}