{"id":3059,"date":"2023-03-08T19:30:13","date_gmt":"2023-03-08T18:30:13","guid":{"rendered":"http:\/\/cebilbilitanos.com\/?p=3059"},"modified":"2025-01-27T23:08:22","modified_gmt":"2025-01-27T22:08:22","slug":"dario-perez-y-la-fiesta-homenaje-a-la-nujer-bilbilitana","status":"publish","type":"post","link":"https:\/\/cebilbilitanos.com\/?p=3059","title":{"rendered":"Dar\u00edo P\u00e9rez y la fiesta homenaje a la mujer bilbilitana"},"content":{"rendered":"\n<figure class=\"wp-block-image size-full\"><a href=\"http:\/\/cebilbilitanos.com\/wp-content\/uploads\/2023\/03\/HOMENAJE-MUJER-1924.-CEB.jpg\"><img decoding=\"async\" loading=\"lazy\" width=\"585\" height=\"408\" src=\"http:\/\/cebilbilitanos.com\/wp-content\/uploads\/2023\/03\/HOMENAJE-MUJER-1924.-CEB.jpg\" alt=\"\" class=\"wp-image-3060\" srcset=\"https:\/\/cebilbilitanos.com\/wp-content\/uploads\/2023\/03\/HOMENAJE-MUJER-1924.-CEB.jpg 585w, https:\/\/cebilbilitanos.com\/wp-content\/uploads\/2023\/03\/HOMENAJE-MUJER-1924.-CEB-300x209.jpg 300w\" sizes=\"(max-width: 585px) 100vw, 585px\" \/><\/a><\/figure>\n\n\n\n<p>Francisco Tobajas Gallego<\/p>\n\n\n\n<p>&nbsp;&nbsp;&nbsp;&nbsp;&nbsp;&nbsp;&nbsp;&nbsp;&nbsp;&nbsp;&nbsp; <strong>Dar\u00edo P\u00e9rez<\/strong> fue el promotor de esta fiesta homenaje a la mujer bilbilitana en septiembre de 1924, quiz\u00e1 influido por el estreno de la pel\u00edcula <em>La Dolores<\/em>, de Maximiliano Thous, basada en el drama de Fel\u00edu y Codina. El 5 de abril de este a\u00f1o, el semanario bilbilitano <em>La Justicia<\/em> anunciaba el pr\u00f3ximo estreno de esta pel\u00edcula en El Coliseo Imperial de la ciudad.<\/p>\n\n\n\n<p><strong>Dar\u00edo P\u00e9rez<\/strong> intent\u00f3 preparar una Fiesta de la Dolores para los Juegos Florales de 1896, debido quiz\u00e1 al \u00e9xito de la \u00f3pera de Bret\u00f3n, estrenada en el teatro de la Zarzuela de Madrid el 16 de marzo de 1895. Desconocemos el proyecto que <strong>Dar\u00edo P\u00e9rez<\/strong> ten\u00eda en mente y lo que pudo saber de \u00e9l Sancho y Gil, quien public\u00f3 un art\u00edculo en <em>La Justicia<\/em> el 17 de octubre de 1895, en el que se\u00f1alaba que se trataba de una fiesta dedicada a la Dolores de Bret\u00f3n.<\/p>\n\n\n\n<p>En una carta dirigida a V\u00edctor Balaguer, fechada en Zaragoza el 22 de octubre de 1895, Sancho y Gil le comentaba: <em>Quieren en Calatayud el a\u00f1o que viene hacer una magna representaci\u00f3n de la Dolores, convirtiendo la Plaza de toros en Teatro, la cual representaci\u00f3n habr\u00e1 de terminar con la coronaci\u00f3n de Bret\u00f3n. Para hacer atm\u00f3sfera a favor del proyecto quiere La Justicia publicar las opiniones de determinadas personas. Yo me he permitido dar la m\u00eda, seg\u00fan ver\u00e1 en el adjunto recorte, y me he comprometido a gestionar una carta de V. expresiva de su opini\u00f3n, para publicarla en las columnas de aquel peri\u00f3dico<\/em>.<\/p>\n\n\n\n<p><strong>Dar\u00edo P\u00e9rez<\/strong> hab\u00eda pedido a Sancho y Gil su parecer sobre esta <em>idea que nos cupo el honor de ser los primeros en expresar<\/em>. Sancho y Gil se adher\u00eda al proyecto, confesando a <strong>Dar\u00edo P\u00e9rez<\/strong> que hab\u00eda dado en el blanco. Refiri\u00e9ndose a Bret\u00f3n, escrib\u00eda: <em>El gran maestro debe ser coronado en el a\u00f1o pr\u00f3ximo en esa ciudad por ella [su \u00f3pera], representada en su Alcalde. La fiesta de la Dolores debe ser celebrada cual usted la ha concebido. Nobleza obliga. Un acto de justicia convertido en manifestaci\u00f3n de la gratitud, honrar\u00e1 siempre, a la vez que a la justicia y a la gratitud, a la individualidad o a la colectividad que lo ejecute<\/em>.<\/p>\n\n\n\n<p>Sancho y Gil aseguraba que si hab\u00eda una Dolores de Bret\u00f3n, antes hab\u00eda habido otra de Fel\u00edu y Codina, con quien Calatayud estaba en deuda, proponiendo un homenaje para el dramaturgo. <strong>Dar\u00edo P\u00e9rez<\/strong> tambi\u00e9n estaba de acuerdo en homenajear a Fel\u00edu. <strong>Dar\u00edo P\u00e9rez<\/strong> escribi\u00f3 a V\u00edctor Balaguer el 23 de octubre de 1895, particip\u00e1ndole que <em>La Justicia<\/em> se honrar\u00eda publicando una carta de tan ilustre literato.<\/p>\n\n\n\n<p>A pesar de todo, este proyecto no se llevar\u00eda a cabo, pues en ning\u00fan momento de la fiesta de los Juegos florales de 1896 se hace referencia a \u00e9l, ni viene rese\u00f1ado en los peri\u00f3dicos consultados.<\/p>\n\n\n\n<p>El 30 de abril de 1924, <strong>Dar\u00edo P\u00e9rez<\/strong> public\u00f3 un art\u00edculo en <em>Heraldo de Arag\u00f3n<\/em>, titulado <em>La Dolores del cantar<\/em>, donde escrib\u00eda: <em>Y esta copla pretende marcar con fuego de descr\u00e9dito a una nobil\u00edsima ciudad de Arag\u00f3n, de nombre Augusto por fuero de su historia y por timbre de la honrada, de la fuerte, de la austera mujer bilbilitana<\/em>.<\/p>\n\n\n\n<p>El diario <em>ABC<\/em> de Madrid publicaba el 19 de junio las bases de esta fiesta literaria. El peri\u00f3dico se\u00f1alaba que, bas\u00e1ndose en el cantar <em>Si vas a Calatayud\u2026,<\/em> Fel\u00edu y Codina hab\u00eda forjado el argumento de su drama <em>La Dolores<\/em>, que luego hab\u00eda llevado Bret\u00f3n al pentagrama y m\u00e1s tarde a la pel\u00edcula que circulaba hasta en los m\u00e1s humildes pueblos. <strong>Dar\u00edo P\u00e9rez<\/strong>, en su art\u00edculo publicado en <em>Heraldo de Arag\u00f3n<\/em>, hab\u00eda protestado de esta falsa leyenda que la copla popular hab\u00eda extendido por el mundo entero, proponiendo la reparaci\u00f3n de la mujer bilbilitana y aragonesa. El Ayuntamiento de Calatayud hab\u00eda acogido con entusiasmo esta iniciativa, nombrando a una comisi\u00f3n para que organizara esta fiesta homenaje. Estaba compuesta por el alcalde Antonio Bardaj\u00ed, presidente, Ram\u00f3n Ortega, Francisco Lafuente, Jos\u00e9 Mar\u00eda L\u00f3pez Landa, Cipriano Luis Aguilar, Wenceslao Bruno Mu\u00f1oz, Ram\u00f3n Herrero, Jos\u00e9 Llanas y Jos\u00e9 Francia, vocales. Lorenzo Gaspar, secretario, y Andr\u00e9s F\u00e9lez, vicesecretario.<\/p>\n\n\n\n<p>Las bases firmadas por el alcalde Antonio Bardaj\u00ed el 1 de junio, otorgaban un premio de 500 pesetas a un cantar de cuatro versos, que desvirtuase la copla infamante. Tambi\u00e9n se premiar\u00eda con un objeto de arte a una colecci\u00f3n de doce cantares aragoneses, alusivos al fin de la fiesta. Otro objeto art\u00edstico premiar\u00eda un trabajo literario&nbsp; de autor aragon\u00e9s, alusivo a la fiesta que se celebraba. El plazo de admisi\u00f3n terminar\u00eda el 15 de agosto. Los trabajos deb\u00edan ser originales e in\u00e9ditos.<\/p>\n\n\n\n<p>Esta fiesta homenaje organizada por el Ayuntamiento de Calatayud, produjo una discusi\u00f3n en la prensa. La mayor\u00eda de los peri\u00f3dicos la juzgaron inoportuna y sin motivo. El director de <em>El Regional<\/em>, Justo Navarro, aplaud\u00eda al iniciador de la idea y a los que la hab\u00edan acogido. Sin embargo Manuel Casanova, desde las p\u00e1ginas del <em>Diario de Avisos <\/em>de Zaragoza, publicaba el 23 de junio un art\u00edculo, donde escrib\u00eda que esta fiesta iba a producir <em>una avalancha l\u00edrica y patrioterilla<\/em>. Consideraba que Fel\u00edu y Codina no merec\u00eda que su memoria fuera execrada por este hecho, pues no era justo atribuirle una intenci\u00f3n de ofensa. No cre\u00eda que esta fiesta pudiera satisfacer a la mujer bilbilitana, <em>porque no la precisa, como no hacen falta a su honra estos cantos pasionales, ciegos, hiperb\u00f3licos que la amenazan; porque nunca se est\u00e1 m\u00e1s cerca de caer en la ofensa, en la verdadera ofensa que por el camino desbocado, sin esp\u00edritu ponderado y justo, de la adulaci\u00f3n<\/em>.<\/p>\n\n\n\n<p>El mismo <strong>Dar\u00edo P\u00e9rez<\/strong> recog\u00eda en sus memorias redactadas al final de su vida, que aquella iniciativa ser\u00eda criticada por una parte de la prensa, que lleg\u00f3 a insultarle, aunque aplaudida por la prensa seria y patrocinada por el Ayuntamiento de Calatayud. Incluso se le atribuyeron fines electorales, pues ya votaban las mujeres. Este lapsus de <strong>Dar\u00edo P\u00e9rez<\/strong> ya fue puesto en evidencia por Mariano Amada, pues las mujeres no pudieron votar hasta las elecciones de 1933.<\/p>\n\n\n\n<p>El 2 de agosto de 1924, el diario <em>ABC<\/em> se\u00f1alaba que el anuncio de la fiesta en homenaje a la mujer bilbilitana, hab\u00eda sido comentado en toda Espa\u00f1a, con las m\u00e1s opuestas opiniones. El diario consideraba que estaban en un error los que pensaban que los bilbilitanos estaban enojados con Fel\u00edu, pues le hab\u00edan invitado a presidir los primeros Juegos florales, celebrados en 1893. Consideraba que la fiesta, lejos de ofender a Fel\u00edu y a Bret\u00f3n, iba a avivar gratos recuerdos en muchos bilbilitanos, admiradores de ambos.<\/p>\n\n\n\n<p>En la sesi\u00f3n del Ayuntamiento de Calatayud celebrada el 18 de agosto, el alcalde se\u00f1al\u00f3 que el d\u00eda 15 hab\u00eda recibido un telegrama de la escritora Concha Espina, en el que aceptaba la invitaci\u00f3n de ser mantenedora de la fiesta homenaje a la mujer bilbilitana. Se le contest\u00f3 con otro telegrama, agradeci\u00e9ndole su actitud.<\/p>\n\n\n\n<p>El 27 de agosto, <em>ABC<\/em> informaba que una comisi\u00f3n del Ayuntamiento de Calatayud hab\u00eda visitado al gobernador civil, invit\u00e1ndole a presidir la fiesta literaria, que se celebrar\u00eda en homenaje a la mujer bilbilitana. Tambi\u00e9n se\u00f1alaba que se hab\u00edan recibido miles de cantares, que ser\u00edan examinados por un jurado compuesto por Garc\u00eda Arista, Mariano Baselga y Genaro Poza. Las fiestas las iba a presidir la escritora monta\u00f1esa Concha Espina. Tambi\u00e9n se iban a celebrar dos corridas de toros, lidi\u00e1ndose ganado de Concha y Sierra y de Vicente Mart\u00ednez, para los diestros Chicuelo, Marcial Lalanda y Villalta.<\/p>\n\n\n\n<p>La fiesta tuvo lugar el d\u00eda 12 de septiembre en el Coliseo Imperial. Al d\u00eda siguiente <em>ABC<\/em> informaba que el teatro hab\u00eda estado lleno a rebosar. Los palcos se hab\u00edan adornado con mantones de Manila y el escenario con guirnaldas y plantas. En el centro destacaba el trono, en el que figuraban los escudos de Calatayud y Santander.<\/p>\n\n\n\n<p>En la presidencia hab\u00edan tomado asiento el alcalde, Antonio Bardaj\u00ed, Garc\u00eda Arista, Ortega, Bruno, Aguilar, Lafuente, Llanas, los concejales venidos de Santander y el vicario general, Valent\u00edn Marco. Tambi\u00e9n estuvo presente el secretario del Centro Aragon\u00e9s de Santander. Como se trataba de una fiesta dedicada a la mujer, se hab\u00eda designado para presidirla a la escritora Concha Espina de la Serna.<\/p>\n\n\n\n<p>El secretario de la comisi\u00f3n ley\u00f3 la memoria de la fiesta, elogiando al director del diario <em>ABC<\/em>, Torcuato Luca de Tena, por dotar con otras 500 pesetas el premio a la copla ganadora. Se hab\u00edan recibido once mil trescientos trabajos.<\/p>\n\n\n\n<p>El alcalde, precedido de los maceros, sali\u00f3 a buscar a Concha Espina, quien entr\u00f3 en el sal\u00f3n, mientras la orquesta interpretaba una marcha triunfal,&nbsp; acompa\u00f1ada de su corte, compuesta por las se\u00f1oritas bilbilitanas Mar\u00eda Luisa Mediano, Carmen G\u00f3rriz, Carmen Melendo, Felipa L\u00f3pez Guti\u00e9rrez, Pilar Herrero y Carmen Lafuente.<\/p>\n\n\n\n<p>Varios artistas de la compa\u00f1\u00eda de Mar\u00eda Palou, que actuaba unos d\u00edas en Calatayud, leyeron varios trabajos, entre otros los de Fernando Cast\u00e1n Palomar, Blasco Ib\u00e1\u00f1ez, hermanos \u00c1lvarez Quintero y Matheu. A continuaci\u00f3n se interpret\u00f3 el pasodoble del Maestro Marquina titulado <em>La mujer bilbilitana<\/em>, escrito expresamente para este acto. Mar\u00eda Palou ley\u00f3 el trabajo de Concha Espina titulado <em>Mensaje a Calatayud y honores que la ciudad augusta rinde a las mujeres aragonesas<\/em>.<\/p>\n\n\n\n<p>El jurado declar\u00f3 desierto el premio a la copla que desvirtuase a la de la Dolores, pero recomend\u00f3 otra que llevaba por lema <em>Para ti, Espa\u00f1a<\/em>. Al abrir la plica se encontr\u00f3 otra cuarteta, que devolv\u00eda al pueblo la autor\u00eda de la copla del cantar. A continuaci\u00f3n, la Banda de Ingenieros, dirigida por Pascual Marquina, interpret\u00f3 la p\u00e1gina musical <em>Una noche en Calatayud<\/em>, compuesta por el maestro Pablo Luna. Lucrecia Arana cant\u00f3 la copla premiada, a la que siguieron insistentes aplausos.<\/p>\n\n\n\n<p>En la sesi\u00f3n del Ayuntamiento de Calatayud celebrada el 15 de septiembre, se consign\u00f3 el j\u00fabilo de la ciudad el d\u00eda anterior, por haberse adjudicado la subasta del ferrocarril Calatayud-Ontaneda a Guillermo W. Solms. Asimismo qued\u00f3 constancia del banquete celebrado en la Casa Consistorial, para agasajar a los representantes de Santander. El alcalde de Calatayud tuvo el honor de entregar a Concha Espina el Real Despacho, por el que el rey le hab\u00eda concedido la Banda de Mar\u00eda Luisa.<\/p>\n\n\n\n<p>En la sesi\u00f3n del 29 de septiembre el alcalde inform\u00f3 de su viaje a Santander, donde hab\u00eda sido invitado para asistir a un banquete, organizado por aquel ayuntamiento, en honor a la comisi\u00f3n gestora del ferrocarril Calatayud-Ontaneda. El alcalde propuso que, para cumplir los acuerdos adoptados en este banquete, se nombrara al rey alcalde honorario de la ciudad, y que fuera colocado el busto del ingeniero Ram\u00f3n de Aguinaga en la estaci\u00f3n del ferrocarril Calatayud-Ontaneda, como testimonio de gratitud por su actuaci\u00f3n en pro de este ferrocarril. El alcalde tambi\u00e9n inform\u00f3 que hab\u00eda recibido un telegrama de W. Solms, donde le comunicaba haber constituido la sociedad para la construcci\u00f3n de este ferrocarril.<\/p>\n\n\n\n<p>El secretario de la comisi\u00f3n organizadora de la fiesta homenaje en Calatayud, Lorenzo Gaspar, devolvi\u00f3 las 500 pesetas al director de <em>ABC<\/em>, quien decidi\u00f3 convocar un nuevo concurso. Las bases aparecieron en este peri\u00f3dico el 12 de octubre y en ellas se anunciaba que podr\u00edan tomar parte en este nuevo concurso, todos los autores de coplas que hubieran concurrido o no al de Calatayud. El jurado, del que formaba parte <strong>Dar\u00edo P\u00e9rez<\/strong>, se reuni\u00f3 el 6 de enero de 1925, acordando por unanimidad conceder el premio a una copla que se present\u00f3 con el lema <em>No hay mancha donde no hay delito<\/em>, de la que era autor Vicente Ram\u00edrez Pay\u00e1, maestro nacional de Castalla, Alicante.<\/p>\n\n\n\n<p><strong>Documentos consultados<\/strong>:<\/p>\n\n\n\n<p>Archivo Municipal de Calatayud, <em>Libro de Actas del Ayuntamiento de Calatayud<\/em>, Sig. 163.<\/p>\n\n\n\n<p><a href=\"https:\/\/www.calatayud.org\/noticias\/MAYO-13\/100513_10.htm\">La fiesta de La Dolores (calatayud.org)<\/a> [Fecha de consulta: 21 de noviembre de 2022]<\/p>\n\n\n\n<p>S\u00c1NCHEZ PORTERO, A (1998): <em>La Dolores. Algo m\u00e1s que una leyenda<\/em>, Zaragoza.<\/p>\n","protected":false},"excerpt":{"rendered":"<p>Francisco Tobajas Gallego &nbsp;&nbsp;&nbsp;&nbsp;&nbsp;&nbsp;&nbsp;&nbsp;&nbsp;&nbsp;&nbsp; Dar\u00edo P\u00e9rez fue el promotor de esta fiesta homenaje a la mujer bilbilitana en septiembre de 1924, quiz\u00e1 influido por el estreno de la pel\u00edcula La Dolores, de Maximiliano Thous, basada en el drama de Fel\u00edu &hellip; <a href=\"https:\/\/cebilbilitanos.com\/?p=3059\">Sigue leyendo <span class=\"meta-nav\">&rarr;<\/span><\/a><\/p>\n","protected":false},"author":1,"featured_media":0,"comment_status":"closed","ping_status":"open","sticky":false,"template":"","format":"standard","meta":[],"categories":[23],"tags":[26],"_links":{"self":[{"href":"https:\/\/cebilbilitanos.com\/index.php?rest_route=\/wp\/v2\/posts\/3059"}],"collection":[{"href":"https:\/\/cebilbilitanos.com\/index.php?rest_route=\/wp\/v2\/posts"}],"about":[{"href":"https:\/\/cebilbilitanos.com\/index.php?rest_route=\/wp\/v2\/types\/post"}],"author":[{"embeddable":true,"href":"https:\/\/cebilbilitanos.com\/index.php?rest_route=\/wp\/v2\/users\/1"}],"replies":[{"embeddable":true,"href":"https:\/\/cebilbilitanos.com\/index.php?rest_route=%2Fwp%2Fv2%2Fcomments&post=3059"}],"version-history":[{"count":2,"href":"https:\/\/cebilbilitanos.com\/index.php?rest_route=\/wp\/v2\/posts\/3059\/revisions"}],"predecessor-version":[{"id":3227,"href":"https:\/\/cebilbilitanos.com\/index.php?rest_route=\/wp\/v2\/posts\/3059\/revisions\/3227"}],"wp:attachment":[{"href":"https:\/\/cebilbilitanos.com\/index.php?rest_route=%2Fwp%2Fv2%2Fmedia&parent=3059"}],"wp:term":[{"taxonomy":"category","embeddable":true,"href":"https:\/\/cebilbilitanos.com\/index.php?rest_route=%2Fwp%2Fv2%2Fcategories&post=3059"},{"taxonomy":"post_tag","embeddable":true,"href":"https:\/\/cebilbilitanos.com\/index.php?rest_route=%2Fwp%2Fv2%2Ftags&post=3059"}],"curies":[{"name":"wp","href":"https:\/\/api.w.org\/{rel}","templated":true}]}}