{"id":3049,"date":"2023-02-07T17:59:39","date_gmt":"2023-02-07T16:59:39","guid":{"rendered":"http:\/\/cebilbilitanos.com\/?p=3049"},"modified":"2023-02-07T17:59:39","modified_gmt":"2023-02-07T16:59:39","slug":"dario-perez-y-la-escuela-elemental-del-trabajo","status":"publish","type":"post","link":"https:\/\/cebilbilitanos.com\/?p=3049","title":{"rendered":"Dar\u00edo P\u00e9rez y la escuela elemental del trabajo"},"content":{"rendered":"\n<p><em>CENTENARIO DEL NOMBRAMIENTO DE DAR\u00cdO P\u00c9REZ GARC\u00cdA<\/em><\/p>\n\n\n\n<p><em>COMO HIJO PREDILECTO DE CALATAYUD, 1922-2022<\/em><\/p>\n\n\n\n<p><strong>Dar\u00edo P\u00e9rez y la escuela elemental del trabajo<\/strong><\/p>\n\n\n\n<p>Francisco Tobajas Gallego<\/p>\n\n\n\n<p>Ya en la sesi\u00f3n del Ayuntamiento de Calatayud celebrada el 9 de enero de 1907, Cipriano Aguilar ped\u00eda la instalaci\u00f3n en la ciudad de una escuela de Artes e Industrias. Juan Blas apoy\u00f3 esta iniciativa y propuso que la comisi\u00f3n que se trasladara a Madrid para el asunto de las carreteras, deb\u00eda ocuparse de este proyecto. Entonces se acord\u00f3 designar a Blas y a Aguilar para que lo estudiaran y propusieran lo que consideraran necesario.<\/p>\n\n\n\n<p>En la sesi\u00f3n del 8 de agosto de 1913, el presidente del C\u00edrculo Cat\u00f3lico de Obreros y concejal, Jes\u00fas Marco, propuso interesar al alcalde, para que gestionase el establecimiento en la ciudad de una Escuela de Artes e Industrias. La corporaci\u00f3n acord\u00f3 por unanimidad elevar esta instancia al Ministerio de Instrucci\u00f3n P\u00fablica y Bellas Artes, recabando ayuda del diputado a Cortes, Gabriel Maura.<\/p>\n\n\n\n<p>En esta misma sesi\u00f3n y a propuesta del concejal Marco, se acord\u00f3 felicitar a <strong>Dar\u00edo P\u00e9rez<\/strong>, por su nombramiento como Miembro de la Legi\u00f3n de Honor francesa. L\u00f3pez Ruiz pidi\u00f3 tambi\u00e9n el cumplimiento del acuerdo municipal, dando el nombre de <strong>Dar\u00edo P\u00e9rez<\/strong> a la Plaza del Teatro. El presidente record\u00f3 que tambi\u00e9n estaba pendiente el cambio de nombre de la calle de la Bodeguilla por el de V\u00edctor Balaguer, proponiendo que se anunciaran en el pr\u00f3ximo programa de festejos.<\/p>\n\n\n\n<p>Estas iniciativas no tendr\u00edan el fruto deseado y habr\u00eda que esperar hasta 1931, cuando <strong>Dar\u00edo P\u00e9rez<\/strong> le dar\u00eda el impulso definitivo. La primera noticia que se conoce sobre la implantaci\u00f3n de esta escuela, la encontramos en las p\u00e1ginas de <em>El Regional<\/em>, del 4 de febrero de 1931. En aquellas fechas, <strong>Dar\u00edo P\u00e9rez<\/strong> se\u00f1alaba que la <em>creciente poblaci\u00f3n obrera de Calatayud necesitaba un campo experimental donde puedan capacitarse las clases humildes en sus especializaciones preferidas, y ninguno m\u00e1s eficaz que la Escuela del Trabajo. Ella reportar\u00e1 al obrero la ventaja de las ense\u00f1anzas profesionales industriales logrando que Calatayud y su comarca, en determinado periodo de tiempo, cuente con una clase obrera bien preparada en sus respectivos oficios, elevando el nivel de la cultura general, con provecho de s\u00ed misma<\/em>.<\/p>\n\n\n\n<p>En el a\u00f1o 1931 Calatayud contaba con un censo de 13.752 habitantes. Era una ciudad comercial, pero entonces se acusaba el problema del paro obrero. Pose\u00eda f\u00e1bricas azucareras, de harina y de chocolate, adem\u00e1s de peque\u00f1os talleres de cordeler\u00eda y alpargatas, con mano de obra poco especializada. En 1931, la Cocina Econ\u00f3mica daba de comer gratuitamente a ciento cincuenta personas, que se elevaron a cuatrocientas en 1934, que recib\u00edan dos comidas al d\u00eda.<\/p>\n\n\n\n<figure class=\"wp-block-image size-large\"><a href=\"http:\/\/cebilbilitanos.com\/wp-content\/uploads\/2023\/02\/CARICATURA-DARIO-PEREZ-DEL-ARCO-HA1.7.31.jpg\"><img decoding=\"async\" loading=\"lazy\" width=\"664\" height=\"1024\" src=\"http:\/\/cebilbilitanos.com\/wp-content\/uploads\/2023\/02\/CARICATURA-DARIO-PEREZ-DEL-ARCO-HA1.7.31-664x1024.jpg\" alt=\"\" class=\"wp-image-3050\" srcset=\"https:\/\/cebilbilitanos.com\/wp-content\/uploads\/2023\/02\/CARICATURA-DARIO-PEREZ-DEL-ARCO-HA1.7.31-664x1024.jpg 664w, https:\/\/cebilbilitanos.com\/wp-content\/uploads\/2023\/02\/CARICATURA-DARIO-PEREZ-DEL-ARCO-HA1.7.31-194x300.jpg 194w, https:\/\/cebilbilitanos.com\/wp-content\/uploads\/2023\/02\/CARICATURA-DARIO-PEREZ-DEL-ARCO-HA1.7.31-768x1185.jpg 768w, https:\/\/cebilbilitanos.com\/wp-content\/uploads\/2023\/02\/CARICATURA-DARIO-PEREZ-DEL-ARCO-HA1.7.31-996x1536.jpg 996w, https:\/\/cebilbilitanos.com\/wp-content\/uploads\/2023\/02\/CARICATURA-DARIO-PEREZ-DEL-ARCO-HA1.7.31-1327x2048.jpg 1327w, https:\/\/cebilbilitanos.com\/wp-content\/uploads\/2023\/02\/CARICATURA-DARIO-PEREZ-DEL-ARCO-HA1.7.31.jpg 1332w\" sizes=\"(max-width: 664px) 100vw, 664px\" \/><\/a><figcaption>Caricatura de Dar\u00edo P\u00e9rez por del Arco<\/figcaption><\/figure>\n\n\n\n<p>En el n\u00famero de <em>El Regional<\/em> del 24 de marzo de 1931,<strong> Dar\u00edo P\u00e9rez<\/strong> consideraba que la Escuela Elemental del Trabajo iba a permitir <em>el desarrollo de los primeros conocimientos cient\u00edficos del oficio preferido y la pr\u00e1ctica consciente del mismo, en una met\u00f3dica graduaci\u00f3n desde aprendiz a maestro profesional<\/em>. Gracias a su iniciativa, este centro hab\u00eda sido aprobado por la Junta General del Ministerio de Trabajo, en su sesi\u00f3n celebrada el 21 de marzo de aquel mismo a\u00f1o.<\/p>\n\n\n\n<p>En este mismo peri\u00f3dico bilbilitano, el 16 de abril de 1931, Jos\u00e9 Sinu\u00e9s y Urbiola, catedr\u00e1tico de la Escuela Superior del Trabajo de Zaragoza y diputado provincial, se\u00f1alaba que la ense\u00f1anza que se iba a impartir en la Escuela del Trabajo, hab\u00eda de ser <em>mezcla de peque\u00f1a f\u00e1brica, ense\u00f1anzas gr\u00e1ficas, laboratorios y c\u00e1tedras cient\u00edficas, todo coordinado y articulado, de forma tal, que en el ritmo arm\u00f3nico de su conjunto sea la dosificaci\u00f3n exacta y el equilibrio tan estable, que al perder alguno de aquellos elementos su peso, forzosamente perder\u00e1 toda eficacia y se convertir\u00eda en un engranaje m\u00e1s, o mejor dicho, en una redundancia de sistemas docentes, que a toda costa debe evitarse<\/em>.<\/p>\n\n\n\n<p>En la sesi\u00f3n del Ayuntamiento de Calatayud celebrada el 4 de mayo de 1931, el concejal Luis Zarazaga se refiri\u00f3 a la creaci\u00f3n en la ciudad de una Escuela Elemental del Trabajo, de la que no se hab\u00eda dado cuenta a\u00fan p\u00fablicamente al ayuntamiento. Rese\u00f1\u00f3 la valiosa intervenci\u00f3n en este asunto de <strong>Dar\u00edo P\u00e9rez<\/strong>, leyendo varias cartas del entonces diputado a Cortes, que hab\u00eda enviado a la alcald\u00eda de la ciudad, dando cuenta de sus gestiones en el Ministerio de Trabajo. Estas gestiones hab\u00edan dado como resultado el acuerdo de la Junta de Obras Culturales, del 21 de marzo pasado, acordando el establecimiento de la mencionada escuela. Zarazaga propon\u00eda que el ayuntamiento ofreciera al Ministerio de Fomento el terreno necesario en la Arboleda.<\/p>\n\n\n\n<p>El alcalde, Carmelo Clemente, mostr\u00f3 su conformidad con la proposici\u00f3n de Zarazaga, pero se\u00f1al\u00f3 la necesidad de constituir antes el Patronato rector de la Escuela, para que el asunto tomara car\u00e1cter oficial. La corporaci\u00f3n acord\u00f3 por unanimidad, ofrecer al Ministerio de Trabajo el terreno necesario para la construcci\u00f3n del edificio en el paraje llamado de la Arboleda.<\/p>\n\n\n\n<p>El 8 de junio el presidente inform\u00f3 a la corporaci\u00f3n municipal, que estaba en tr\u00e1mite la constituci\u00f3n del Patronato de la Escuela Elemental del Trabajo, que se hab\u00eda concedido a la ciudad, con arreglo a las normas contenidas en el Estatuto de Formaci\u00f3n Profesional de diciembre de 1928. Como el ayuntamiento, seg\u00fan este texto legal, deb\u00eda tener representaci\u00f3n en el Patronato, se nombraba al alcalde. El Estatuto de 1928 establec\u00eda dos tipos de centros: las Escuelas Elementales y Superiores de Trabajo, y las Escuelas de Artesanos. La ense\u00f1anza se encomendaba a patronatos locales y provinciales, constituidos por medio de cartas constitucionales y reguladas por un estatuto. La financiaci\u00f3n corr\u00eda a cargo de los ayuntamientos y diputaciones, en colaboraci\u00f3n con el Ministerio de Econom\u00eda Nacional.<\/p>\n\n\n\n<p>El 27 de julio el alcalde inform\u00f3 que, pr\u00f3ximamente, el Patronato interino iba a proceder a la redacci\u00f3n y aprobaci\u00f3n de la Carta fundacional de la Escuela Elemental del Trabajo. Tambi\u00e9n anticipaba que la colocaci\u00f3n de la primera piedra tendr\u00eda lugar, probablemente, en uno de los d\u00edas de las pr\u00f3ximas fiestas de septiembre.<\/p>\n\n\n\n<p>En la sesi\u00f3n del 19 de agosto, el presidente inform\u00f3 que hab\u00eda recibido la visita de Francisco Galiay, alto empleado del Ministerio de Trabajo, acompa\u00f1ado de un arquitecto, de Jos\u00e9 Sinu\u00e9s, profesor de la Escuela Industrial de Zaragoza, y de <strong>Dar\u00edo P\u00e9rez<\/strong>, que hab\u00edan venido a la ciudad a tomar datos para la construcci\u00f3n de la Escuela Elemental. El alcalde anunci\u00f3 que, como miembro del Patronato de la Escuela, participar\u00eda a la corporaci\u00f3n cuanto se relacionara con este asunto.<\/p>\n\n\n\n<p>El 26 de agosto el ayuntamiento redact\u00f3 una solicitud al Ministerio de Trabajo, pidiendo ayuda econ\u00f3mica para levantar la escuela, respondiendo Galiay favorablemente. El 3 de noviembre se enviar\u00eda la Carta fundacional.<\/p>\n\n\n\n<figure class=\"wp-block-image size-full\"><a href=\"http:\/\/cebilbilitanos.com\/wp-content\/uploads\/2023\/02\/ESCUELA-TRABAJO.-R-ARAGON-8.32.jpg\"><img decoding=\"async\" loading=\"lazy\" width=\"874\" height=\"543\" src=\"http:\/\/cebilbilitanos.com\/wp-content\/uploads\/2023\/02\/ESCUELA-TRABAJO.-R-ARAGON-8.32.jpg\" alt=\"\" class=\"wp-image-3051\" srcset=\"https:\/\/cebilbilitanos.com\/wp-content\/uploads\/2023\/02\/ESCUELA-TRABAJO.-R-ARAGON-8.32.jpg 874w, https:\/\/cebilbilitanos.com\/wp-content\/uploads\/2023\/02\/ESCUELA-TRABAJO.-R-ARAGON-8.32-300x186.jpg 300w, https:\/\/cebilbilitanos.com\/wp-content\/uploads\/2023\/02\/ESCUELA-TRABAJO.-R-ARAGON-8.32-768x477.jpg 768w\" sizes=\"(max-width: 874px) 100vw, 874px\" \/><\/a><figcaption>La escuela del trabajo en la revista de Arag\u00f3n, agosto 1932<\/figcaption><\/figure>\n\n\n\n<p>El 9 de septiembre y en las p\u00e1ginas de <em>Heraldo de Arag\u00f3n<\/em>, Mariano Gaspar, ex diputado provincial, se\u00f1alaba que, dentro de pocos d\u00edas, Calatayud iba a ver el comienzo de las obras de la Escuela Elemental del Trabajo, que hab\u00eda sido <em>la preocupaci\u00f3n constante<\/em> del diputado <strong>Dar\u00edo P\u00e9rez<\/strong>. Se iba a levantar junto al grupo Escolar e iba a reportar a la ciudad grandes beneficios en el orden cultural, social y econ\u00f3mico que, junto al instituto, escuelas, academias y a la Biblioteca Graci\u00e1n, iba a ejercer una gran influencia en la juventud bilbilitana.<\/p>\n\n\n\n<p>En la sesi\u00f3n del Ayuntamiento de Calatayud del 11 de noviembre, se inform\u00f3 que en el Ministerio de Trabajo, los comisionados hab\u00edan recibido del presidente de la Junta de Obras Culturales, Francisco Galiay, el proyecto del edificio de la Escuela Elemental del Trabajo. Tambi\u00e9n se anunci\u00f3 que el pr\u00f3ximo domingo, d\u00eda 15, tendr\u00eda lugar la colocaci\u00f3n de la primera piedra, a cuyo acto se hab\u00eda invitado al ministro de Instrucci\u00f3n P\u00fablica, a Galiay, a los diputados provinciales y al gobernador civil.<\/p>\n\n\n\n<p>El 17 de noviembre, <em>El Regional<\/em> describi\u00f3 en una cr\u00f3nica los actos que hab\u00edan tenido lugar en esta ceremonia. En el Coliseo Imperial hab\u00eda tenido lugar una conferencia de Luis Valeri, secretario del Patronato de Formaci\u00f3n Profesional, proyect\u00e1ndose a continuaci\u00f3n una pel\u00edcula sobre la Escuela de Barcelona. A su t\u00e9rmino, los participantes se hab\u00edan trasladado a la Arboleda, donde se hab\u00eda colocado la primera piedra, <em>prescindi\u00e9ndose de la bendici\u00f3n religiosa<\/em>. En aquel acto hab\u00edan pronunciado sendos discursos, el entonces alcalde Luis Zarazaga y <strong>Dar\u00edo P\u00e9rez<\/strong>, quien hab\u00eda propuesto nombrar Hijo Adoptivo de la ciudad a Francisco Galiay.<\/p>\n\n\n\n<p>En la sesi\u00f3n del Ayuntamiento de Calatayud celebrada el 25 de noviembre, el presidente dedic\u00f3 elogios a Francisco Galiay, presidente de la Junta de Obras Culturales del Ministerio de Trabajo, a quien se deb\u00eda en su mayor parte el establecimiento en la ciudad de la Escuela Elemental del Trabajo. Por ello consideraba que Calatayud hab\u00eda contra\u00eddo una deuda de gratitud hacia \u00e9l y, recogiendo la idea de <strong>Dar\u00edo P\u00e9rez<\/strong>, propon\u00eda su nombramiento como Hijo Adoptivo de Calatayud, que se aprob\u00f3 por unanimidad.<\/p>\n\n\n\n<p><em>La Voz de Arag\u00f3n<\/em> publicaba el 27 de noviembre, que la Escuela Elemental de Calatayud, cuyos trabajos iban a comenzar en breve, hab\u00eda sido concedida gracias a la iniciativa, trabajo y celo del diputado a Cortes <strong>Dar\u00edo P\u00e9rez<\/strong> y al oficial mayor del Ministerio de Trabajo, Francisco Galiay, por cuyos trabajos el ayuntamiento de la ciudad lo hab\u00eda nombrado Hijo Adoptivo.<\/p>\n\n\n\n<p>&nbsp;&nbsp;&nbsp;&nbsp;&nbsp;&nbsp;&nbsp;&nbsp;&nbsp;&nbsp;&nbsp; El 4 de febrero de 1932, la <em>Gaceta de Madrid<\/em> publicaba la aprobaci\u00f3n de la Carta fundacional, que hab\u00eda sido formulada por el Patronato Local de Formaci\u00f3n Profesional. El 2 de marzo se redactar\u00eda la primera acta del Patronato de la Escuela y una semana m\u00e1s tarde, el mismo Patronato se planteaba la necesidad de construir la Escuela, seg\u00fan un proyecto presentado por dos arquitectos de la Junta de Obras Culturales, Manuel Ruiz de la Prada y Jos\u00e9 G\u00f3mez Mesa, que se har\u00edan cargo tambi\u00e9n de la direcci\u00f3n de la obra. Entonces se acord\u00f3 adjudicar la obra por concurso, que ganar\u00eda Jos\u00e9 Sim\u00f3n Pina.<\/p>\n\n\n\n<p><em>Heraldo de Arag\u00f3n<\/em> informaba el 27 de febrero de 1932, que las obras de la Escuela Elemental de Calatayud iban a comenzar en breve, gracias al env\u00edo del ministerio de 25 000 pesetas, que se destinar\u00edan a las certificaciones de las obras ya ejecutadas.<\/p>\n\n\n\n<p>El n\u00famero 83 de la revista <em>Arag\u00f3n<\/em>, de agosto de 1932, se dedic\u00f3 casi por entero a Calatayud, con colaboraciones de L\u00f3pez Landa, Justo Navarro, \u00c1ngel Marco, Luis Mart\u00edn Ballestero, Marcelo Catal\u00e1, San Nicol\u00e1s Francia y Francisco Tafalla. Se public\u00f3 una p\u00e1gina dedicada al Calatayud comercial e industrial, donde se citaban los servicios p\u00fablicos y las principales industrias y comercios de la ciudad. En este n\u00famero se reproduc\u00eda el proyecto de la Escuela Elemental del Trabajo y el programa oficial de ferias y fiestas de septiembre, en el que se anunciaba el reparto de bonos a los pobres y el Homenaje a la vejez en los jardines de la inclusa. Tambi\u00e9n se anunciaban conciertos, a cargo de la Banda de M\u00fasica de Manises, y verbenas en el paseo de Linares, corrida de toros, novillada econ\u00f3mica y charlotada, un festival de jota en la plaza de toros, gigantes, enanos y cabezudos, fuegos artificiales y traca fin de fiestas en el paseo de Linares. Adem\u00e1s, se anunciaban pasacalles, rondas, funciones de teatro y cine, partidos de f\u00fatbol, carreras de bicicletas, asaltos en los casinos y otras diversiones.<\/p>\n\n\n\n<p><em>El Noticiero<\/em> informaba el 7 de marzo de 1934 que, pr\u00f3ximamente, la Escuela del Trabajo de Calatayud iba a ser ampliada. El mismo peri\u00f3dico publicaba el 14 de marzo que, acabada la campa\u00f1a azucarera en Calatayud, se sent\u00eda intensamente en la ciudad el paro obrero. Por ello ped\u00eda la pronta ampliaci\u00f3n de la Escuela Elemental del Trabajo, la construcci\u00f3n de la casa de Correos y Tel\u00e9grafos, la canalizaci\u00f3n y ensanche del r\u00edo Jal\u00f3n y el derribo del cuartel de la Merced. Hac\u00eda ya m\u00e1s de un a\u00f1o que se hab\u00eda acabado el edifico de la Escuela del Trabajo, quedando pendiente una peque\u00f1a obra complementaria, referida a la casa del conserje y al cierre de la escuela.<\/p>\n\n\n\n<p><em>Heraldo de Arag\u00f3n<\/em> publicaba el 13 de junio de 1934, que Calatayud hab\u00eda pedido hac\u00eda a\u00f1os la cesi\u00f3n del cuartel de la Merced, al que consideraba un edificio ruinoso y antiest\u00e9tico. Este asunto se hab\u00eda confiado a <strong>Dar\u00edo P\u00e9rez<\/strong>, pero en 1922, cuando estaba a punto de conseguir esta mejora, la dictadura de Primo de Rivera y el nuevo r\u00e9gimen hab\u00edan arrinconado este expediente. La oportunidad se presentar\u00eda de nuevo al ocupar la cartera ministerial de Guerra Diego Hidalgo, amigo \u00edntimo de <strong>Dar\u00edo P\u00e9rez<\/strong>, a quien le interes\u00f3 por el asunto, consiguiendo la firma del derecho de cesi\u00f3n. <strong>Dar\u00edo P\u00e9rez<\/strong> hab\u00eda comunicado la grata noticia al alcalde de Calatayud, que producir\u00eda en la ciudad una gran alegr\u00eda. Con ello, escrib\u00eda el peri\u00f3dico, <strong>Dar\u00edo P\u00e9rez<\/strong> hab\u00eda <em>brindado un ejemplo de constancia y amor a las cosas de su tierra, del que pueden obtenerse provechosas ense\u00f1anzas para lo porvenir<\/em>. <em>La Voz de Arag\u00f3n<\/em>, en su n\u00famero del 10 de junio de 1934, reproduc\u00eda un telegrama que <strong>Dar\u00edo P\u00e9rez<\/strong> hab\u00eda dirigido al alcalde Zarazaga, particip\u00e1ndole la cesi\u00f3n del cuartel de la Merced al ayuntamiento.<\/p>\n\n\n\n<p>El 4 de julio de 1935 se presentar\u00eda el proyecto de la nueva Carta fundacional de la Escuela Elemental, siendo aprobada por el Patronato. <em>Heraldo de Arag\u00f3n<\/em> informaba el 17 de noviembre que, aquel mismo d\u00eda, sobre las once y media de la ma\u00f1ana, llegar\u00eda a Calatayud el presidente del Consejo de Ministros, con motivo de la inauguraci\u00f3n de la Escuela Elemental del Trabajo. El mismo medio publicaba el d\u00eda 19, que el presidente del Consejo de Ministros, Joaqu\u00edn Chapaprieta, hab\u00eda hecho el viaje a Calatayud en autom\u00f3vil, acompa\u00f1ado por el diputado a Cortes <strong>Dar\u00edo P\u00e9rez<\/strong>, el gobernador civil de Zaragoza, que hab\u00eda esperado al coche oficial en Ariza, y dos periodistas madrile\u00f1os. De Zaragoza hab\u00edan llegado el general de la Divisi\u00f3n, delegado de Hacienda y representaciones de la C\u00e1mara de Comercio, Caja de Ahorros y Escuela del Trabajo de la capital. Chapaprieta hab\u00eda sido recibido por la compa\u00f1\u00eda del Regimiento de Artiller\u00eda, visitando la Escuela del Trabajo. Ram\u00f3n Franco, presidente del Patronato de la Escuela, hab\u00eda pronunciado un discurso, en el que record\u00f3 el trabajo de <strong>Dar\u00edo P\u00e9rez<\/strong> y Galiay, a quienes agradeci\u00f3 su labor, junto a Ram\u00f3n Sancho y al Patronato de la Escuela del Trabajo de Zaragoza, por su asesoramiento. Chapaprieta tambi\u00e9n elogi\u00f3 a <strong>Dar\u00edo P\u00e9rez <\/strong>en su discurso, por el inter\u00e9s mostrado en esta obra, que aquel d\u00eda se inauguraba.<\/p>\n\n\n\n<p>En el banquete ofrecido en el sal\u00f3n de actos del ayuntamiento, ocuparon la mesa presidencial, junto al presidente del Consejo de Ministros, el gobernador civil, general de Divisi\u00f3n, <strong>Dar\u00edo P\u00e9rez<\/strong>, juez de Primera Instancia, Ram\u00f3n Sancho, alcalde de la ciudad, delegado de Hacienda y coroneles del Regimiento de Artiller\u00eda y de la Guardia Civil. A las tres y media de la tarde, la comitiva parti\u00f3 para Zaragoza. Tambi\u00e9n lo hizo el alcalde Ram\u00f3n Sancho, con varios concejales.<\/p>\n\n\n\n<p><em>Heraldo de Arag\u00f3n<\/em>, en su edici\u00f3n del 11 de enero de 1936, recordaba la inauguraci\u00f3n oficial de la Escuela Elemental del Trabajo en noviembre de 1935, en la que el jefe del Gobierno hab\u00eda prometido que, inmediatamente, ser\u00edan nombrados los profesores de la Escuela, con objeto que la ense\u00f1anza comenzase lo antes posible. Pero los d\u00edas hab\u00edan pasado y el curso se iba agotando, sin que los poderes p\u00fablicos se acordaran de esta promesa. El centro hab\u00eda sido dotado de todo el material y menaje necesarios, para proporcionar las ense\u00f1anzas a los obreros bilbilitanos. El Patronato de la Escuela tambi\u00e9n hab\u00eda realizado gestiones para su apertura, sin ning\u00fan resultado. En aquellos d\u00edas la ciudad hab\u00eda iniciado un movimiento de protesta, pidiendo que el ministerio nombrara a los profesores.<\/p>\n\n\n\n<p>El 10 de noviembre de 1936, <em>El Noticiero<\/em> informaba que a las cuatro de la tarde del d\u00eda anterior, se hab\u00eda inaugurado la Escuela Elemental del Trabajo de Calatayud. Recordaba la ceremonia que hab\u00eda tenido lugar en noviembre del a\u00f1o anterior, con presencia de Joaqu\u00edn Chapaprieta, sin intervenci\u00f3n de la iglesia cat\u00f3lica, que ahora hab\u00eda estado presente. Ante las autoridades locales y representaciones de los centros oficiales, prensa local y regional, el presidente del Patronato de Formaci\u00f3n Profesional, Ram\u00f3n Sancho, hab\u00eda pronunciado unas palabras, considerando lo que deb\u00eda ser un centro de cultura obrera y formaci\u00f3n de j\u00f3venes. El vicario general, Teodoro Uriarte, hab\u00eda bendecido los locales, colocando en ellos el crucifijo.<\/p>\n\n\n\n<p><strong>Documentos consultados<\/strong>:<\/p>\n\n\n\n<p>Archivo Municipal de Calatayud (AMC), <em>Libro de Actas del Ayuntamiento de Calatayud<\/em>, 1907, Sig. 146-5.<\/p>\n\n\n\n<p>AMC, <em>Libro de Actas del Ayuntamiento de Calatayud<\/em>, 1913-1914, Sig. 153.<\/p>\n\n\n\n<p>AMC, <em>Libro de Actas del Ayuntamiento de Calatayud<\/em>, 1930-1931, Sig. 166.<\/p>\n\n\n\n<p>AMC, <em>Libro de Actas del Ayuntamiento de Calatayud<\/em>, 1931-1932, Sig. 167.<\/p>\n\n\n\n<p>MEDINA MORENO, M. (2008-2009): \u00abLa conflictividad obrera en Calatayud durante la Segunda Rep\u00fablica\u00bb, <em>Rolde. Revista de Cultura Aragonesa<\/em>, n\u00ba 127-128, Zaragoza.<\/p>\n\n\n\n<p>MERINO MART\u00cdNEZ, A.R. (2012): \u00abLa Escuela de Trabajo de Calatayud (1931-1936)\u00bb, <em>Estudios sobre historia de la Ense\u00f1anza Secundaria en Arag\u00f3n: actas del II Congreso sobre Historia de la Ense\u00f1anza Media en Arag\u00f3n, celebrado en el IES Goya de Zaragoza del&nbsp; 11 al 14 de abril de 2011, coord. Guillermo Vicente y Guerrero<\/em>, Instituci\u00f3n Fernando el Cat\u00f3lico, Zaragoza.<\/p>\n\n\n\n<p>URZAY BARRIOS, J.A. (1995): <em>Educaci\u00f3n, cultura y sociedad en Calatayud durante el primer tercio del siglo XX<\/em>, Instituci\u00f3n Fernando el Cat\u00f3lico, Zaragoza.<\/p>\n","protected":false},"excerpt":{"rendered":"<p>CENTENARIO DEL NOMBRAMIENTO DE DAR\u00cdO P\u00c9REZ GARC\u00cdA COMO HIJO PREDILECTO DE CALATAYUD, 1922-2022 Dar\u00edo P\u00e9rez y la escuela elemental del trabajo Francisco Tobajas Gallego Ya en la sesi\u00f3n del Ayuntamiento de Calatayud celebrada el 9 de enero de 1907, Cipriano &hellip; <a href=\"https:\/\/cebilbilitanos.com\/?p=3049\">Sigue leyendo <span class=\"meta-nav\">&rarr;<\/span><\/a><\/p>\n","protected":false},"author":1,"featured_media":0,"comment_status":"closed","ping_status":"open","sticky":false,"template":"","format":"standard","meta":[],"categories":[23],"tags":[],"_links":{"self":[{"href":"https:\/\/cebilbilitanos.com\/index.php?rest_route=\/wp\/v2\/posts\/3049"}],"collection":[{"href":"https:\/\/cebilbilitanos.com\/index.php?rest_route=\/wp\/v2\/posts"}],"about":[{"href":"https:\/\/cebilbilitanos.com\/index.php?rest_route=\/wp\/v2\/types\/post"}],"author":[{"embeddable":true,"href":"https:\/\/cebilbilitanos.com\/index.php?rest_route=\/wp\/v2\/users\/1"}],"replies":[{"embeddable":true,"href":"https:\/\/cebilbilitanos.com\/index.php?rest_route=%2Fwp%2Fv2%2Fcomments&post=3049"}],"version-history":[{"count":1,"href":"https:\/\/cebilbilitanos.com\/index.php?rest_route=\/wp\/v2\/posts\/3049\/revisions"}],"predecessor-version":[{"id":3052,"href":"https:\/\/cebilbilitanos.com\/index.php?rest_route=\/wp\/v2\/posts\/3049\/revisions\/3052"}],"wp:attachment":[{"href":"https:\/\/cebilbilitanos.com\/index.php?rest_route=%2Fwp%2Fv2%2Fmedia&parent=3049"}],"wp:term":[{"taxonomy":"category","embeddable":true,"href":"https:\/\/cebilbilitanos.com\/index.php?rest_route=%2Fwp%2Fv2%2Fcategories&post=3049"},{"taxonomy":"post_tag","embeddable":true,"href":"https:\/\/cebilbilitanos.com\/index.php?rest_route=%2Fwp%2Fv2%2Ftags&post=3049"}],"curies":[{"name":"wp","href":"https:\/\/api.w.org\/{rel}","templated":true}]}}