{"id":3045,"date":"2023-01-10T17:37:56","date_gmt":"2023-01-10T16:37:56","guid":{"rendered":"http:\/\/cebilbilitanos.com\/?p=3045"},"modified":"2023-01-10T17:37:56","modified_gmt":"2023-01-10T16:37:56","slug":"la-provincia-de-calatayud-en-imagenes","status":"publish","type":"post","link":"https:\/\/cebilbilitanos.com\/?p=3045","title":{"rendered":"La provincia de Calatayud en im\u00e1genes"},"content":{"rendered":"\n<p>La comarca\u00a0<strong>Comunidad de Calatayud,\u00a0<\/strong>la\u00a0<strong>Asociaci\u00f3n Torre Albarrana\u00a0<\/strong>y el\u00a0<strong>Centro de Estudios Bilbilitanos<\/strong> se complacen en invitarles el martes, 17 de enero, a las 19:00 horas, en el Sal\u00f3n de Actos del Palacio de la Comunidad de Calatayud, a la presentaci\u00f3n del libro\u00a0<strong><em>La provincia de Calatayud en im\u00e1genes<\/em><\/strong>\u00a0con texto de Jos\u00e9 \u00c1ngel \u00darzay Barrios y fotograf\u00edas de la Asociaci\u00f3n Torre Albarrana de Calatayud.<\/p>\n\n\n\n<figure class=\"wp-block-image size-large\"><a href=\"http:\/\/cebilbilitanos.com\/wp-content\/uploads\/2023\/01\/CARTEL-PRESENTACION-17-ENERO-scaled.jpg\"><img decoding=\"async\" loading=\"lazy\" width=\"724\" height=\"1024\" src=\"http:\/\/cebilbilitanos.com\/wp-content\/uploads\/2023\/01\/CARTEL-PRESENTACION-17-ENERO-724x1024.jpg\" alt=\"\" class=\"wp-image-3046\" srcset=\"https:\/\/cebilbilitanos.com\/wp-content\/uploads\/2023\/01\/CARTEL-PRESENTACION-17-ENERO-724x1024.jpg 724w, https:\/\/cebilbilitanos.com\/wp-content\/uploads\/2023\/01\/CARTEL-PRESENTACION-17-ENERO-212x300.jpg 212w, https:\/\/cebilbilitanos.com\/wp-content\/uploads\/2023\/01\/CARTEL-PRESENTACION-17-ENERO-768x1086.jpg 768w, https:\/\/cebilbilitanos.com\/wp-content\/uploads\/2023\/01\/CARTEL-PRESENTACION-17-ENERO-1086x1536.jpg 1086w, https:\/\/cebilbilitanos.com\/wp-content\/uploads\/2023\/01\/CARTEL-PRESENTACION-17-ENERO-1448x2048.jpg 1448w, https:\/\/cebilbilitanos.com\/wp-content\/uploads\/2023\/01\/CARTEL-PRESENTACION-17-ENERO-scaled.jpg 1810w\" sizes=\"(max-width: 724px) 100vw, 724px\" \/><\/a><\/figure>\n\n\n\n<p>El objetivo de esta publicaci\u00f3n es plasmar en im\u00e1genes el conjunto de pueblos que conformaron una organizaci\u00f3n administrativa \u00fanica y fugaz, para que este hecho hist\u00f3rico no quede olvidado por las nuevas generaciones. Queremos recordar que existi\u00f3 en la segunda d\u00e9cada del siglo XIX una provincia llamada Calatayud, cuyos n\u00facleos de poblaci\u00f3n fueron los que aparecen en este libro. Es un conjunto de im\u00e1genes para el recuerdo, transcurridos ya doscientos a\u00f1os desde su creaci\u00f3n.<\/p>\n","protected":false},"excerpt":{"rendered":"<p>La comarca\u00a0Comunidad de Calatayud,\u00a0la\u00a0Asociaci\u00f3n Torre Albarrana\u00a0y el\u00a0Centro de Estudios Bilbilitanos se complacen en invitarles el martes, 17 de enero, a las 19:00 horas, en el Sal\u00f3n de Actos del Palacio de la Comunidad de Calatayud, a la presentaci\u00f3n del libro\u00a0La &hellip; <a href=\"https:\/\/cebilbilitanos.com\/?p=3045\">Sigue leyendo <span class=\"meta-nav\">&rarr;<\/span><\/a><\/p>\n","protected":false},"author":1,"featured_media":0,"comment_status":"closed","ping_status":"open","sticky":false,"template":"","format":"standard","meta":[],"categories":[23],"tags":[],"_links":{"self":[{"href":"https:\/\/cebilbilitanos.com\/index.php?rest_route=\/wp\/v2\/posts\/3045"}],"collection":[{"href":"https:\/\/cebilbilitanos.com\/index.php?rest_route=\/wp\/v2\/posts"}],"about":[{"href":"https:\/\/cebilbilitanos.com\/index.php?rest_route=\/wp\/v2\/types\/post"}],"author":[{"embeddable":true,"href":"https:\/\/cebilbilitanos.com\/index.php?rest_route=\/wp\/v2\/users\/1"}],"replies":[{"embeddable":true,"href":"https:\/\/cebilbilitanos.com\/index.php?rest_route=%2Fwp%2Fv2%2Fcomments&post=3045"}],"version-history":[{"count":1,"href":"https:\/\/cebilbilitanos.com\/index.php?rest_route=\/wp\/v2\/posts\/3045\/revisions"}],"predecessor-version":[{"id":3047,"href":"https:\/\/cebilbilitanos.com\/index.php?rest_route=\/wp\/v2\/posts\/3045\/revisions\/3047"}],"wp:attachment":[{"href":"https:\/\/cebilbilitanos.com\/index.php?rest_route=%2Fwp%2Fv2%2Fmedia&parent=3045"}],"wp:term":[{"taxonomy":"category","embeddable":true,"href":"https:\/\/cebilbilitanos.com\/index.php?rest_route=%2Fwp%2Fv2%2Fcategories&post=3045"},{"taxonomy":"post_tag","embeddable":true,"href":"https:\/\/cebilbilitanos.com\/index.php?rest_route=%2Fwp%2Fv2%2Ftags&post=3045"}],"curies":[{"name":"wp","href":"https:\/\/api.w.org\/{rel}","templated":true}]}}