{"id":3016,"date":"2022-09-28T07:36:26","date_gmt":"2022-09-28T05:36:26","guid":{"rendered":"http:\/\/cebilbilitanos.com\/?p=3016"},"modified":"2022-09-28T07:36:26","modified_gmt":"2022-09-28T05:36:26","slug":"dario-perez-diputado-a-cortes-por-el-distrito-de-calatayud-1920-1923","status":"publish","type":"post","link":"https:\/\/cebilbilitanos.com\/?p=3016","title":{"rendered":"Dar\u00edo P\u00e9rez, diputado a Cortes por el distrito de Calatayud, 1920-1923"},"content":{"rendered":"\n<p>CENTENARIO DEL NOMBRAMIENTO DE DAR\u00cdO P\u00c9REZ GARC\u00cdA<\/p>\n\n\n\n<p>COMO HIJO PREDILECTO DE CALATAYUD, 1922-2022<\/p>\n\n\n\n<p><strong>DAR\u00cdO P\u00c9REZ, DIPUTADO A CORTES POR EL DISTRITO DE CALATAYUD, 1920-1923<\/strong><\/p>\n\n\n\n<p>Francisco Tobajas Gallego<\/p>\n\n\n\n<p>&nbsp;&nbsp;&nbsp;&nbsp;&nbsp;&nbsp;&nbsp;&nbsp;&nbsp;&nbsp;&nbsp; <strong>Dar\u00edo P\u00e9rez<\/strong> obtuvo acta de diputado a Cortes por el distrito de Calatayud, en las elecciones celebradas el 9 de diciembre de 1920 y el 29 de abril de 1923. En las primeras tom\u00f3 el alta el 27 de diciembre de 1920, causando baja el 6 de abril de 1923. En las celebradas en este \u00faltimo a\u00f1o, figura de alta el 23 de mayo y de baja el 15 de septiembre, como consecuencia del golpe de Estado de &nbsp;Miguel Primo de Rivera.<\/p>\n\n\n\n<p>&nbsp;&nbsp;&nbsp;&nbsp;&nbsp;&nbsp;&nbsp;&nbsp;&nbsp;&nbsp;&nbsp; En la sesi\u00f3n del Ayuntamiento de Calatayud celebrada el 10 de noviembre de 1920, el concejal Zarazaga informaba que, aprovechando su viaje a Madrid, hab\u00eda pedido a <strong>Dar\u00edo P\u00e9rez<\/strong> que gestionase, ante el Ministerio de Instrucci\u00f3n P\u00fablica, la subvenci\u00f3n para la cantina escolar. Y a\u00f1ad\u00eda que, el d\u00eda anterior a esta sesi\u00f3n, hab\u00eda recibido un telegrama del pol\u00edtico y periodista, confirmando la consignaci\u00f3n de 1000 pesetas para este fin. El 24 de noviembre, el concejal Zabalo propon\u00eda que se insistiese en la solicitud ya hecha, para que la ciudad contara con tel\u00e9fono interurbano, aprovechando la estancia en Calatayud de <strong>Dar\u00edo P\u00e9rez<\/strong>, encomend\u00e1ndole tambi\u00e9n el asunto de la subvenci\u00f3n a la Estaci\u00f3n Enol\u00f3gica.<\/p>\n\n\n\n<p>En la sesi\u00f3n del 9 de diciembre, el secretario ley\u00f3 una carta del director de la Compa\u00f1\u00eda Peninsular de Tel\u00e9fonos, que dirig\u00eda a <strong>Dar\u00edo P\u00e9rez<\/strong>, particip\u00e1ndole que tan pronto como quedara ventilado el pleito que la compa\u00f1\u00eda sosten\u00eda en el Tribunal Supremo, Calatayud conseguir\u00eda l\u00ednea interurbana, como ya hab\u00eda solicitado hac\u00eda tiempo. El concejal L\u00f3pez Ruiz inform\u00f3 que <strong>Dar\u00edo P\u00e9rez<\/strong> hab\u00eda conseguido 5000 pesetas del Ministerio de Fomento, para mejorar la carretera colindante al paseo de Linares.<\/p>\n\n\n\n<p>El 22 de diciembre el alcalde inform\u00f3 que hab\u00eda recibido en visita oficial <strong>a Dar\u00edo P\u00e9rez<\/strong>, quien se hab\u00eda ofrecido como diputado a Cortes para la defensa de los intereses de la ciudad. El ayuntamiento acord\u00f3 organizar un banquete en su honor, abonando su importe los particulares que quisieran asistir.<\/p>\n\n\n\n<p>En la sesi\u00f3n del 12 de enero de 1921, se daba cuenta de las gestiones de <strong>Dar\u00edo P\u00e9rez<\/strong> ante el Jefe del Estado Mayor Central del Ej\u00e9rcito, general Weyler, posibilitando la instalaci\u00f3n en la ciudad de un batall\u00f3n de ciclistas, si el ayuntamiento facilitaba un local para cuartel. El 26 de enero se informaba que el general Weyler hab\u00eda se\u00f1alado a <strong>Dar\u00edo P\u00e9rez<\/strong>, que el batall\u00f3n de Navarra no pod\u00eda ser destinado a Calatayud, pues hab\u00eda quedado sin efecto su incorporaci\u00f3n a la 5\u00aa Regi\u00f3n Militar. En otra carta que se ley\u00f3 en la sesi\u00f3n del 5 de febrero, <strong>Dar\u00edo P\u00e9rez<\/strong> ped\u00eda conocer el sentimiento de la mayor\u00eda del distrito, antes de comenzar sus gestiones, debido al problema del az\u00facar en Espa\u00f1a.<\/p>\n\n\n\n<p>Por acuerdo de la corporaci\u00f3n,<strong> Dar\u00edo P\u00e9rez<\/strong> representar\u00eda al Ayuntamiento de Calatayud en los funerales de Eduardo Dato, participando el p\u00e9same a su familia. El ayuntamiento tambi\u00e9n acord\u00f3 celebrar unos solemnes funerales a su cargo, en reconocimiento a los favores recibidos. <strong>Dar\u00edo P\u00e9rez<\/strong>, en uni\u00f3n del senador Sixto Celorrio, llevar\u00eda a cabo algunas gestiones, para conseguir que no se cerrara la Azucarera de Calatayud. El 6 de abril se vio una carta del Director General de la Sociedad Azucarera, dirigida a <strong>Dar\u00edo P\u00e9rez<\/strong>, en la que informaba que en la pr\u00f3xima campa\u00f1a funcionar\u00eda la f\u00e1brica de Calatayud.<\/p>\n\n\n\n<figure class=\"wp-block-image size-large\"><a href=\"http:\/\/cebilbilitanos.com\/wp-content\/uploads\/2022\/09\/RUA-DATO-scaled.jpg\"><img decoding=\"async\" loading=\"lazy\" width=\"664\" height=\"1024\" src=\"http:\/\/cebilbilitanos.com\/wp-content\/uploads\/2022\/09\/RUA-DATO-664x1024.jpg\" alt=\"\" class=\"wp-image-3017\" srcset=\"https:\/\/cebilbilitanos.com\/wp-content\/uploads\/2022\/09\/RUA-DATO-664x1024.jpg 664w, https:\/\/cebilbilitanos.com\/wp-content\/uploads\/2022\/09\/RUA-DATO-195x300.jpg 195w, https:\/\/cebilbilitanos.com\/wp-content\/uploads\/2022\/09\/RUA-DATO-768x1184.jpg 768w, https:\/\/cebilbilitanos.com\/wp-content\/uploads\/2022\/09\/RUA-DATO-997x1536.jpg 997w, https:\/\/cebilbilitanos.com\/wp-content\/uploads\/2022\/09\/RUA-DATO-1329x2048.jpg 1329w, https:\/\/cebilbilitanos.com\/wp-content\/uploads\/2022\/09\/RUA-DATO-scaled.jpg 1661w\" sizes=\"(max-width: 664px) 100vw, 664px\" \/><\/a><figcaption>R\u00faa de Dato (editor desconocido), 1919. Serrano Pardo, L. (2004<em>): Calatayud y la tarjeta postal<\/em>, Cajal\u00f3n.<\/figcaption><\/figure>\n\n\n\n<p>En la sesi\u00f3n del 30 de marzo, el presidente comunic\u00f3 que, por mediaci\u00f3n de <strong>Dar\u00edo P\u00e9rez<\/strong>, se hab\u00edan conseguido 20 000 pesetas para la reforma del pavimento de la calle de Dato, hasta las puertas de Alc\u00e1ntara y de Soria. El 13 de abril se vio una comunicaci\u00f3n de <strong>Dar\u00edo P\u00e9rez<\/strong>, en la que se mostraba convencido que el Ministerio de Fomento pagar\u00eda el aumento del arriendo de los locales y del campo experimental de la Estaci\u00f3n Enol\u00f3gica.<\/p>\n\n\n\n<p>El 27 de abril se ley\u00f3 un telegrama de <strong>Dar\u00edo P\u00e9rez<\/strong>, que comunicaba una Real Orden del Ministerio de Gobernaci\u00f3n, en la que autorizaba al ayuntamiento de la ciudad a ceder al Ministerio de la Guerra los terrenos del Empedrado. El 4 de mayo se vio un oficio del gobernador civil, trasladando esta Real Orden. En la sesi\u00f3n del 11 de mayo, el ayuntamiento acordar\u00eda firmar la escritura de cesi\u00f3n de estos terrenos, para la construcci\u00f3n del cuartel de artiller\u00eda.<\/p>\n\n\n\n<figure class=\"wp-block-image size-large\"><a href=\"http:\/\/cebilbilitanos.com\/wp-content\/uploads\/2022\/09\/CUARTEL-ARTILLERIA.-RUBIO-scaled.jpg\"><img decoding=\"async\" loading=\"lazy\" width=\"1024\" height=\"658\" src=\"http:\/\/cebilbilitanos.com\/wp-content\/uploads\/2022\/09\/CUARTEL-ARTILLERIA.-RUBIO-1024x658.jpg\" alt=\"\" class=\"wp-image-3018\" srcset=\"https:\/\/cebilbilitanos.com\/wp-content\/uploads\/2022\/09\/CUARTEL-ARTILLERIA.-RUBIO-1024x658.jpg 1024w, https:\/\/cebilbilitanos.com\/wp-content\/uploads\/2022\/09\/CUARTEL-ARTILLERIA.-RUBIO-300x193.jpg 300w, https:\/\/cebilbilitanos.com\/wp-content\/uploads\/2022\/09\/CUARTEL-ARTILLERIA.-RUBIO-768x494.jpg 768w, https:\/\/cebilbilitanos.com\/wp-content\/uploads\/2022\/09\/CUARTEL-ARTILLERIA.-RUBIO-1536x988.jpg 1536w, https:\/\/cebilbilitanos.com\/wp-content\/uploads\/2022\/09\/CUARTEL-ARTILLERIA.-RUBIO-2048x1317.jpg 2048w\" sizes=\"(max-width: 1024px) 100vw, 1024px\" \/><\/a><figcaption>Cuartel de artiller\u00eda. Mariano Rubio, 1927. Serrano Pardo, L. (2004): <em>Calatayud y la tarjeta postal<\/em>, Cajal\u00f3n.<\/figcaption><\/figure>\n\n\n\n<p>En los meses de junio y julio, <strong>Dar\u00edo P\u00e9rez<\/strong> gestionar\u00eda las ayudas para paliar los perjuicios ocasionados por las inundaciones, la salida a subasta de la construcci\u00f3n de los trozos 2\u00ba y 3\u00ba de la carretera de Calatayud a Campillo y el restablecimiento del servicio postal suprimido, de la l\u00ednea f\u00e9rrea del Central de Arag\u00f3n. De octubre a diciembre, el diputado llevar\u00eda tambi\u00e9n a cabo gestiones con el ingeniero Carlos Mendizabal, para la instalaci\u00f3n en Calatayud de una industria sider\u00fargica, para la fabricaci\u00f3n de aceros especiales. Adem\u00e1s, se preocupar\u00eda de la falta de vagones del ferrocarril, en perjuicio de la industria y del comercio, y de la conversi\u00f3n en secciones graduadas, de las dos escuelas unitarias de ni\u00f1as.<\/p>\n\n\n\n<p>A comienzos de 1922, el ayuntamiento recomendaba a <strong>Dar\u00edo P\u00e9rez<\/strong> varios proyectos, como la carretera de desviaci\u00f3n a Soria por el cementerio y la construcci\u00f3n de un camino por el barranco de las Pozas hasta Moros, para facilitar el transporte a los labradores de Armantes. El 18 de enero de 1922 se ley\u00f3 una carta de <strong>Dar\u00edo P\u00e9rez<\/strong>, confirmando la concesi\u00f3n por el Ministerio de Fomento de 15 000 pesetas, para la pavimentaci\u00f3n de la R\u00faa de Dato. La corporaci\u00f3n le pidi\u00f3 interesarse sobre la sentencia del Tribunal Supremo, en el pleito incoado por el ayuntamiento, en el que hab\u00eda reclamado unos cr\u00e9ditos contra el Estado.<\/p>\n\n\n\n<p>En la sesi\u00f3n del 8 de febrero, se ley\u00f3 una carta del Director de Correos, comunicando a <strong>Dar\u00edo P\u00e9rez<\/strong> que, en breve plazo, se instalar\u00eda en la ciudad el tel\u00e9fono interurbano por cuenta del Estado. El 12 de abril se acord\u00f3 que una comisi\u00f3n visitara a <strong>Dar\u00edo P\u00e9rez<\/strong>, para impulsar la l\u00ednea Calatayud-Puebla de H\u00edjar, que anular\u00eda el proyecto de la l\u00ednea Tarragona-Ariza. Otra comisi\u00f3n municipal se trasladar\u00eda a Zaragoza, en compa\u00f1\u00eda de <strong>Dar\u00edo P\u00e9rez<\/strong> y Sixto Celorrio, para gestionar la construcci\u00f3n del cuartel de artiller\u00eda. El 26 de abril se ley\u00f3 una comunicaci\u00f3n de <strong>Dar\u00edo P\u00e9rez<\/strong>, anunciando el establecimiento del servicio de viajeros y equipajes en el apartadero de Embid de la Ribera, de la l\u00ednea de Ariza a Zaragoza. Aunque a principios de mayo, <strong>Dar\u00edo P\u00e9rez<\/strong> confirmaba la firma de la escritura por el ministro de la Guerra de la cesi\u00f3n de los terrenos para el cuartel de artiller\u00eda, a mediados de este mes se\u00f1alaba que no hab\u00eda entonces presupuesto para su construcci\u00f3n.<\/p>\n\n\n\n<p>En la sesi\u00f3n del 24 de mayo, la corporaci\u00f3n hac\u00eda suya la iniciativa del vicario general, para trasladar los restos de Vicente de la Fuente a Calatayud. <strong>Dar\u00edo P\u00e9rez<\/strong>&nbsp; pens\u00f3 que este homenaje deb\u00eda ser nacional, consiguiendo la implicaci\u00f3n del gobierno. El ayuntamiento acord\u00f3 agradecer la iniciativa del vicario general y las gestiones de <strong>Dar\u00edo P\u00e9rez<\/strong>, nombrando una comisi\u00f3n para preparar estos actos, de acuerdo con el vicario general y la familia. El ayuntamiento acord\u00f3 tambi\u00e9n erigir un mausoleo a Vicente de la Fuente, por suscripci\u00f3n popular. El concejal Ortega propuso que el traslado de los restos del historiador coincidiera con la inauguraci\u00f3n de las puertas de la colegiata de Santa Mar\u00eda. Para ello se nombr\u00f3 a una comisi\u00f3n, para que recabara apoyo material de la Direcci\u00f3n General de Bellas Artes.<\/p>\n\n\n\n<p>El 12 de julio el presidente elogiaba la labor de <strong>Dar\u00edo P\u00e9rez<\/strong> y de Sixto Celorrio, pues la Comisi\u00f3n de Presupuestos del Senado hab\u00eda aceptado un mill\u00f3n de pesetas, que hab\u00eda sido consignado en el Congreso, para el cuartel de artiller\u00eda. Veintid\u00f3s cartas recibidas de diputados y senadores corroboraron estas gestiones. En octubre, <strong>Dar\u00edo P\u00e9rez<\/strong> recibi\u00f3 tambi\u00e9n el encargo de gestionar para la ciudad una Escuela de Artes y Oficios.<\/p>\n\n\n\n<p>El 11 de octubre se vieron dos cartas de <strong>Dar\u00edo P\u00e9rez<\/strong>, informando de la supresi\u00f3n del cupo de consumos de la ciudad, desde el pr\u00f3ximo 1 de abril de 1923, y de la asignaci\u00f3n de 100 000 pesetas para el adoquinado del camino de la estaci\u00f3n, desde el puente de Alc\u00e1ntara, haci\u00e9ndola extensiva tambi\u00e9n desde la Casa-amparo hasta la puerta de Terrer. El 8 de noviembre se ley\u00f3 una carta de <strong>Dar\u00edo P\u00e9rez<\/strong>, informando que el Ministerio de la Guerra hab\u00eda dado orden para la subasta de las obras del cuartel de artiller\u00eda.<\/p>\n\n\n\n<p>El 17 de enero de 1923, el ayuntamiento ped\u00eda a <strong>Dar\u00edo P\u00e9rez<\/strong> que gestionara, ante la Sociedad Azucarera, la ampliaci\u00f3n de la campa\u00f1a en la f\u00e1brica de Calatayud. Al mes siguiente, <strong>Dar\u00edo P\u00e9rez<\/strong> informaba que el Director de la Sociedad General Azucarera le hab\u00eda prometido intensificar la producci\u00f3n la pr\u00f3xima campa\u00f1a, siempre que los labradores entregaran toda la remolacha. D\u00edas m\u00e1s tarde, <strong>Dar\u00edo P\u00e9rez<\/strong> se\u00f1alaba que, seg\u00fan el Director General de Agricultura, un ingeniero se iba a trasladar a Calatayud, para estudiar la repoblaci\u00f3n de sus montes. Con Sixto Celorrio, <strong>Dar\u00edo P\u00e9rez<\/strong> viajar\u00eda a Zaragoza para tratar del adoquinado del camino de la estaci\u00f3n. En el mes de junio llevar\u00eda a cabo gestiones para la ampliaci\u00f3n del centro telef\u00f3nico urbano y para los terrenos de la Estaci\u00f3n Enol\u00f3gica.<\/p>\n\n\n\n<p>El 28 de marzo el ayuntamiento se quejaba, porque en las obras del cuartel de artiller\u00eda trabajaba alg\u00fan forastero, cuando los trabajadores deb\u00edan ser de la ciudad. El 27 de junio, una carta de <strong>Dar\u00edo P\u00e9rez<\/strong> daba cuenta de una Real Orden del Ministerio de Guerra, por la que se declaraba inadecuado el cuartel de la Merced para las necesidades militares. En esta misma sesi\u00f3n, la corporaci\u00f3n pidi\u00f3 a <strong>Dar\u00edo P\u00e9rez<\/strong> su gesti\u00f3n, para que la compa\u00f1\u00eda del ferrocarril del Mediod\u00eda no suprimiera coches de viajeros en los trenes de mercanc\u00edas. D\u00edas m\u00e1s tarde se inform\u00f3 al ayuntamiento, que se hab\u00eda aumentado un coche de tercera a los trenes correos, n\u00fameros 840 y 841, entre Sig\u00fcenza y Zaragoza.<\/p>\n\n\n\n<p>En la sesi\u00f3n del 26 de septiembre se ley\u00f3 una carta de <strong>Dar\u00edo P\u00e9rez<\/strong>, en la que se\u00f1alaba que hab\u00eda cesado su representaci\u00f3n en el Congreso de los Diputados, ofreci\u00e9ndose al concejo y al vecindario, para trabajar por los intereses de la ciudad.<\/p>\n\n\n\n<p><strong>Documentos consultados:<\/strong><\/p>\n\n\n\n<p>Archivo Municipal de Calatayud (AMC<em>), Libro de Actas del Ayuntamiento de Calatayud<\/em>, Sig. 160.<\/p>\n\n\n\n<p>AMC, <em>Libro de Actas del Ayuntamiento de Calatayud<\/em>, Sig. 161.<\/p>\n\n\n\n<p>AMC, <em>Libro de Actas del Ayuntamiento de Calatayud<\/em>, Sig. 162.<\/p>\n\n\n\n<p><strong>Fotograf\u00edas:<\/strong><\/p>\n\n\n\n<p>R\u00faa de Dato (editor desconocido), 1919. Serrano Pardo, L. (2004<em>): Calatayud y la tarjeta postal<\/em>, Cajal\u00f3n.<\/p>\n\n\n\n<p>Cuartel de artiller\u00eda. Mariano Rubio, 1927. Serrano Pardo, L. (2004): <em>Calatayud y la tarjeta postal<\/em>, Cajal\u00f3n.<\/p>\n","protected":false},"excerpt":{"rendered":"<p>CENTENARIO DEL NOMBRAMIENTO DE DAR\u00cdO P\u00c9REZ GARC\u00cdA COMO HIJO PREDILECTO DE CALATAYUD, 1922-2022 DAR\u00cdO P\u00c9REZ, DIPUTADO A CORTES POR EL DISTRITO DE CALATAYUD, 1920-1923 Francisco Tobajas Gallego &nbsp;&nbsp;&nbsp;&nbsp;&nbsp;&nbsp;&nbsp;&nbsp;&nbsp;&nbsp;&nbsp; Dar\u00edo P\u00e9rez obtuvo acta de diputado a Cortes por el distrito de &hellip; <a href=\"https:\/\/cebilbilitanos.com\/?p=3016\">Sigue leyendo <span class=\"meta-nav\">&rarr;<\/span><\/a><\/p>\n","protected":false},"author":1,"featured_media":0,"comment_status":"closed","ping_status":"open","sticky":false,"template":"","format":"standard","meta":[],"categories":[23],"tags":[26,17],"_links":{"self":[{"href":"https:\/\/cebilbilitanos.com\/index.php?rest_route=\/wp\/v2\/posts\/3016"}],"collection":[{"href":"https:\/\/cebilbilitanos.com\/index.php?rest_route=\/wp\/v2\/posts"}],"about":[{"href":"https:\/\/cebilbilitanos.com\/index.php?rest_route=\/wp\/v2\/types\/post"}],"author":[{"embeddable":true,"href":"https:\/\/cebilbilitanos.com\/index.php?rest_route=\/wp\/v2\/users\/1"}],"replies":[{"embeddable":true,"href":"https:\/\/cebilbilitanos.com\/index.php?rest_route=%2Fwp%2Fv2%2Fcomments&post=3016"}],"version-history":[{"count":1,"href":"https:\/\/cebilbilitanos.com\/index.php?rest_route=\/wp\/v2\/posts\/3016\/revisions"}],"predecessor-version":[{"id":3019,"href":"https:\/\/cebilbilitanos.com\/index.php?rest_route=\/wp\/v2\/posts\/3016\/revisions\/3019"}],"wp:attachment":[{"href":"https:\/\/cebilbilitanos.com\/index.php?rest_route=%2Fwp%2Fv2%2Fmedia&parent=3016"}],"wp:term":[{"taxonomy":"category","embeddable":true,"href":"https:\/\/cebilbilitanos.com\/index.php?rest_route=%2Fwp%2Fv2%2Fcategories&post=3016"},{"taxonomy":"post_tag","embeddable":true,"href":"https:\/\/cebilbilitanos.com\/index.php?rest_route=%2Fwp%2Fv2%2Ftags&post=3016"}],"curies":[{"name":"wp","href":"https:\/\/api.w.org\/{rel}","templated":true}]}}