{"id":3010,"date":"2022-08-01T08:59:52","date_gmt":"2022-08-01T06:59:52","guid":{"rendered":"http:\/\/cebilbilitanos.com\/?p=3010"},"modified":"2022-08-01T09:01:04","modified_gmt":"2022-08-01T07:01:04","slug":"la-saca-de-la-virgen-del-castillo-ya-tiene-fecha","status":"publish","type":"post","link":"https:\/\/cebilbilitanos.com\/?p=3010","title":{"rendered":"La Saca de la Virgen del Castillo ya tiene fecha"},"content":{"rendered":"\n<p>El 4 de junio de 2023 ha sido el d\u00eda elegido para la celebraci\u00f3n de la Saca de la Virgen del Castillo de Bijuesca (Zaragoza). Esta decisi\u00f3n fue acordada por los alcaldes, y alg\u00fan concejal, de los diez pueblos que forman parte de la&nbsp;<em>Concordia<\/em>:&nbsp;Reznos, Carabantes, La Alameda, Deza, Torrelapaja, Berdejo, Torrijo de la Ca\u00f1ada, Malanquilla, Clar\u00e9s de Ribota&nbsp;y Bijuesca.<\/p>\n\n\n\n<figure class=\"wp-block-image size-large\"><a href=\"http:\/\/cebilbilitanos.com\/wp-content\/uploads\/2022\/08\/alcaldes.jpeg\"><img decoding=\"async\" loading=\"lazy\" width=\"1024\" height=\"768\" src=\"http:\/\/cebilbilitanos.com\/wp-content\/uploads\/2022\/08\/alcaldes-1024x768.jpeg\" alt=\"\" class=\"wp-image-3011\" srcset=\"https:\/\/cebilbilitanos.com\/wp-content\/uploads\/2022\/08\/alcaldes-1024x768.jpeg 1024w, https:\/\/cebilbilitanos.com\/wp-content\/uploads\/2022\/08\/alcaldes-300x225.jpeg 300w, https:\/\/cebilbilitanos.com\/wp-content\/uploads\/2022\/08\/alcaldes-768x576.jpeg 768w, https:\/\/cebilbilitanos.com\/wp-content\/uploads\/2022\/08\/alcaldes-1536x1152.jpeg 1536w, https:\/\/cebilbilitanos.com\/wp-content\/uploads\/2022\/08\/alcaldes.jpeg 2000w\" sizes=\"(max-width: 1024px) 100vw, 1024px\" \/><\/a><figcaption>Reuni\u00f3n de representantes municipales<\/figcaption><\/figure>\n\n\n\n<p>En esta primera reuni\u00f3n, convocada por el alcalde de Bijuesca, \u00c1ngel Mar\u00edn, adem\u00e1s de la elecci\u00f3n de la fecha, se dieron los primeros pasos para la organizaci\u00f3n de esta singular romer\u00eda que se celebra cada 25 a\u00f1os y que deber\u00eda haberse realizado en el a\u00f1o 2021, pero lo impidi\u00f3 la pandemia.<\/p>\n\n\n\n<p>Vecinos y autoridades de las diez localidades acudir\u00e1n hasta Bijuesca a rendir honores a la Virgen del Castillo, que ser\u00e1 trasladada en procesi\u00f3n desde su ermita, a los pies del castillo, hasta la iglesia parroquial de San Miguel, devolvi\u00e9ndose nuevamente a su camar\u00edn despu\u00e9s de los actos religiosos.<\/p>\n\n\n\n<p>Cada pueblo acude con sus cruces, pendones y estandartes, siendo el primero el de Reznos, como se\u00f1ala el protocolo, que una vez recibido por las autoridades de Bijuesca se intercambian capas pluviales entre la curia de los dos pueblos y las varas de mando entre las autoridades civiles. A partir de este momento toma el mando el pueblo de Reznos y ser\u00e1 el encargado de dar la bienvenida al resto de pueblo asistentes.<\/p>\n\n\n\n<figure class=\"wp-block-image size-large\"><a href=\"http:\/\/cebilbilitanos.com\/wp-content\/uploads\/2022\/08\/portada-libro-scaled.jpg\"><img decoding=\"async\" loading=\"lazy\" width=\"766\" height=\"1024\" src=\"http:\/\/cebilbilitanos.com\/wp-content\/uploads\/2022\/08\/portada-libro-766x1024.jpg\" alt=\"\" class=\"wp-image-3012\" srcset=\"https:\/\/cebilbilitanos.com\/wp-content\/uploads\/2022\/08\/portada-libro-766x1024.jpg 766w, https:\/\/cebilbilitanos.com\/wp-content\/uploads\/2022\/08\/portada-libro-224x300.jpg 224w, https:\/\/cebilbilitanos.com\/wp-content\/uploads\/2022\/08\/portada-libro-768x1027.jpg 768w, https:\/\/cebilbilitanos.com\/wp-content\/uploads\/2022\/08\/portada-libro-1149x1536.jpg 1149w, https:\/\/cebilbilitanos.com\/wp-content\/uploads\/2022\/08\/portada-libro-1532x2048.jpg 1532w, https:\/\/cebilbilitanos.com\/wp-content\/uploads\/2022\/08\/portada-libro-scaled.jpg 1915w\" sizes=\"(max-width: 766px) 100vw, 766px\" \/><\/a><figcaption>Portada del libro \u00abRamillete de corazones a N\u00aa. S\u00aa. del Castillo<\/figcaption><\/figure>\n\n\n\n<p>Este curioso acontecimiento, uno de los m\u00e1s singulares de la comarca, es precedido de dos novenas y tiene que contar con la aprobaci\u00f3n del Obispo de Tarazona.<\/p>\n\n\n\n<p>Para m\u00e1s informaci\u00f3n:&nbsp;<a href=\"https:\/\/ifc.dpz.es\/recursos\/publicaciones\/27\/60\/_ebook.pdf\" target=\"_blank\" rel=\"noreferrer noopener\">Cultura Popular de la Comunidad de Calatayud de Jos\u00e9 \u00c1ngel Urzay. Tomo II, p. 192-197.<\/a><\/p>\n","protected":false},"excerpt":{"rendered":"<p>El 4 de junio de 2023 ha sido el d\u00eda elegido para la celebraci\u00f3n de la Saca de la Virgen del Castillo de Bijuesca (Zaragoza). Esta decisi\u00f3n fue acordada por los alcaldes, y alg\u00fan concejal, de los diez pueblos que &hellip; <a href=\"https:\/\/cebilbilitanos.com\/?p=3010\">Sigue leyendo <span class=\"meta-nav\">&rarr;<\/span><\/a><\/p>\n","protected":false},"author":1,"featured_media":0,"comment_status":"closed","ping_status":"open","sticky":false,"template":"","format":"standard","meta":[],"categories":[23],"tags":[],"_links":{"self":[{"href":"https:\/\/cebilbilitanos.com\/index.php?rest_route=\/wp\/v2\/posts\/3010"}],"collection":[{"href":"https:\/\/cebilbilitanos.com\/index.php?rest_route=\/wp\/v2\/posts"}],"about":[{"href":"https:\/\/cebilbilitanos.com\/index.php?rest_route=\/wp\/v2\/types\/post"}],"author":[{"embeddable":true,"href":"https:\/\/cebilbilitanos.com\/index.php?rest_route=\/wp\/v2\/users\/1"}],"replies":[{"embeddable":true,"href":"https:\/\/cebilbilitanos.com\/index.php?rest_route=%2Fwp%2Fv2%2Fcomments&post=3010"}],"version-history":[{"count":2,"href":"https:\/\/cebilbilitanos.com\/index.php?rest_route=\/wp\/v2\/posts\/3010\/revisions"}],"predecessor-version":[{"id":3014,"href":"https:\/\/cebilbilitanos.com\/index.php?rest_route=\/wp\/v2\/posts\/3010\/revisions\/3014"}],"wp:attachment":[{"href":"https:\/\/cebilbilitanos.com\/index.php?rest_route=%2Fwp%2Fv2%2Fmedia&parent=3010"}],"wp:term":[{"taxonomy":"category","embeddable":true,"href":"https:\/\/cebilbilitanos.com\/index.php?rest_route=%2Fwp%2Fv2%2Fcategories&post=3010"},{"taxonomy":"post_tag","embeddable":true,"href":"https:\/\/cebilbilitanos.com\/index.php?rest_route=%2Fwp%2Fv2%2Ftags&post=3010"}],"curies":[{"name":"wp","href":"https:\/\/api.w.org\/{rel}","templated":true}]}}