{"id":3005,"date":"2022-07-26T08:46:09","date_gmt":"2022-07-26T06:46:09","guid":{"rendered":"http:\/\/cebilbilitanos.com\/?p=3005"},"modified":"2022-07-26T08:46:09","modified_gmt":"2022-07-26T06:46:09","slug":"la-llegada-de-la-luz-electrica-a-calatayud-en-1888","status":"publish","type":"post","link":"https:\/\/cebilbilitanos.com\/?p=3005","title":{"rendered":"La llegada de la luz el\u00e9ctrica a Calatayud en 1888"},"content":{"rendered":"\n<p>Francisco Tobajas Gallego<\/p>\n\n\n\n<p>&nbsp;&nbsp;&nbsp;&nbsp;&nbsp;&nbsp;&nbsp;&nbsp;&nbsp;&nbsp;&nbsp; Jos\u00e9 Mar\u00eda L\u00f3pez Landa (1878-1955), escrib\u00eda en su <em>Historia de Calatayud para escolares<\/em>, obra premiada en los Juegos Florales de Calatayud de 1946 y prologada por su disc\u00edpulo Pedro Mont\u00f3n Puerto, en su \u00fanica edici\u00f3n de 1979, que la primera vez que se vio la luz el\u00e9ctrica en Calatayud, fue durante unas fiestas de la Virgen de la Pe\u00f1a, en el escaparate de la antigua botica de Artieda, que entonces regentaba Benito Vicioso, quien hab\u00eda fabricado unas pilas h\u00famedas con cuatro pucheros e ingredientes de su farmacia. Aquella luz mortecina, que daba una peque\u00f1a bombilla de filamento de las primitivas de Edison, sorprendi\u00f3 a propios y extra\u00f1os, pues pocos pod\u00edan creer que aquella luz no desprendiese humo ni mal olor. L\u00f3pez Landa a\u00f1ad\u00eda que debieron transcurrir bastantes a\u00f1os, hasta ponerse en funcionamiento una central el\u00e9ctrica en la ciudad.<\/p>\n\n\n\n<p>\u00a0\u00a0\u00a0\u00a0\u00a0\u00a0\u00a0\u00a0\u00a0\u00a0\u00a0 Comillas fue la primera ciudad espa\u00f1ola en contar con luz el\u00e9ctrica en sus calles, gracias al indiano Antonio L\u00f3pez y L\u00f3pez, primer marqu\u00e9s de Comillas. Esto ocurr\u00eda en 1881, apenas un a\u00f1o despu\u00e9s que la electricidad hubiera alumbrado la ciudad inglesa de Godalming, por primera vez en la historia. Antonio L\u00f3pez invit\u00f3 al rey Alfonso XII a celebrar en Comillas un Consejo de Ministros, el 8 de agosto de 1881, fecha que tendr\u00eda lugar la inauguraci\u00f3n de la luz el\u00e9ctrica.<\/p>\n\n\n\n<figure class=\"wp-block-image size-large\"><a href=\"http:\/\/cebilbilitanos.com\/wp-content\/uploads\/2022\/07\/CENTRAL-E.-SABINAN-scaled.jpg\"><img decoding=\"async\" loading=\"lazy\" width=\"1024\" height=\"670\" src=\"http:\/\/cebilbilitanos.com\/wp-content\/uploads\/2022\/07\/CENTRAL-E.-SABINAN-1024x670.jpg\" alt=\"\" class=\"wp-image-3008\" srcset=\"https:\/\/cebilbilitanos.com\/wp-content\/uploads\/2022\/07\/CENTRAL-E.-SABINAN-1024x670.jpg 1024w, https:\/\/cebilbilitanos.com\/wp-content\/uploads\/2022\/07\/CENTRAL-E.-SABINAN-300x196.jpg 300w, https:\/\/cebilbilitanos.com\/wp-content\/uploads\/2022\/07\/CENTRAL-E.-SABINAN-768x502.jpg 768w, https:\/\/cebilbilitanos.com\/wp-content\/uploads\/2022\/07\/CENTRAL-E.-SABINAN-1536x1005.jpg 1536w, https:\/\/cebilbilitanos.com\/wp-content\/uploads\/2022\/07\/CENTRAL-E.-SABINAN-2048x1339.jpg 2048w\" sizes=\"(max-width: 1024px) 100vw, 1024px\" \/><\/a><figcaption>Recibo de la Central El\u00e9ctrica de Sabi\u00f1\u00e1n. Archivo Municipal de Savi\u00f1\u00e1n.<\/figcaption><\/figure>\n\n\n\n<p>&nbsp;&nbsp;&nbsp;&nbsp;&nbsp;&nbsp;&nbsp;&nbsp;&nbsp;&nbsp;&nbsp; En 1875 se hab\u00eda construido en Barcelona la primera central el\u00e9ctrica, constituy\u00e9ndose en la misma ciudad la <em>Sociedad Espa\u00f1ola de Electricidad<\/em> en 1881. En este \u00faltimo a\u00f1o llegar\u00eda a Barcelona la electricidad y al a\u00f1o siguiente a Madrid, en ambos casos con motores de vapor. En Zaragoza comenzar\u00eda el suministro el\u00e9ctrico en 1894, a cargo de la <em>Compa\u00f1\u00eda Aragonesa de la Electricidad<\/em> y de la <em>Electra Peral Zaragozana<\/em>, aunque los caf\u00e9s Iberia, Ambos Mundos y Par\u00eds ya ten\u00edan alumbrado el\u00e9ctrico.<\/p>\n\n\n\n<p>&nbsp;&nbsp;&nbsp;&nbsp;&nbsp;&nbsp;&nbsp;&nbsp;&nbsp;&nbsp;&nbsp; La revista <em>Gaceta industrial y ciencia el\u00e9ctrica<\/em> de 1891 indicaba que treinta, de las cuarenta y nueve capitales de provincia espa\u00f1olas, ten\u00edan o estaban instalando entonces el alumbrado el\u00e9ctrico. Las ciudades de Soria y Guadalajara comenzaron este servicio en 1897, Ciudad Real en 1898 y Oviedo en 1900. En 1900 se contabilizaban quinientas setenta y una poblaciones con electricidad, que correspond\u00eda con un 6,2% del total de los municipios de Espa\u00f1a.<\/p>\n\n\n\n<p>&nbsp;&nbsp;&nbsp;&nbsp;&nbsp;&nbsp;&nbsp;&nbsp;&nbsp;&nbsp;&nbsp; La ciudad de Teruel comenz\u00f3 a utilizar la electricidad en 1889, con un motor de vapor a cargo de la empresa Fern\u00e1ndez y Eced, <em>El\u00e9ctrica Turolense<\/em>. La ciudad de Huesca comenz\u00f3 en 1890, con un motor de gas a cargo de la empresa Francisco Casa\u00fas y Leopoldo Navarro. En 1893 comenzar\u00eda a funcionar <em>La Hidroel\u00e9ctrica <\/em>de Huesca, de la que Leopoldo Navarro ser\u00eda fundador y accionista.<\/p>\n\n\n\n<p>\u00a0\u00a0\u00a0\u00a0\u00a0\u00a0\u00a0\u00a0\u00a0\u00a0\u00a0 Leopoldo Navarro Moreno hab\u00eda nacido en Savi\u00f1\u00e1n en 1850. Fue maestro de obras en Huesca. Cas\u00f3 en Savi\u00f1\u00e1n en 1909 con su sobrina Felisa Corm\u00e1n Navarro. \u00c9l fue quien anim\u00f3 a Jos\u00e9 Graci\u00e1n Gasca a viajar a Huesca, para conocer las instalaciones de <em>La Hidroel\u00e9ctrica<\/em> oscense. Este viaje fue decisivo para la llegada de la luz el\u00e9ctrica a Savi\u00f1\u00e1n, cuyo servicio se inaugur\u00f3 el 14 de enero de 1896.<\/p>\n\n\n<div class=\"wp-block-image\">\n<figure class=\"aligncenter size-full\"><a href=\"http:\/\/cebilbilitanos.com\/wp-content\/uploads\/2022\/07\/ob_24664a_083-zenobe-gramme.jpg\"><img decoding=\"async\" loading=\"lazy\" width=\"326\" height=\"435\" src=\"http:\/\/cebilbilitanos.com\/wp-content\/uploads\/2022\/07\/ob_24664a_083-zenobe-gramme.jpg\" alt=\"\" class=\"wp-image-3007\" srcset=\"https:\/\/cebilbilitanos.com\/wp-content\/uploads\/2022\/07\/ob_24664a_083-zenobe-gramme.jpg 326w, https:\/\/cebilbilitanos.com\/wp-content\/uploads\/2022\/07\/ob_24664a_083-zenobe-gramme-225x300.jpg 225w\" sizes=\"(max-width: 326px) 100vw, 326px\" \/><\/a><figcaption><a href=\"https:\/\/es.wikipedia.org\/wiki\/Z%C3%A9nobe_Gramme#\/media\/Archivo:Z%C3%A9nobe_Gramme_1893.jpg\">Z\u00e9nobe Gramme 1893 &#8211; Z\u00e9nobe Gramme &#8211; Wikipedia, la enciclopedia libre<\/a><\/figcaption><\/figure><\/div>\n\n\n<p>La ciudad de Daroca comenz\u00f3 a utilizar la electricidad en 1892, a cargo de la <em>El\u00e9ctrica Darocense<\/em>. Antes que todas ellas, la ciudad de Calatayud cont\u00f3 con electricidad en 1888, a cargo de la Sociedad de alumbrado el\u00e9ctrico Alonso y C\u00eda, que utilizaba un motor hidr\u00e1ulico. La revista <em>La Electricidad<\/em> de 1889, se hac\u00eda eco de la instalaci\u00f3n de la luz el\u00e9ctrica en Calatayud. En esta ciudad funcionaba una f\u00e1brica desde el 27 de agosto de 1888. Utilizaba un salto de 80 cv, con dos turbinas de 20 cv, acopladas a dos dinamos Gramme, de las llamadas \u00abde compensaci\u00f3n\u00bb, que eran capaces de alimentar doscientas cincuenta l\u00e1mparas incandescentes, de 16 buj\u00edas a 110 voltios. Distribu\u00eda al alumbrado de incandescencia y de arco voltaico. Tambi\u00e9n dispon\u00eda de acumuladores de cincuenta y cinco elementos, capaces de dar 150 amperios a 110 voltios.<\/p>\n\n\n\n<p>&nbsp;&nbsp;&nbsp;&nbsp;&nbsp;&nbsp;&nbsp;&nbsp;&nbsp;&nbsp;&nbsp; En la sesi\u00f3n del Ayuntamiento de Calatayud del 8 de agosto de 1888, se hab\u00eda visto una instancia de Jos\u00e9 Alonso, vecino de Zaragoza, manifestando que deseaba implantar en esa ciudad el alumbrado el\u00e9ctrico particular y p\u00fablico, siempre que le conviniera a la corporaci\u00f3n, servicio que estaba siendo aceptado en todas las ciudades. Ped\u00eda la autorizaci\u00f3n correspondiente del ayuntamiento, para llevar a cabo este proyecto. La corporaci\u00f3n acord\u00f3 dirigirse al interesado, se\u00f1alando que no se opon\u00eda al establecimiento de esta industria y que ve\u00eda con buenos ojos que Alonso fuera el iniciador en aquella ciudad, de uno de los adelantos que m\u00e1s honraban al progreso humano.<\/p>\n\n\n\n<p>&nbsp;&nbsp;&nbsp;&nbsp;&nbsp;&nbsp;&nbsp;&nbsp;&nbsp;&nbsp;&nbsp; En la sesi\u00f3n del 22 de agosto, Alonso ped\u00eda autorizaci\u00f3n para colocar postes en la v\u00eda p\u00fablica y cables en las fachadas de las casas, a fin de establecer este servicio. La corporaci\u00f3n acord\u00f3 conced\u00e9rsela, para que pudiera hacer uso de la v\u00eda p\u00fablica y establecimientos p\u00fablicos, sin perjuicio del libre tr\u00e1nsito de los vecinos y previa la presentaci\u00f3n del plano de la obra, para su aprobaci\u00f3n.<\/p>\n\n\n\n<p>&nbsp;&nbsp;&nbsp;&nbsp;&nbsp;&nbsp;&nbsp;&nbsp;&nbsp;&nbsp;&nbsp; En la sesi\u00f3n del 10 de octubre se vio una instancia de Alonso y Gerner, propietarios e instaladores de la luz el\u00e9ctrica en la ciudad, en la que se\u00f1alaban que estaban dispuestos, por el momento, a llevar a cabo el alumbrado particular en las calles de la R\u00faa, hasta la c\u00e1rcel vieja, Marcial, Bodeguilla, Mesones, Plaza del Fuerte, San Mart\u00edn, Trinidad y c\u00e1rcel vieja, estando algunos trabajos a punto de finalizarse. A\u00f1ad\u00edan que el ayuntamiento pod\u00eda aprovecharse para el alumbrado p\u00fablico, colocando las luces que tuviera por conveniente en las demarcaciones indicadas. Este servicio se ir\u00eda prolongando progresivamente a otras calles, seg\u00fan fueran llegando las suscripciones del vecindario. De esta forma, el ayuntamiento podr\u00eda contar con un n\u00famero importante de luces, sin que para ello tuviera necesidad de grandes desembolsos, como ocurr\u00eda en otras poblaciones, donde se hab\u00eda implantado este servicio. El ayuntamiento deb\u00eda pagar por la instalaci\u00f3n el cable necesario para cada luz, corta circuitos, soportes, l\u00e1mparas, pantallas y dem\u00e1s accesorios necesarios, cuyo presupuesto se elevaba a 10 pesetas por l\u00e1mpara, m\u00e1s 20 c\u00e9ntimos por noche, a pagar por mensualidades vencidas. Las l\u00e1mparas que se hubieran de cambiar por la consunci\u00f3n del platino, debido al uso, ser\u00eda a cuenta del ayuntamiento, a raz\u00f3n de 5 pesetas por l\u00e1mpara. La empresa no responder\u00eda de las interrupciones que pudieran producirse, por incidentes ajenos a su voluntad, teniendo que suspender provisionalmente el alumbrado. El ayuntamiento acord\u00f3 pasar esta instancia a la Comisi\u00f3n de Alumbrado, para que emitiera su informe.<\/p>\n\n\n\n<p>&nbsp;&nbsp;&nbsp;&nbsp;&nbsp;&nbsp;&nbsp;&nbsp;&nbsp;&nbsp;&nbsp; Este informe se vio en la sesi\u00f3n del 17 de octubre. La Comisi\u00f3n consideraba que el ayuntamiento deb\u00eda admitir la puesta en marcha de la mejora propuesta, sustituyendo el alumbrado por el\u00e9ctrico, all\u00ed donde fuera posible. Para aceptar este servicio, se hab\u00eda de dar seguridad para que no sufriera interrupciones. La Comisi\u00f3n encontraba excesivos, tanto los gastos de instalaci\u00f3n, como los 20 c\u00e9ntimos por noche. Pensaba que la sociedad el\u00e9ctrica deb\u00eda garantizar la seguridad del alumbrado, proponiendo unos precios m\u00e1s razonables, dada la situaci\u00f3n financiera del municipio.<\/p>\n\n\n\n<p>&nbsp;&nbsp;&nbsp;&nbsp;&nbsp;&nbsp;&nbsp;&nbsp;&nbsp;&nbsp;&nbsp; El concejal D\u00edez se\u00f1al\u00f3 que, seg\u00fan noticias que hab\u00eda podido conocer, la instalaci\u00f3n de la luz el\u00e9ctrica no se llevaba a cabo en condiciones de seguridad, para evitar desgracias los d\u00edas de tempestades, frecuentes en la zona. No conoc\u00eda a fondo la materia, por eso propon\u00eda el nombramiento de una comisi\u00f3n de peritos, para que estudiara el asunto y elevara un informe al ayuntamiento. Para formar esta comisi\u00f3n se nombr\u00f3 al jefe de tel\u00e9grafos, Pedro Gir\u00e1ldez, y a los catedr\u00e1ticos de Ciencias del colegio municipal, Alberto Garc\u00eda Viota y Alberto Espinosa. El concejal Ortega propuso facilitar a la prensa cuantos datos y antecedentes fueran necesarios, que hab\u00edan servido a la Comisi\u00f3n de Alumbrado. A petici\u00f3n del presidente, se acord\u00f3 que no se autorizara a la empresa de alumbrado el\u00e9ctrico la colocaci\u00f3n de postes de madera en la Plaza del Mercado, o que reunieran las mejores condiciones de ornato para hacerlo.<\/p>\n\n\n\n<p>\u00a0\u00a0\u00a0\u00a0\u00a0\u00a0\u00a0\u00a0\u00a0\u00a0\u00a0 El dictamen de los peritos, firmada el d\u00eda 16 de octubre, se vio en la sesi\u00f3n celebrada el d\u00eda 31. El ayuntamiento les hab\u00eda preguntado por el posible peligro del cable conductor para las personas y si los cables, que hab\u00edan tendido los instaladores de la luz el\u00e9ctrica, pod\u00edan dar lugar a desgracias en d\u00edas de tormenta, produciendo descargas de graves consecuencias.<\/p>\n\n\n\n<figure class=\"wp-block-image size-large\"><a href=\"http:\/\/cebilbilitanos.com\/wp-content\/uploads\/2022\/07\/GRAMME-CORRIENTE-CONTINUA-scaled.jpg\"><img decoding=\"async\" loading=\"lazy\" width=\"1024\" height=\"850\" src=\"http:\/\/cebilbilitanos.com\/wp-content\/uploads\/2022\/07\/GRAMME-CORRIENTE-CONTINUA-1024x850.jpg\" alt=\"\" class=\"wp-image-3006\" srcset=\"https:\/\/cebilbilitanos.com\/wp-content\/uploads\/2022\/07\/GRAMME-CORRIENTE-CONTINUA-1024x850.jpg 1024w, https:\/\/cebilbilitanos.com\/wp-content\/uploads\/2022\/07\/GRAMME-CORRIENTE-CONTINUA-300x249.jpg 300w, https:\/\/cebilbilitanos.com\/wp-content\/uploads\/2022\/07\/GRAMME-CORRIENTE-CONTINUA-768x638.jpg 768w, https:\/\/cebilbilitanos.com\/wp-content\/uploads\/2022\/07\/GRAMME-CORRIENTE-CONTINUA-1536x1276.jpg 1536w, https:\/\/cebilbilitanos.com\/wp-content\/uploads\/2022\/07\/GRAMME-CORRIENTE-CONTINUA-2048x1701.jpg 2048w\" sizes=\"(max-width: 1024px) 100vw, 1024px\" \/><\/a><figcaption>M\u00e1quina Gramme de corriente continua. Montpellier, J. A. (1892): <em>Las instalaciones de alumbrado el\u00e9ctrico<\/em>, Librer\u00eda de Victoriano Su\u00e1rez, Madrid.<\/figcaption><\/figure>\n\n\n\n<p>&nbsp;&nbsp;&nbsp;&nbsp;&nbsp;&nbsp;&nbsp;&nbsp;&nbsp;&nbsp;&nbsp; La comisi\u00f3n de peritos se\u00f1alaba que, siendo que en la instalaci\u00f3n se empleaba una m\u00e1quina dinamo el\u00e9ctrica de Gramme de corriente continua, de una potencia de 100 voltios, la corriente el\u00e9ctrica que invad\u00eda el cable conductor, aunque llegara en su mayor intensidad, era una corriente suave y tolerable por la sensibilidad del cuerpo humano. Aunque el individuo cerrara el circuito, la conmoci\u00f3n que pudiera sentir, jam\u00e1s ser\u00eda causa de da\u00f1o alguno. La comisi\u00f3n afirmaba que, aunque el n\u00famero de luces hiciera necesario otra dinamo, no deb\u00eda emplearse ninguna que pasara de la potencia indicada. Referido a la segunda pregunta y sin entrar en apreciaciones cient\u00edficas, la comisi\u00f3n consideraba que, aunque el cable no estaba revestido como ser\u00eda deseable, con una coraza aislante que lo pusiera al abrigo de todos los fen\u00f3menos f\u00edsicos que pudieran tener lugar, cre\u00edan que no ofrec\u00eda peligro alguno, siempre que se dispusiera de aparatos necesarios al efecto. A\u00f1ad\u00eda que en la misma instalaci\u00f3n, se hab\u00eda colocado un aparato indicador de la existencia de derivaciones a tierra, que a la vez desempe\u00f1aba un papel importante de pararrayos. Este aparato era importante, siendo necesario llevar a cabo el montaje con mucha atenci\u00f3n. Consideraba que la derivaci\u00f3n a tierra, que se establec\u00eda en la instalaci\u00f3n, no obedec\u00eda rigurosamente a los principios cient\u00edficos, siendo a su parecer deficiente. Ped\u00eda que se reformara el montaje efectuado, construyendo una cadena de tres hilos de 4 mil\u00edmetros para conductor a tierra, soldando y arrollando esta cadena a una plancha de cobre de regular superficie y espesor, para que se enterrara a un metro de profundidad, en un lugar con constante humedad. Verificado as\u00ed el montaje, se aseguraba que las descargas de las corrientes exteriores fueran a parar a este aparato, salvando as\u00ed todas las instalaciones y anulando el peligro. Firmaban este informe Pedro Gir\u00e1ldez, Alberto Garc\u00eda, Alberto Espinosa y Eduardo Orchel.<\/p>\n\n\n\n<p>&nbsp;&nbsp;&nbsp;&nbsp;&nbsp;&nbsp;&nbsp;&nbsp;&nbsp;&nbsp;&nbsp; En la sesi\u00f3n del 14 de noviembre, el concejal Juan del Pueyo asegur\u00f3 que no consideraba justo establecer privilegios en determinados barrios de la poblaci\u00f3n, porque ser\u00edan perjudiciales para el resto de los vecinos, proponiendo que se admitieran proposiciones para generalizar el alumbrado el\u00e9ctrico a toda la ciudad.<\/p>\n\n\n\n<p>&nbsp;&nbsp;&nbsp;&nbsp;&nbsp;&nbsp;&nbsp;&nbsp;&nbsp;&nbsp;&nbsp; En la sesi\u00f3n celebrada el 27 de diciembre, D\u00edez se\u00f1alaba que, estando a punto de finalizar el contrato del alumbrado p\u00fablico, ser\u00eda de inter\u00e9s que el ayuntamiento se ocupase de la instalaci\u00f3n de la luz el\u00e9ctrica. La empresa de electricidad, decidida a llevar a cabo esta mejora, hab\u00eda presentado para este fin un croquis de las calles y plazas de la ciudad, para que de esta manera se pudiera apreciar mejor el n\u00famero de luces a instalar, as\u00ed como su colocaci\u00f3n, de cuyo asunto se ocupaba la Comisi\u00f3n de Alumbrado. El ayuntamiento acord\u00f3 que D\u00edez, como presidente de la Comisi\u00f3n de Hacienda, junto a la Comisi\u00f3n de Alumbrado, estudiaran el asunto con detenimiento, proponiendo lo que consideraran m\u00e1s ventajoso.<\/p>\n\n\n\n<p>&nbsp;&nbsp;&nbsp;&nbsp;&nbsp;&nbsp;&nbsp;&nbsp;&nbsp;&nbsp;&nbsp; Este proyecto no debi\u00f3 salir adelante, pues a principios del a\u00f1o 1889, el ayuntamiento nombr\u00f3 a cuatro faroleros nuevos. La compa\u00f1\u00eda de electricidad debi\u00f3 continuar con el servicio de luz el\u00e9ctrica, a las casas particulares de los vecinos, aumentando su n\u00famero seg\u00fan las peticiones. En la sesi\u00f3n del 22 de diciembre de 1890, el concejal Mill\u00e1n consideraba la conveniencia de instalar en la ciudad la luz el\u00e9ctrica, para el alumbrado p\u00fablico, se\u00f1alando que la empresa que ven\u00eda explotando este servicio, estaba dispuesta a hacer concesiones ventajosas, para implantarlo en buenas condiciones. D\u00edez record\u00f3 los inconvenientes que se hab\u00edan formulado para admitir las condiciones, que en otra ocasi\u00f3n hab\u00eda formulado la empresa de la luz el\u00e9ctrica, pero el ayuntamiento deb\u00eda estar siempre dispuesto a escuchar sus proposiciones y estudiarlas, con el objeto de optar por el sistema de alumbrado el\u00e9ctrico, si las consideraba aceptables.<\/p>\n\n\n\n<p>En la sesi\u00f3n del 13 de julio de 1891, se vio una instancia de cuatro vecinos, que se ofrec\u00edan de faroleros del alumbrado p\u00fablico, con una econom\u00eda de 45 pesetas mensuales. El 22 de julio, la Comisi\u00f3n de Alumbrado propuso dejar en suspenso la reforma que propon\u00edan estos vecinos, pues el proyecto de instalaci\u00f3n de la luz el\u00e9ctrica en la poblaci\u00f3n se encontraba muy avanzado. Numerosas fueron las quejas de vecinos y concejales, por el mal funcionamiento del alumbrado p\u00fablico, que al fin convencieron a la corporaci\u00f3n para pasarse al alumbrado el\u00e9ctrico.<\/p>\n\n\n\n<p>La subasta para el alumbrado el\u00e9ctrico p\u00fablico de Calatayud se celebrar\u00eda el 6 de mayo de 1894, adjudic\u00e1ndose, como mejor postor, a la compa\u00f1\u00eda Lisbona-Repoll\u00e9s, en 4997 pesetas anuales. En la sesi\u00f3n celebrada el 17 de agosto, se acordar\u00eda encender el alumbrado p\u00fablico el d\u00eda 1 de septiembre, fecha que coincid\u00eda con la apertura del teatro. En la sesi\u00f3n celebrada el 5 de septiembre, Jos\u00e9 Vicente se\u00f1al\u00f3 que, seg\u00fan una hoja que hab\u00eda circulado de la nueva sociedad de luz el\u00e9ctrica <em>La Marcial<\/em>, esta empresa se compromet\u00eda a facilitar la luz durante toda la noche, por un precio m\u00f3dico que, aplicado a las necesidades del hospital, supondr\u00eda una econom\u00eda de m\u00e1s del 40%, por lo que propon\u00eda que la Comisi\u00f3n de Alumbrado estudiara el asunto y se entendiera con la empresa Lisbona-Repoll\u00e9s, para guardarle la preferencia, si le conven\u00eda, en los t\u00e9rminos anunciados por <em>La Marcial<\/em>.<\/p>\n\n\n\n<p>En la sesi\u00f3n del 3 de octubre, el presidente informaba que la compa\u00f1\u00eda de electricidad le hab\u00eda invitado a la inauguraci\u00f3n del alumbrado p\u00fablico, junto a la Comisi\u00f3n, quedando todos satisfechos. El alumbrado p\u00fablico de Calatayud se hab\u00eda inaugurado el 1 de octubre de 1894, a eso de las seis de la tarde. Al d\u00eda siguiente apareci\u00f3 en el peri\u00f3dico republicano posibilista zaragozano, <em>La Derecha<\/em>, una cr\u00f3nica firmada por Jos\u00e9 Os\u00e9s Larumbre, refiri\u00e9ndose a este importante acontecimiento. En \u00e9l se\u00f1alaba que el alumbrado de petr\u00f3leo se hab\u00eda sustituido por ciento sesenta y siete l\u00e1mparas, de 16 buj\u00edas cada una. Este logro se deb\u00eda, principalmente, al alcalde de la ciudad, Jos\u00e9 Lafuente, que llevaba solamente nueve meses en el cargo, pero la corporaci\u00f3n ya hab\u00eda acometido tres empresas: las obras de la c\u00e1rcel, el ensanche del cementerio y el alumbrado p\u00fablico. Las m\u00e1quinas hab\u00edan sido bendecidas, con discursos del alcalde, Jos\u00e9 Lafuente, y del juez de primera instancia, Ram\u00f3n Ferr\u00e1n. Tambi\u00e9n hab\u00edan estado presentes en el acto Pedro Gir\u00e1ldez, en representaci\u00f3n de la empresa, y los se\u00f1ores Larripa y Ruiz, teniente coronel de la zona. El aperitivo hab\u00eda sido servido por los se\u00f1ores Sancho y Lisbona.<\/p>\n\n\n\n<p>El cronista hac\u00eda menci\u00f3n de la labor del modesto oficial de tel\u00e9grafos, Pedro Gir\u00e1ldez, que hab\u00eda dirigido los trabajos de instalaci\u00f3n, y del obrero montador Ram\u00f3n Casulleras, de los talleres del se\u00f1or Muntadas, de Barcelona.<\/p>\n\n\n\n<p>La m\u00e1quina constaba de dos d\u00ednamos con 155 amperios, 120 voltios y 800 revoluciones, siendo impulsadas por un motor hidr\u00e1ulico, con tres turbinas de 65 caballos de potencia, llevando sus corrientes a una red de 600 l\u00e1mparas, de 16 buj\u00edas cada una. La f\u00e1brica estaba situada a cien pasos de la poblaci\u00f3n, en una propiedad de Prudencio Sancho. El cronista a\u00f1ad\u00eda: \u00abCalatayud ha dado un paso m\u00e1s en el camino de su progreso. Acaso no tardar\u00e1 mucho en consignar nuevos adelantos en la historia de su mejoramiento natural. A poblaciones como Calatayud, que vive de las propias iniciativas, debe salud\u00e1rselas con respeto\u00bb.<\/p>\n\n\n\n<p>El 24 de febrero de 1898, la&nbsp; empresa <em>La Marcial El\u00e9ctrica<\/em> comprar\u00eda a Luis Mart\u00ednez y Maximino Guti\u00e9rrez, la instalaci\u00f3n y el suministro de luz el\u00e9ctrica a la ciudad, que hab\u00edan adquirido a Lisbona y Repoll\u00e9s. Vicente Mochales era presidente de <em>La Marcial<\/em> en 1899.<\/p>\n\n\n\n<p><strong>Documentos consultados:<\/strong><\/p>\n\n\n\n<p><em>Libro de actas del Ayuntamiento de Calatayud<\/em>, 1888, Sig. 140.<\/p>\n\n\n\n<p>L\u00f3pez Landa, J. M. (1979): <em>Historia de Calatayud para escolares<\/em>, Centro de Estudios Bilbilitanos, Calatayud.<\/p>\n\n\n\n<p><strong>Fotograf\u00edas:<\/strong><\/p>\n\n\n\n<p><a href=\"https:\/\/es.wikipedia.org\/wiki\/Z%C3%A9nobe_Gramme#\/media\/Archivo:Z%C3%A9nobe_Gramme_1893.jpg\">Z\u00e9nobe Gramme 1893 &#8211; Z\u00e9nobe Gramme &#8211; Wikipedia, la enciclopedia libre<\/a><\/p>\n\n\n\n<p>M\u00e1quina Gramme de corriente continua. Montpellier, J. A. (1892): <em>Las instalaciones de alumbrado el\u00e9ctrico<\/em>, Librer\u00eda de Victoriano Su\u00e1rez, Madrid.<\/p>\n\n\n\n<p>Recibo de la Central El\u00e9ctrica de Sabi\u00f1\u00e1n. Archivo Municipal de Savi\u00f1\u00e1n.<\/p>\n","protected":false},"excerpt":{"rendered":"<p>Francisco Tobajas Gallego &nbsp;&nbsp;&nbsp;&nbsp;&nbsp;&nbsp;&nbsp;&nbsp;&nbsp;&nbsp;&nbsp; Jos\u00e9 Mar\u00eda L\u00f3pez Landa (1878-1955), escrib\u00eda en su Historia de Calatayud para escolares, obra premiada en los Juegos Florales de Calatayud de 1946 y prologada por su disc\u00edpulo Pedro Mont\u00f3n Puerto, en su \u00fanica edici\u00f3n de &hellip; <a href=\"https:\/\/cebilbilitanos.com\/?p=3005\">Sigue leyendo <span class=\"meta-nav\">&rarr;<\/span><\/a><\/p>\n","protected":false},"author":1,"featured_media":0,"comment_status":"closed","ping_status":"open","sticky":false,"template":"","format":"standard","meta":[],"categories":[23],"tags":[],"_links":{"self":[{"href":"https:\/\/cebilbilitanos.com\/index.php?rest_route=\/wp\/v2\/posts\/3005"}],"collection":[{"href":"https:\/\/cebilbilitanos.com\/index.php?rest_route=\/wp\/v2\/posts"}],"about":[{"href":"https:\/\/cebilbilitanos.com\/index.php?rest_route=\/wp\/v2\/types\/post"}],"author":[{"embeddable":true,"href":"https:\/\/cebilbilitanos.com\/index.php?rest_route=\/wp\/v2\/users\/1"}],"replies":[{"embeddable":true,"href":"https:\/\/cebilbilitanos.com\/index.php?rest_route=%2Fwp%2Fv2%2Fcomments&post=3005"}],"version-history":[{"count":1,"href":"https:\/\/cebilbilitanos.com\/index.php?rest_route=\/wp\/v2\/posts\/3005\/revisions"}],"predecessor-version":[{"id":3009,"href":"https:\/\/cebilbilitanos.com\/index.php?rest_route=\/wp\/v2\/posts\/3005\/revisions\/3009"}],"wp:attachment":[{"href":"https:\/\/cebilbilitanos.com\/index.php?rest_route=%2Fwp%2Fv2%2Fmedia&parent=3005"}],"wp:term":[{"taxonomy":"category","embeddable":true,"href":"https:\/\/cebilbilitanos.com\/index.php?rest_route=%2Fwp%2Fv2%2Fcategories&post=3005"},{"taxonomy":"post_tag","embeddable":true,"href":"https:\/\/cebilbilitanos.com\/index.php?rest_route=%2Fwp%2Fv2%2Ftags&post=3005"}],"curies":[{"name":"wp","href":"https:\/\/api.w.org\/{rel}","templated":true}]}}