{"id":30,"date":"2011-04-27T10:05:17","date_gmt":"2011-04-27T10:05:17","guid":{"rendered":"http:\/\/cebilbilitanos.com\/?p=30"},"modified":"2015-09-10T17:20:31","modified_gmt":"2015-09-10T17:20:31","slug":"el-ultimo-libro-de-agustin-sanmiguel","status":"publish","type":"post","link":"https:\/\/cebilbilitanos.com\/?p=30","title":{"rendered":"EL \u00daLTIMO LIBRO DE AGUST\u00cdN SANMIGUEL"},"content":{"rendered":"<div class=\"separator\" style=\"clear: both; text-align: left;\"><i>Texto y fotos: F. Tobajas Gallego<\/i><\/div>\n<div class=\"separator\" style=\"clear: both; text-align: left;\"><\/div>\n<div class=\"separator\" style=\"clear: both; text-align: left;\"><\/div>\n<div class=\"MsoNormal\" style=\"text-align: justify;\">El pasado s\u00e1bado 16 de abril tuvo lugar en el Museo de Calatayud la presentaci\u00f3n del \u00faltimo libro del que fuera Presidente del Centro de Estudios Bilbilitanos, Agust\u00edn Sanmiguel, con el t\u00edtulo <i style=\"mso-bidi-font-style: normal;\">El Conjunto Fortificado Isl\u00e1mico de Calatayud y su entorno<\/i>.<\/div>\n<div class=\"MsoNormal\" style=\"text-align: justify;\"><\/div>\n<div class=\"MsoNormal\" style=\"text-align: justify;\">La mesa presidencial estaba ocupada por el Presidente del Centro de Estudios Bilbilitanos (CEB), Manuel Micheto, el alcalde de Calatayud, V\u00edctor Ruiz de Diego, el profesor Jos\u00e9 Luis Corral, y el Viceconsejero de Turismo del Gobierno de Arag\u00f3n, Javier Callizo.<\/div>\n<div class=\"MsoNormal\" style=\"text-align: justify;\"><\/div>\n<p>&nbsp;<\/p>\n<div class=\"separator\" style=\"clear: both; text-align: center;\"><a style=\"margin-left: 1em; margin-right: 1em;\" href=\"http:\/\/1.bp.blogspot.com\/-vcl7X4feaUg\/TbhPIuXuZjI\/AAAAAAAAAIU\/6xnmPDVWv3c\/s1600\/DSC00623.jpg\"><img decoding=\"async\" src=\"http:\/\/1.bp.blogspot.com\/-vcl7X4feaUg\/TbhPIuXuZjI\/AAAAAAAAAIU\/6xnmPDVWv3c\/s1600\/DSC00623.jpg\" alt=\"\" border=\"0\" \/><\/a><\/div>\n<p>Tras las presentaciones, el secretario del CEB, Juan Jos\u00e9 Mateo, ley\u00f3 una nota de Ana Isabel P\u00e9triz, viuda y albacea intelectual de Agust\u00edn Sanmiguel, donde explicaba la g\u00e9nesis de este libro, que Agust\u00edn hab\u00eda dejado pr\u00e1cticamente terminado sobre su mesa de trabajo, y la labor desarrollada hasta su publicaci\u00f3n.<\/p>\n<p>&nbsp;<\/p>\n<div class=\"MsoNormal\" style=\"text-align: justify;\">A continuaci\u00f3n Jos\u00e9 Luis Corral se consider\u00f3 un privilegiado al contar con la estrecha amistad de Agust\u00edn Sanmiguel, pues con \u00e9l hab\u00eda compartido viajes, comidas, proyectos y realidades. Consider\u00f3 a Agust\u00edn como una persona apasionada en todo lo que hac\u00eda, fuera y dentro de la docencia. Tambi\u00e9n como dibujante, fot\u00f3grafo, escritor o investigador del arte y de la historia, especialmente del mud\u00e9jar de Calatayud y de su comarca. Record\u00f3 su labor como Presidente del CEB y como defensor del patrimonio cultural y monumental de Arag\u00f3n. \u00abTrabajador incansable, viajero de vocaci\u00f3n, investigador y difusor de la cultura aragonesa, Agust\u00edn aun\u00f3 la templanza de la buena gente con la paciencia de los sabios y la mesura y sensatez de las personas llenas de humanidad y sentido del respeto por la herencia cultural propia y ajena\u00bb.<\/div>\n<div class=\"MsoNormal\" style=\"text-align: justify;\"><\/div>\n<div class=\"MsoNormal\" style=\"text-align: justify;\">Corral recordaba los numerosos dibujos de Agust\u00edn, que recreaban ambientes hist\u00f3ricos de la \u00e9poca isl\u00e1mica o mud\u00e9jar.<\/div>\n<div class=\"MsoNormal\" style=\"text-align: justify;\"><\/div>\n<div class=\"MsoNormal\" style=\"text-align: justify;\">En relaci\u00f3n con este \u00faltimo libro de Agust\u00edn Sanmiguel, Corral apuntaba que no se trataba de una gu\u00eda al uso, sino de un libro breve, conciso, muy cuidado y repleto de latidos emocionales y emocionantes. Es \u00abun canto a la historia y al respeto por las huellas humanas del pasado, un viaje a un tiempo lejano y at\u00e1vico, un paseo por los sentidos y las pasiones m\u00e1s bellas de una ciudad de maravillas, encarnadas en unas murallas, en unos torreones y unos castillos que en su d\u00eda defendieron esperanzas, colmaron miedos y temores y alumbraron nuevos horizontes\u00bb. En este libro, los viejos muros de Calatayud, en un tiempo olvidados y despreciados, renac\u00edan y cobraban vida, esperando una pronta restauraci\u00f3n.<\/div>\n<div class=\"MsoNormal\" style=\"text-align: justify;\"><\/div>\n<div class=\"MsoNormal\" style=\"text-align: justify;\"><\/div>\n<div class=\"MsoNormal\" style=\"text-align: justify;\">Javier Callizo recordaba el paso de Agust\u00edn Sanmiguel por el m\u00edtico y mitificado Colegio Menor de San Pablo de Teruel, su relaci\u00f3n con <i style=\"mso-bidi-font-style: normal;\">Andal\u00e1n<\/i>, y por el Instituto Domingo Miral de Jaca, donde ambos coincidieron. Agust\u00edn como profesor de Biolog\u00eda y Callizo como alumno. Callizo nos presenta en aquella \u00e9poca a Agust\u00edn como un agitador cultural, fuera y dentro del Instituto, y nos desvela algunas de sus antiguas aficiones: el dibujo y la m\u00fasica medieval. En aquellos a\u00f1os Agust\u00edn viaj\u00f3 por las tierras altas de Jaca y realiz\u00f3 una serie de dibujos dedicados al <i style=\"mso-bidi-font-style: normal;\">Arte medieval en el viejo Arag\u00f3n<\/i> (1979) y otra serie a <i style=\"mso-bidi-font-style: normal;\">Jaca<\/i> (1981).<\/div>\n<div class=\"MsoNormal\" style=\"text-align: justify;\"><\/div>\n<div class=\"MsoNormal\" style=\"text-align: justify;\">Vuelto a Calatayud, Agust\u00edn Sanmiguel dedic\u00f3 su tiempo libre al patrimonio monumental mud\u00e9jar de su ciudad y de su comarca, con numerosos trabajos. El m\u00fadejar de esta comarca ser\u00eda declarado en 2001 Patrimonio Mundial por la UNESCO.<\/div>\n<div class=\"MsoNormal\" style=\"text-align: justify;\"><\/div>\n<div class=\"separator\" style=\"clear: both; text-align: center;\"><a style=\"margin-left: 1em; margin-right: 1em;\" href=\"http:\/\/3.bp.blogspot.com\/-uyd6jzvfgWI\/TbhPILxpxSI\/AAAAAAAAAIQ\/caGx6tcVdHU\/s1600\/as12.jpg\"><img decoding=\"async\" src=\"http:\/\/3.bp.blogspot.com\/-uyd6jzvfgWI\/TbhPILxpxSI\/AAAAAAAAAIQ\/caGx6tcVdHU\/s1600\/as12.jpg\" alt=\"\" border=\"0\" \/><\/a><\/div>\n<div class=\"MsoNormal\" style=\"text-align: justify;\"><\/div>\n<div class=\"MsoNormal\" style=\"text-align: justify;\">El alcalde de Calatayud, V\u00edctor Ruiz de Diego, recordaba que en septiembre del a\u00f1o 2008, Agust\u00edn Sanmiguel revisaba las pruebas de imprenta para la coedici\u00f3n entre el Ayuntamiento y el CEB de la carpeta de <i style=\"mso-bidi-font-style: normal;\">Calatayud mud\u00e9jar<\/i>. Por aquellas fechas y en una reuni\u00f3n en el Ayuntamiento, el alcalde y Agust\u00edn hablaron de la necesaria restauraci\u00f3n del Conjunto Fortificado Isl\u00e1mico de la ciudad y de la edici\u00f3n cuidada de un libro dedicado al mismo. Atr\u00e1s quedaban numerosos folletos, conferencias, congresos, propuestas para rotular las calles de la ciudad, publicaciones, informes, reuniones y estudios, con los que Agust\u00edn consigui\u00f3 \u00abla puesta en valor de Calatayud, y que servir\u00edan de base para pedir ayudas institucionales para la recuperaci\u00f3n de castillos y murallas. El alcalde agradeci\u00f3 siempre la disposici\u00f3n de Agust\u00edn Sanmiguel como Presidente del CEB y estaba casi seguro que la publicaci\u00f3n de este libro ser\u00eda del agrado de su autor.<\/div>\n<div class=\"MsoNormal\" style=\"text-align: justify;\"><\/div>\n<div class=\"MsoNormal\" style=\"text-align: justify;\"><a style=\"clear: left; float: left; margin-bottom: 1em; margin-right: 1em;\" href=\"http:\/\/3.bp.blogspot.com\/-T7cKX0efMhI\/TbhRW_5UrPI\/AAAAAAAAAIY\/W7r60IErjCA\/s1600\/187809_141545569248463_901330_n.jpg\"><img decoding=\"async\" src=\"http:\/\/3.bp.blogspot.com\/-T7cKX0efMhI\/TbhRW_5UrPI\/AAAAAAAAAIY\/W7r60IErjCA\/s1600\/187809_141545569248463_901330_n.jpg\" alt=\"\" border=\"0\" \/><\/a>El Presidente del CEB, Manuel Micheto, recordaba que la publicaci\u00f3n de este libro hab\u00eda sido posible gracias al acuerdo alcanzado entre este Centro de Estudios y el Viceconsejero de Turismo del Gobierno de Arag\u00f3n y bilbilitano de adopci\u00f3n, Javier Callizo, que hab\u00eda ayudado a la edici\u00f3n.<\/div>\n<div class=\"MsoNormal\" style=\"text-align: justify;\"><\/div>\n<p>&nbsp;<\/p>\n<div class=\"MsoNormal\" style=\"text-align: justify;\">El libro de Agust\u00edn Sanmiguel consta de dos partes. La primera incluye textos, planos y dibujos descriptivos del Conjunto Fortificado y de los barrios altos de la ciudad. La segunda parte es una interesante y valiosa colecci\u00f3n de fotograf\u00edas de diferentes \u00e9pocas. Agust\u00edn Sanmiguel recordaba que comenz\u00f3 su afici\u00f3n a la fotograf\u00eda al caer en sus manos la vieja c\u00e1mara de fotos de su abuelo Casiano Mateo, cuyo manejo aprendi\u00f3 con su t\u00edo Mariano Rubio Vergara.<\/div>\n<div class=\"MsoNormal\" style=\"text-align: justify;\"><\/div>\n<div class=\"MsoNormal\" style=\"text-align: justify;\">La primera noticia escrita conocida de las murallas de Calatayud se debe al historiador \u00e1rabe al-Udri, quien escribe que en el a\u00f1o 862-863 el emir de Alandal\u00fas, Muhammad I, orden\u00f3 ampliar y reforzar estas fortificaciones. Este dato queda confirmado en la puerta de arco de herradura, situada en el lado norte de la muralla, construida en el emirato de Muhammad I. El Conjunto Fortificado Isl\u00e1mico de Calatayud es en su g\u00e9nero el m\u00e1s antiguo conservado en Alandal\u00fas. <span style=\"mso-spacerun: yes;\">\u00a0<\/span>Se trata de una obra de alba\u00f1iler\u00eda. En palabras de Agust\u00edn Sanmiguel, poco fina y algo chapucera. En ella se emplearon piedras de yeso y tierra, procedentes de las excavaciones de fosos y mont\u00edculos. El agua deb\u00edan subirla desde el r\u00edo o desde alguna acequia. La ciudad isl\u00e1mica, que crec\u00eda hacia el sur, era m\u00e1s grande de lo que se cre\u00eda. Al ir creciendo, la muralla fue desapareciendo.<\/div>\n<div class=\"MsoNormal\" style=\"text-align: justify;\"><\/div>\n<div class=\"MsoNormal\" style=\"text-align: justify;\">Agust\u00edn Sanmiguel sostiene que la primera fortificaci\u00f3n ser\u00eda levantada en un altozano entre los barrancos de la R\u00faa y de las Pozas, hoy ocupado por el castillo de Do\u00f1a Martina. Si esto se confirmara con estudios arqueol\u00f3gicos, pod\u00eda datarse en el siglo VIII o en la primera mitad del siglo IX. Se ampliar\u00eda en el a\u00f1o 862, con cuatro castillos o puntos fortificados.<\/div>\n<div class=\"MsoNormal\" style=\"text-align: justify;\"><\/div>\n<div class=\"MsoNormal\" style=\"text-align: justify;\">Estas murallas de la ciudad apenas sufrieron en el asedio y reconquista cristiana de 1120. La ciudad sufri\u00f3 grandes destrozos en 1362, en la toma por el ej\u00e9rcito castellano de Pedro I el Cruel, durante la Guerra de los Pedros. Tras estos a\u00f1os, se llevar\u00edan a cabo importantes restauraciones.<\/div>\n<div class=\"MsoNormal\" style=\"text-align: justify;\"><\/div>\n<div class=\"MsoNormal\" style=\"text-align: justify;\">Para las guerras carlistas se hicieron almenas para la fusiler\u00eda y troneras para los peque\u00f1os ca\u00f1ones. El siglo XIX fue muy poco considerado con el patrimonio monumental de Calatayud. El casco antiguo se fue deteriorando, pero no se destruy\u00f3, sin embargo el Conjunto Fortificado Isl\u00e1mico de la antigua ciudad ha llegado hasta nuestros d\u00edas en mal estado, pero sin sufrir actuaciones. El castillo Mayor se encuentra relativamente bien conservado. Conocemos el nombre cristiano del resto del Conjunto: castillo Real o del Reloj, Torre Mocha, castillo de la Pe\u00f1a, Do\u00f1a Martina\u2026, pero no se conocen sus anteriores nombres \u00e1rabes.<\/div>\n<div class=\"MsoNormal\" style=\"text-align: justify;\"><\/div>\n<div class=\"MsoNormal\" style=\"text-align: justify;\">A partir de 1990 se comienza un nuevo ciclo en Calatayud, con la recuperaci\u00f3n de varios monumentos. Agust\u00edn Sanmiguel reconoc\u00eda su inter\u00e9s por encontrar una buena colecci\u00f3n de fotograf\u00edas de los castillos y barrios altos desde comienzos del siglo XX hasta los a\u00f1os sesenta. Y recordaba que estaba a\u00fan pendiente de catalogaci\u00f3n el archivo Rubio Vergara, con numerosas fotograf\u00edas del castillo Mayor, y el del m\u00e9dico Manuel Farrer Ramos. Con ellos, \u00abSeguro que ver\u00edamos un Calatayud sorprendente, como el que vieron nuestros abuelos que vivieran o pasearan por estos pintorescos lugares apartados del centro de la ciudad\u00bb.<\/div>\n<div class=\"MsoNormal\" style=\"text-align: justify;\"><span style=\"mso-tab-count: 1;\">\u00a0\u00a0 \u00a0 \u00a0 \u00a0 \u00a0 \u00a0<\/span><\/div>\n","protected":false},"excerpt":{"rendered":"<p>Texto y fotos: F. Tobajas Gallego El pasado s\u00e1bado 16 de abril tuvo lugar en el Museo de Calatayud la presentaci\u00f3n del \u00faltimo libro del que fuera Presidente del Centro de Estudios Bilbilitanos, Agust\u00edn Sanmiguel, con el t\u00edtulo El Conjunto &hellip; <a href=\"https:\/\/cebilbilitanos.com\/?p=30\">Sigue leyendo <span class=\"meta-nav\">&rarr;<\/span><\/a><\/p>\n","protected":false},"author":1,"featured_media":0,"comment_status":"open","ping_status":"open","sticky":false,"template":"","format":"standard","meta":[],"categories":[23],"tags":[6,14,8,12,17,7,10,11],"_links":{"self":[{"href":"https:\/\/cebilbilitanos.com\/index.php?rest_route=\/wp\/v2\/posts\/30"}],"collection":[{"href":"https:\/\/cebilbilitanos.com\/index.php?rest_route=\/wp\/v2\/posts"}],"about":[{"href":"https:\/\/cebilbilitanos.com\/index.php?rest_route=\/wp\/v2\/types\/post"}],"author":[{"embeddable":true,"href":"https:\/\/cebilbilitanos.com\/index.php?rest_route=\/wp\/v2\/users\/1"}],"replies":[{"embeddable":true,"href":"https:\/\/cebilbilitanos.com\/index.php?rest_route=%2Fwp%2Fv2%2Fcomments&post=30"}],"version-history":[{"count":2,"href":"https:\/\/cebilbilitanos.com\/index.php?rest_route=\/wp\/v2\/posts\/30\/revisions"}],"predecessor-version":[{"id":88,"href":"https:\/\/cebilbilitanos.com\/index.php?rest_route=\/wp\/v2\/posts\/30\/revisions\/88"}],"wp:attachment":[{"href":"https:\/\/cebilbilitanos.com\/index.php?rest_route=%2Fwp%2Fv2%2Fmedia&parent=30"}],"wp:term":[{"taxonomy":"category","embeddable":true,"href":"https:\/\/cebilbilitanos.com\/index.php?rest_route=%2Fwp%2Fv2%2Fcategories&post=30"},{"taxonomy":"post_tag","embeddable":true,"href":"https:\/\/cebilbilitanos.com\/index.php?rest_route=%2Fwp%2Fv2%2Ftags&post=30"}],"curies":[{"name":"wp","href":"https:\/\/api.w.org\/{rel}","templated":true}]}}