{"id":2995,"date":"2022-07-13T11:22:23","date_gmt":"2022-07-13T09:22:23","guid":{"rendered":"http:\/\/cebilbilitanos.com\/?p=2995"},"modified":"2022-07-13T11:22:23","modified_gmt":"2022-07-13T09:22:23","slug":"descarga-de-la-provincia-de-calatayud-durante-el-trienio-liberal","status":"publish","type":"post","link":"https:\/\/cebilbilitanos.com\/?p=2995","title":{"rendered":"Descarga de \u00abLa provincia de Calatayud durante el trienio liberal\u00bb"},"content":{"rendered":"\n<p>El pasado 11 de junio se present\u00f3 el libro\u00a0<em>La provincia de Calatayud durante el Trienio Liberal<\/em> coordinado por Jos\u00e9 \u00c1ngel Urzay y publicado por el Centro de Estudios Bilbilitanos en colaboraci\u00f3n con el Ayuntamiento de Calatayud y la comarca Comunidad de Calatayud.<\/p>\n\n\n\n<figure class=\"wp-block-image size-large\"><a href=\"http:\/\/cebilbilitanos.com\/wp-content\/uploads\/2022\/05\/foto-formulario-scaled.jpg\"><img decoding=\"async\" loading=\"lazy\" width=\"812\" height=\"1024\" src=\"http:\/\/cebilbilitanos.com\/wp-content\/uploads\/2022\/05\/foto-formulario-812x1024.jpg\" alt=\"\" class=\"wp-image-2971\" srcset=\"https:\/\/cebilbilitanos.com\/wp-content\/uploads\/2022\/05\/foto-formulario-812x1024.jpg 812w, https:\/\/cebilbilitanos.com\/wp-content\/uploads\/2022\/05\/foto-formulario-238x300.jpg 238w, https:\/\/cebilbilitanos.com\/wp-content\/uploads\/2022\/05\/foto-formulario-768x969.jpg 768w, https:\/\/cebilbilitanos.com\/wp-content\/uploads\/2022\/05\/foto-formulario-1217x1536.jpg 1217w, https:\/\/cebilbilitanos.com\/wp-content\/uploads\/2022\/05\/foto-formulario-1623x2048.jpg 1623w, https:\/\/cebilbilitanos.com\/wp-content\/uploads\/2022\/05\/foto-formulario-scaled.jpg 2029w\" sizes=\"(max-width: 812px) 100vw, 812px\" \/><\/a><\/figure>\n\n\n\n<p>Esta publicaci\u00f3n llena un vac\u00edo importante sobre un tema, la creaci\u00f3n de la provincia de Calatayud, que si bien era conocido por la mayor\u00eda de las personas que viven en los pueblos y en las ciudades que formaron parte de ella, apenas hab\u00eda sido divulgado. Por ello creemos que este libro ser\u00e1 bien recibido y apreciado por sus lectores:&nbsp; descubriendo las diferentes organizaciones del territorio en cada periodo hist\u00f3rico, su proceso de creaci\u00f3n, el contexto pol\u00edtico, econ\u00f3mico y social de las localidades que fueron incluidas, la relaci\u00f3n con la Comunidad de Aldeas con la que convivi\u00f3, los acontecimientos m\u00e1s relevantes que sucedieron durante su funcionamiento o las biograf\u00edas de los principales protagonistas de este periodo. Adem\u00e1s, el texto se complementa con dos mapas y fotograf\u00edas de las localidades de la provincia, imprescindibles para conocer tanto el territorio como los cambios administrativos que ha experimentado a lo largo de la historia. Tambi\u00e9n servir\u00e1 la informaci\u00f3n aqu\u00ed recogida a otros investigadores que en un futuro centren sus estudios en el Trienio Liberal o en el siglo XIX.<\/p>\n\n\n\n<p>Puedes realizar la descarga completa del libro en el siguiente enlace.<\/p>\n\n\n\n<p>Enlace para la descarga: <a href=\"https:\/\/ifc.dpz.es\/publicaciones\/ebooks\/id\/3934\">https:\/\/ifc.dpz.es\/publicaciones\/ebooks\/id\/3934<\/a><\/p>\n","protected":false},"excerpt":{"rendered":"<p>El pasado 11 de junio se present\u00f3 el libro\u00a0La provincia de Calatayud durante el Trienio Liberal coordinado por Jos\u00e9 \u00c1ngel Urzay y publicado por el Centro de Estudios Bilbilitanos en colaboraci\u00f3n con el Ayuntamiento de Calatayud y la comarca Comunidad &hellip; <a href=\"https:\/\/cebilbilitanos.com\/?p=2995\">Sigue leyendo <span class=\"meta-nav\">&rarr;<\/span><\/a><\/p>\n","protected":false},"author":1,"featured_media":2971,"comment_status":"closed","ping_status":"open","sticky":false,"template":"","format":"standard","meta":[],"categories":[30],"tags":[14,26,73,72,17,11],"_links":{"self":[{"href":"https:\/\/cebilbilitanos.com\/index.php?rest_route=\/wp\/v2\/posts\/2995"}],"collection":[{"href":"https:\/\/cebilbilitanos.com\/index.php?rest_route=\/wp\/v2\/posts"}],"about":[{"href":"https:\/\/cebilbilitanos.com\/index.php?rest_route=\/wp\/v2\/types\/post"}],"author":[{"embeddable":true,"href":"https:\/\/cebilbilitanos.com\/index.php?rest_route=\/wp\/v2\/users\/1"}],"replies":[{"embeddable":true,"href":"https:\/\/cebilbilitanos.com\/index.php?rest_route=%2Fwp%2Fv2%2Fcomments&post=2995"}],"version-history":[{"count":1,"href":"https:\/\/cebilbilitanos.com\/index.php?rest_route=\/wp\/v2\/posts\/2995\/revisions"}],"predecessor-version":[{"id":2996,"href":"https:\/\/cebilbilitanos.com\/index.php?rest_route=\/wp\/v2\/posts\/2995\/revisions\/2996"}],"wp:featuredmedia":[{"embeddable":true,"href":"https:\/\/cebilbilitanos.com\/index.php?rest_route=\/wp\/v2\/media\/2971"}],"wp:attachment":[{"href":"https:\/\/cebilbilitanos.com\/index.php?rest_route=%2Fwp%2Fv2%2Fmedia&parent=2995"}],"wp:term":[{"taxonomy":"category","embeddable":true,"href":"https:\/\/cebilbilitanos.com\/index.php?rest_route=%2Fwp%2Fv2%2Fcategories&post=2995"},{"taxonomy":"post_tag","embeddable":true,"href":"https:\/\/cebilbilitanos.com\/index.php?rest_route=%2Fwp%2Fv2%2Ftags&post=2995"}],"curies":[{"name":"wp","href":"https:\/\/api.w.org\/{rel}","templated":true}]}}