{"id":2946,"date":"2022-04-20T07:45:17","date_gmt":"2022-04-20T05:45:17","guid":{"rendered":"http:\/\/cebilbilitanos.com\/?p=2946"},"modified":"2022-04-20T07:45:17","modified_gmt":"2022-04-20T05:45:17","slug":"el-homenaje-a-baltasar-gracian-en-1916","status":"publish","type":"post","link":"https:\/\/cebilbilitanos.com\/?p=2946","title":{"rendered":"El homenaje a Baltasar Graci\u00e1n en 1916"},"content":{"rendered":"\n<p>Francisco Tobajas\nGallego<\/p>\n\n\n\n<p>\u00a0\u00a0\u00a0\u00a0\u00a0\u00a0\u00a0\u00a0\u00a0\u00a0\u00a0 En la sesi\u00f3n del Ayuntamiento de Calatayud celebrada el 3 de mayo de 1916, el concejal Enciso informaba que el pueblo de Belmonte proyectaba para el pr\u00f3ximo mes de septiembre un homenaje a Baltasar Graci\u00e1n. Enciso se\u00f1alaba que el Ayuntamiento de Calatayud deb\u00eda asociarse a este homenaje, por tratarse de una gloria nacional. Propon\u00eda que, si fuera posible, deb\u00eda coincidir con las fiestas patronales de la ciudad, haciendo extensivo el homenaje al poeta Marcial. Los concejales Lafuente, Medarde, Higueras y Zabalo hicieron tambi\u00e9n suya esta iniciativa de Enciso, acord\u00e1ndose por unanimidad nombrar una comisi\u00f3n especial compuesta por los concejales Lafuente, Llanas, Enciso y el alcalde, y por Juan Blas y Ubide, Jos\u00e9 Mar\u00eda L\u00f3pez Landa y Eduardo Ibarra para que, de acuerdo con la representaci\u00f3n del pueblo de Belmonte, llevaran a cabo las gestiones oportunas para la realizaci\u00f3n del proyectado homenaje.<\/p>\n\n\n\n<figure class=\"wp-block-image\"><img decoding=\"async\" loading=\"lazy\" width=\"777\" height=\"1024\" src=\"http:\/\/cebilbilitanos.com\/wp-content\/uploads\/2022\/04\/BELMONTE-BG16-777x1024.jpg\" alt=\"\" class=\"wp-image-2948\" srcset=\"https:\/\/cebilbilitanos.com\/wp-content\/uploads\/2022\/04\/BELMONTE-BG16-777x1024.jpg 777w, https:\/\/cebilbilitanos.com\/wp-content\/uploads\/2022\/04\/BELMONTE-BG16-228x300.jpg 228w, https:\/\/cebilbilitanos.com\/wp-content\/uploads\/2022\/04\/BELMONTE-BG16-768x1012.jpg 768w\" sizes=\"(max-width: 777px) 100vw, 777px\" \/><\/figure>\n\n\n\n<p>&nbsp;&nbsp;&nbsp;&nbsp;&nbsp;&nbsp;&nbsp;&nbsp;&nbsp;&nbsp;&nbsp; Aquel mismo a\u00f1o se tom\u00f3 el acuerdo de dar el nombre de\nBaltasar Graci\u00e1n a la calle de las Aulas. En la sesi\u00f3n celebrada el 9 de\nfebrero se inform\u00f3 a los concejales que Luis Guedea, hijo de la ciudad, m\u00e9dico\ny ex diputado a Cortes por aquel distrito, hab\u00eda fallecido en Madrid. El\nalcalde \u00c1ngel Carrau pidi\u00f3 que constara en acta el sentimiento de la\ncorporaci\u00f3n por su p\u00e9rdida y el concejal Medarde propuso que, para perpetuar su\nmemoria, deb\u00eda darse su nombre a una calle de la ciudad, acord\u00e1ndose por\nunanimidad. L\u00f3pez Ruiz propuso que, aprovechando el aniversario del\nfallecimiento de Joaqu\u00edn Costa, deb\u00eda dar nombre tambi\u00e9n a una de las calles de\nCalatayud, iniciativa que asimismo fue acordada por unanimidad. Qued\u00f3 tambi\u00e9n\nacordado que se comunicaran estos acuerdos a las familias de Guedea y de Costa.\nPor su parte, Zabalo propuso que la plaza de San Ant\u00f3n se dedicara a Joaqu\u00edn\nCosta. En la sesi\u00f3n siguiente, celebrada el 16 de febrero, Zabalo se reafirmaba\nen su propuesta de dar el nombre de Joaqu\u00edn Costa a la plaza de San Ant\u00f3n, pero\nel acuerdo se aplaz\u00f3 a la pr\u00f3xima sesi\u00f3n. En la sesi\u00f3n del 23 de febrero se\nacord\u00f3 por unanimidad dar el nombre de Joaqu\u00edn Costa a la plaza de San Ant\u00f3n,\nel de Luis Guedea a la calle de las Tener\u00edas y el de Baltasar Graci\u00e1n a la\ncalle de las Aulas.<\/p>\n\n\n\n<p>&nbsp;&nbsp;&nbsp;&nbsp;&nbsp;&nbsp;&nbsp;&nbsp;&nbsp;&nbsp;&nbsp; En la sesi\u00f3n del 20 de septiembre, el concejal Lafuente\ncoment\u00f3 que en las pasadas fiestas Nicasio Mariscal, m\u00e9dico de Madrid, hab\u00eda\npronunciado en la Casa Consistorial unas conferencias dedicadas a Marcial y a\nBaltasar Graci\u00e1n. En la celebrada el 18 de octubre el alcalde propuso y, qued\u00f3\nacordado por unanimidad, que el ayuntamiento dedicara al estudio de Filolog\u00eda\nde Arag\u00f3n una copia fotogr\u00e1fica del retrato de Baltasar Graci\u00e1n, que hab\u00eda\npose\u00eddo F\u00e9lix Sanz de Larrea y Larraga.<\/p>\n\n\n\n<figure class=\"wp-block-image\"><img decoding=\"async\" loading=\"lazy\" width=\"752\" height=\"1024\" src=\"http:\/\/cebilbilitanos.com\/wp-content\/uploads\/2022\/04\/BELMONTE-BG1916-752x1024.jpg\" alt=\"\" class=\"wp-image-2947\" srcset=\"https:\/\/cebilbilitanos.com\/wp-content\/uploads\/2022\/04\/BELMONTE-BG1916-752x1024.jpg 752w, https:\/\/cebilbilitanos.com\/wp-content\/uploads\/2022\/04\/BELMONTE-BG1916-220x300.jpg 220w, https:\/\/cebilbilitanos.com\/wp-content\/uploads\/2022\/04\/BELMONTE-BG1916-768x1046.jpg 768w\" sizes=\"(max-width: 752px) 100vw, 752px\" \/><\/figure>\n\n\n\n<p>&nbsp;&nbsp;&nbsp;&nbsp;&nbsp;&nbsp;&nbsp;&nbsp;&nbsp;&nbsp;&nbsp; No conocemos mucho m\u00e1s de aquel homenaje celebrado en\nBelmonte, en septiembre de 1916. L\u00f3pez Landa se refiere a \u00e9l en una conferencia\nque pronunci\u00f3 en un curso monogr\u00e1fico dedicado al escritor en 1922. Se edit\u00f3 en\nla Imprenta del Hospicio Provincial de Zaragoza en 1926, bajo el t\u00edtulo: <em>Baltasar Graci\u00e1n. Escritor aragon\u00e9s del\nsiglo XVII. Curso monogr\u00e1fico celebrado en honor suyo por la Universidad\nLiteraria y el Ateneo de Zaragoza, en el a\u00f1o 1922<\/em>. Este volumen form\u00f3 parte\nde la Biblioteca de Autores Aragoneses, haciendo el n\u00famero VIII. En total se\ncelebraron ocho conferencias a cargo de Salvador Minguij\u00f3n, Miguel Allu\u00e9\nSalvador, Francisco de Paula Ferrer, que pronunci\u00f3 cuatro conferencias, Jos\u00e9\nMar\u00eda L\u00f3pez Landa y Ricardo del Arco. Tambi\u00e9n se public\u00f3 en este mismo volumen\nuna oraci\u00f3n f\u00fanebre, que hab\u00eda pronunciado el P. Dar\u00edo Hern\u00e1ndez, SJ, en la\niglesia parroquial de Belmonte el 13 de mayo de 1922. Este curso hab\u00eda tenido\nlugar en la Universidad Literaria de Zaragoza, bajo la presidencia del rector\nRicardo Royo Villanova. <\/p>\n\n\n\n<p>&nbsp;&nbsp;&nbsp;&nbsp;&nbsp;&nbsp;&nbsp;&nbsp;&nbsp;&nbsp;&nbsp; En la conferencia de L\u00f3pez Landa, titulada \u00abGraci\u00e1n y su\nbi\u00f3grafo Coster\u00bb, [<a href=\"https:\/\/ifc.dpz.es\/recursos\/publicaciones\/29\/18\/_ebook.pdf\">Baltasar\nGraci\u00e1n, escritor aragon\u00e9s del siglo XVII. Curso monogr\u00e1fico (dpz.es)<\/a>],\nhac\u00eda referencia a este homenaje a Graci\u00e1n, llevado a cabo de 1916. L\u00f3pez Landa\nrecordaba que entonces hac\u00eda solamente tres a\u00f1os, que hab\u00eda sido publicada en\n1913 la biograf\u00eda de Adolphe Coster sobre Graci\u00e1n. En este a\u00f1o de 1916 \u00abunos\ncuantos se\u00f1ores, muy solemnes, se han congregado en el humilde pueblecito para\nrendir un homenaje a la memoria de su hijo m\u00e1s preclaro. Hay colocaci\u00f3n de\nretratos, descubrimiento de una l\u00e1pida, lectura de cuartillas de literatos\nbrillantes y maestros del periodismo, como Cavia y Azorin, y los inevitables\ndiscursazos. Uno de los oradores, hijo ilustre de la antigua Comunidad de\nCalatayud, Acad\u00e9mico de la Real de Medicina de Madrid, lleva la voz cantante.\nEs un se\u00f1or plet\u00f3rico de ciencia, ah\u00edto de erudici\u00f3n, que acaba de leer a\nCoster (lo s\u00e9 de muy buena tinta) aunque no lo cita para nada, y deseoso de\nconmover a los ingenuos belmontinos con el relato horripilante de las amarguras\nde su inmortal paisano, recalca mucho lo de la muerte por desesperaci\u00f3n del\ninfeliz Graci\u00e1n\u00bb. L\u00f3pez Landa debe referirse a Nicasio Mariscal y Garc\u00eda de\nRello. Este discurso, seg\u00fan L\u00f3pez Landa, hab\u00eda sido editado y repartido \u00abcon\ncierta profusi\u00f3n\u00bb. L\u00f3pez Landa no estaba de acuerdo con Coster y sosten\u00eda que\nel traslado de Baltasar Graci\u00e1n al colegio de Tarazona, no hab\u00eda obedecido a\nuna medida de disciplina. Pensaba que Graci\u00e1n ya estaba enfermo entonces y ser\u00eda\ndestinado por ello a este colegio. L\u00f3pez Landa copiaba algunas \u00abparrafadas,\nescritas siempre en estilo declamatorio, hinchado y hueco, con resonancias de\ncripta o de mausoleo\u00bb, que hab\u00eda pronunciado este acad\u00e9mico de Medicina. Y consideraba\nque estas \u00absoflamas rotundas y archisonoras\u00bb, eran ampliaci\u00f3n de las sostenidas\npor Coster, quien afirmaba que los superiores sent\u00edan \u00abdesconfianza y mala\nvoluntad\u00bb hacia Graci\u00e1n y que el colegio de Tarazona ten\u00eda el car\u00e1cter de \u00abcasa\ncorreccional de la Provincia\u00bb. <\/p>\n\n\n\n<p>&nbsp;&nbsp;&nbsp;&nbsp;&nbsp;&nbsp;&nbsp;&nbsp;&nbsp;&nbsp;&nbsp; Nicasio Mariscal y Garc\u00eda de Rello, Bijuesca 1859, Madrid\n1949, fue m\u00e9dico rural, director del Laboratorio de Medicina Legal de Zaragoza,\npresidente de la Real Sociedad Espa\u00f1ola de Higiene, vicepresidente de la Junta\nde Protecci\u00f3n de la Infancia, secretario perpetuo de la Real Academia de\nMedicina desde 1932 y miembro de honor de la Real Academia de Medicina de\nZaragoza, adem\u00e1s de historiador, cr\u00edtico de arte y poeta. En su libro dedicado\nal m\u00e9dico Juan Tom\u00e1s Porcell, quien atendi\u00f3 a los apestados en Zaragoza en\n1564, relacionaba a su abuela Manuela de Aguar\u00f3n y Morales, con la l\u00ednea\nmaterna de Baltasar Graci\u00e1n.<\/p>\n\n\n\n<p>&nbsp;&nbsp;&nbsp;&nbsp;&nbsp;&nbsp;&nbsp;&nbsp;&nbsp;&nbsp;&nbsp; Varios son los bi\u00f3grafos y estudiosos de la vida y de la\nobra de Graci\u00e1n que se declaran del parecer de L\u00f3pez Landa y otros que lo hacen\ndel lado de Coster. Batllori cuenta que el padre mallorqu\u00edn Ram\u00f3n Anglada, se\nescap\u00f3 una noche del colegio de Mallorca, compareciendo m\u00e1s tarde en Valencia.\nAnglada fue enviado a Tarazona que, con la casa de Graus, eran lugares\ndestinados a destierro y castigo de religiosos d\u00edscolos. Parece claro que la\ncasa de Tarazona no era el lugar m\u00e1s adecuado, para enviar a un intelectual de la talla de\nGraci\u00e1n. En aquellos tiempos la comunidad se reduc\u00eda a seis padres y algunos\nhermanos m\u00e1s. En esta \u00faltima etapa de la vida del escritor, solo se conserva la\nversi\u00f3n oficial jesuita, por lo que podemos pensar que otros textos m\u00e1s\ncomprometedores con la Compa\u00f1\u00eda hayan desaparecido. Es relevante que, desde su\nca\u00edda en desgracia, no se conserve ni una sola carta de Graci\u00e1n a sus amigos,\nque demostrar\u00eda su incomunicaci\u00f3n total con sus amistades. Solamente se le\nconceder\u00eda permiso para escribir al general de la orden, para quejarse de las penitencias sufridas en\nGraus. De esta carta solo conocemos la versi\u00f3n del general, quien se\u00f1alaba que\nGraci\u00e1n hab\u00eda sentido mucho las penitencias y ped\u00eda licencia para pasarse a\notra religi\u00f3n. Est\u00e1 claro que Graci\u00e1n estaba harto de sus \u00abpadrastros\u00bb y quer\u00eda\nperderlos de vista cuanto antes. Pero solo recibi\u00f3 el silencio por respuesta,\nde una compa\u00f1\u00eda que trat\u00f3 de hundirlo mental y f\u00edsicamente, de una manera poco\nhumana y menos a\u00fan cristiana.<\/p>\n\n\n\n<p>&nbsp;&nbsp;&nbsp;&nbsp;&nbsp;&nbsp;&nbsp;&nbsp;&nbsp;&nbsp;&nbsp; Pero Graci\u00e1n debi\u00f3 creer que hab\u00eda ganado al fin la\npartida. Se hab\u00eda salido con la suya, consiguiendo escribir y publicar la mayor\nparte de los libros que se hab\u00eda propuesto. Tambi\u00e9n debi\u00f3 contribuir a ello, el \u00e9xito literario cosechado\ny la esperanza de que, en siglos venideros, hombres m\u00e1s libres y m\u00e1s sabios pudieran\nreconocer sobradamente sus \u00e9xitos, pues lo sabio, como escribi\u00f3 Graci\u00e1n, es\neterno.<\/p>\n\n\n\n<p>&nbsp;&nbsp;&nbsp;&nbsp;&nbsp;&nbsp;&nbsp;&nbsp;&nbsp;&nbsp;&nbsp; <strong>Documentos\nconsultados<\/strong>:<\/p>\n\n\n\n<p>&nbsp;&nbsp;&nbsp;&nbsp;&nbsp;&nbsp;&nbsp;&nbsp;&nbsp;&nbsp;&nbsp; Archivo Municipal de Calatayud, <em>Libro de actas del Ayuntamiento de Calatayud<\/em>, 1916, Sig. 156.<\/p>\n\n\n\n<p>&nbsp;&nbsp;&nbsp;&nbsp;&nbsp;&nbsp;&nbsp;&nbsp;&nbsp;&nbsp;&nbsp; Las cartas de invitaci\u00f3n y agradecimiento, que ilustran\neste art\u00edculo, en el Archivo Municipal de Savi\u00f1\u00e1n.<\/p>\n","protected":false},"excerpt":{"rendered":"<p>Francisco Tobajas Gallego \u00a0\u00a0\u00a0\u00a0\u00a0\u00a0\u00a0\u00a0\u00a0\u00a0\u00a0 En la sesi\u00f3n del Ayuntamiento de Calatayud celebrada el 3 de mayo de 1916, el concejal Enciso informaba que el pueblo de Belmonte proyectaba para el pr\u00f3ximo mes de septiembre un homenaje a Baltasar Graci\u00e1n. Enciso &hellip; <a href=\"https:\/\/cebilbilitanos.com\/?p=2946\">Sigue leyendo <span class=\"meta-nav\">&rarr;<\/span><\/a><\/p>\n","protected":false},"author":1,"featured_media":2948,"comment_status":"closed","ping_status":"open","sticky":false,"template":"","format":"standard","meta":[],"categories":[23],"tags":[],"_links":{"self":[{"href":"https:\/\/cebilbilitanos.com\/index.php?rest_route=\/wp\/v2\/posts\/2946"}],"collection":[{"href":"https:\/\/cebilbilitanos.com\/index.php?rest_route=\/wp\/v2\/posts"}],"about":[{"href":"https:\/\/cebilbilitanos.com\/index.php?rest_route=\/wp\/v2\/types\/post"}],"author":[{"embeddable":true,"href":"https:\/\/cebilbilitanos.com\/index.php?rest_route=\/wp\/v2\/users\/1"}],"replies":[{"embeddable":true,"href":"https:\/\/cebilbilitanos.com\/index.php?rest_route=%2Fwp%2Fv2%2Fcomments&post=2946"}],"version-history":[{"count":1,"href":"https:\/\/cebilbilitanos.com\/index.php?rest_route=\/wp\/v2\/posts\/2946\/revisions"}],"predecessor-version":[{"id":2949,"href":"https:\/\/cebilbilitanos.com\/index.php?rest_route=\/wp\/v2\/posts\/2946\/revisions\/2949"}],"wp:featuredmedia":[{"embeddable":true,"href":"https:\/\/cebilbilitanos.com\/index.php?rest_route=\/wp\/v2\/media\/2948"}],"wp:attachment":[{"href":"https:\/\/cebilbilitanos.com\/index.php?rest_route=%2Fwp%2Fv2%2Fmedia&parent=2946"}],"wp:term":[{"taxonomy":"category","embeddable":true,"href":"https:\/\/cebilbilitanos.com\/index.php?rest_route=%2Fwp%2Fv2%2Fcategories&post=2946"},{"taxonomy":"post_tag","embeddable":true,"href":"https:\/\/cebilbilitanos.com\/index.php?rest_route=%2Fwp%2Fv2%2Ftags&post=2946"}],"curies":[{"name":"wp","href":"https:\/\/api.w.org\/{rel}","templated":true}]}}