{"id":2941,"date":"2022-03-31T15:06:41","date_gmt":"2022-03-31T13:06:41","guid":{"rendered":"http:\/\/cebilbilitanos.com\/?p=2941"},"modified":"2022-06-14T11:08:56","modified_gmt":"2022-06-14T09:08:56","slug":"reglamento-de-la-sociedad-circulo-democratico-popular-de-calatayud","status":"publish","type":"post","link":"https:\/\/cebilbilitanos.com\/?p=2941","title":{"rendered":"Reglamento de la sociedad C\u00edrculo Democr\u00e1tico Popular de Calatayud"},"content":{"rendered":"\n<p>CENTENARIO DEL NOMBRAMIENTO DE DAR\u00cdO P\u00c9REZ GARC\u00cdA  <br>COMO HIJO PREDILECTO DE CALATAYUD, 1922-2022 <\/p>\n\n\n\n<p><strong>REGLAMENTO DE LA SOCIEDAD <em>C\u00cdRCULO DEMOCR\u00c1TICO POPULAR<\/em><\/strong> <br><strong>DE CALATAYUD<\/strong> <\/p>\n\n\n\n<p>Francisco Tobajas\nGallego<\/p>\n\n\n\n<p>&nbsp;&nbsp;&nbsp;&nbsp;&nbsp;&nbsp;&nbsp;&nbsp;&nbsp;&nbsp;&nbsp; <strong>Dar\u00edo P\u00e9rez Garc\u00eda<\/strong>\n(1861-1945), particip\u00f3 activamente desde muy joven en la vida social y pol\u00edtica\nde Calatayud. En 1882 lo vemos ya firmando como secretario de la sociedad\ndenominada <em>C\u00edrculo Democr\u00e1tico Popular<\/em>,\nque recog\u00eda el testigo del <em>C\u00edrculo\nAgr\u00edcola, Industrial y Mercantil<\/em>. Como su nombre indica, este <em>C\u00edrculo Democr\u00e1tico Popular<\/em> era de\ntendencia democr\u00e1tico-republicana. Veremos en el reglamento que las juntas generales\nse celebraban anualmente el 11 de febrero, que coincide con la fecha de la\nproclamaci\u00f3n de la Primera Rep\u00fablica Espa\u00f1ola en 1873. El 5 de marzo, fecha\nse\u00f1alada para que la Junta Directiva presentara el presupuesto anual, coincide\ncon la llamada <em>cincomarzada<\/em>, d\u00eda en\nque hab\u00eda tenido lugar en Zaragoza un enfrentamiento entre isabelinos y\ncarlistas en 1838. Al a\u00f1o siguiente, el Ayuntamiento de Zaragoza declarar\u00eda\neste d\u00eda como festivo.<\/p>\n\n\n\n<p>&nbsp;&nbsp;&nbsp;&nbsp;&nbsp;&nbsp;&nbsp;&nbsp;&nbsp;&nbsp;&nbsp; Seg\u00fan el <em>Anuario de\ncomercio, de la industria, de la agricultura y de la administraci\u00f3n<\/em> de\n1881, Calatayud contaba con 11.299 habitantes. Se editaba un peri\u00f3dico diario, el\n<em>Diario de Avisos y Noticias<\/em>, que no recoge\nla <em>Historia de la prensa aragonesa<\/em>,\nde Eloy Fern\u00e1ndez Clemente y Carlos Forcadell. Entonces era alcalde Juan\nFrancisco Sancho de Lezcano y teniente de alcalde Alejandro P\u00e9rez Cubero, padre\nde Dar\u00edo P\u00e9rez Garc\u00eda. Este \u00faltimo dato no es cierto. Alejandro P\u00e9rez Cubero\nresult\u00f3 elegido concejal en febrero de 1877, por el colegio de la Casa\nConsistorial, obteniendo 134 votos. Tom\u00f3 el cargo el 1 de marzo de 1877 como\nprimer regidor, por el n\u00famero de votos obtenido, que fue el mismo que obtuvo Raimundo\nGaspar L\u00f3pez, que fue nombrado alcalde.<\/p>\n\n\n\n<p>&nbsp;&nbsp;&nbsp;&nbsp;&nbsp;&nbsp;&nbsp;&nbsp;&nbsp;&nbsp;&nbsp; En la sesi\u00f3n del Ayuntamiento de Calatayud celebrada el 6\nde mayo de 1881, visto el informe del maestro de obras y de la comisi\u00f3n del\nramo, se acordar\u00eda conceder a Alejandro P\u00e9rez la licencia para continuar las\nobras de su f\u00e1brica de harinas, situada en la Barrera de Marcial, sujet\u00e1ndose\nal plano de fachada que acompa\u00f1aba a la instancia.<\/p>\n\n\n\n<p>El\n8 de septiembre de 1881 se fundar\u00eda el Colegio de Santa Ana. <\/p>\n\n\n\n<p>Seg\u00fan\nel <em>Anuario<\/em>, en 1882 se publicaba <em>El Eco de Calatayud<\/em>, peri\u00f3dico\ndemocr\u00e1tico. En este mismo a\u00f1o un concejal ped\u00eda que se corrigiera la costumbre\nde jugar a la estornija en calles, plazas y paseos p\u00fablicos. Varios vecinos del\nbarrio de las Tener\u00edas denunciaban tambi\u00e9n frecuentes esc\u00e1ndalos, producidos\npor una casa de prostituci\u00f3n, situada en el postigo de esta calle. <\/p>\n\n\n\n<p>En\n1883 se publicaba <em>El Eco Bilbilitano<\/em>,\nperi\u00f3dico democr\u00e1tico, en el que colaboraba Dar\u00edo P\u00e9rez en el n\u00famero del 19 de\nnoviembre. En 1884 este diario ten\u00eda la redacci\u00f3n, administraci\u00f3n e imprenta en\nla plaza de San Torcuato, en el antiguo convento de las descalzas. Para que\ntocaran las noches del 7, 8, 9 y 10 de septiembre de 1884, el presidente del\nayuntamiento hab\u00eda tratado con las bandas de m\u00fasica <em>La Uni\u00f3n<\/em> y la <em>Filarm\u00f3nica<\/em>,\nque ped\u00edan cuatro duros por hora cada una. A principios de agosto de este mismo\na\u00f1o, varios vecinos de la plaza de San Marcos ped\u00edan al ayuntamiento la\nclausura de una casa de meretrices, que estaba establecida en el barrio.<\/p>\n\n\n\n<p>Ya\nen 1886, el <em>Anuario <\/em>se\u00f1alaba la\npublicaci\u00f3n en Calatayud de <em>La Comarca<\/em>,\ndiario liberal, <em>El Chiquit\u00edn de la Casa<\/em>,\nel <em>Diario de Avisos y Noticias<\/em>, <em>El Eco de Calatayud<\/em> y <em>El Federalista<\/em>. El 1888 se publicaban el\n<em>Diario de Avisos y Noticias<\/em>, <em>Las Noticias<\/em> y <em>La Lucha<\/em>, diario republicano, que dar\u00eda paso a <em>La Justicia<\/em> (1888-1936). <\/p>\n\n\n\n<p>El\n3 de enero de 1886 se aprobar\u00eda el reglamento del <em>C\u00edrculo Cat\u00f3lico de Obreros<\/em> de Calatayud, que estaba organizado en\ncuatro apartados: beneficios de ense\u00f1anza, socorros, econom\u00eda y espirituales.\nEntrar\u00eda en funcionamiento el 25 de marzo de 1886, siendo su primer presidente\nJuan Blas y Ubide.<\/p>\n\n\n\n<p>En\nel <em>Anuario<\/em> de 1888 se citaba a la <em>Sociedad Bilbilitana<\/em>, de la que era\npresidente R. Gaspar y secretario P. Zabalo. En 1894, y seg\u00fan el mismo <em>Anuario<\/em>, la ciudad contaba con otros casinos:\nEl <em>Ateneo<\/em>, del que era presidente\nMelchor Llanas, el <em>Bilbilitano<\/em>, bajo\nla presidencia del Fulgencio Berm\u00fadez, el <em>Centro\nFederal<\/em>, que presid\u00eda Dar\u00edo P\u00e9rez, y el de <em>Labradores<\/em>, del que era presidente Pascual Blas. En este a\u00f1o se\nanunciaban el <em>Caf\u00e9 Bilbilitano<\/em>, el <em>New York<\/em> y el <em>Universal<\/em>. Siendo concejal Vicente Mochales en 1881, ped\u00eda que los\ndependientes del ayuntamiento vigilaran a los clientes de caf\u00e9s y casinos de la\nR\u00faa, a la salida de estos locales, sobre todo los d\u00edas festivos, porque se\norinaban en las aceras, haciendo que fueran intransitables. Este mismo a\u00f1o,\nMochales ped\u00eda tambi\u00e9n evitar los alborotos de los estudiantes, cuando entraban\ny sal\u00edan de las clases, en las plazas de la Correa, San Ant\u00f3n y San Francisco.\nEn 1882 solicitaba vigilancia adem\u00e1s para ciertas casas, sobre todo en d\u00edas\nfestivos, debido a los alborotos, y en otras casas de juego, donde se\nincumpl\u00edan las leyes. En 1882 y 1884 Mochales volvi\u00f3 a reiterarse en su\npropuesta, pidiendo que el alguacil mayor vigilara la salida de los caf\u00e9s, para\ncorregir esta mala costumbre de orinar en las aceras.<\/p>\n\n\n\n<p>En 1898 el <em>Anuario<\/em> citaba <em>La Justicia<\/em> y <em>El Diario de Calatayud<\/em>, con sus respectivas imprentas, y la <em>Sociedad Uni\u00f3n Filarm\u00f3nica<\/em>, que presid\u00eda Jos\u00e9 Mar\u00eda Pardos.<\/p>\n\n\n\n<figure class=\"wp-block-image\"><img decoding=\"async\" loading=\"lazy\" width=\"1024\" height=\"665\" src=\"http:\/\/cebilbilitanos.com\/wp-content\/uploads\/2022\/03\/REGLAMENTO-1-1024x665.jpg\" alt=\"\" class=\"wp-image-2942\" srcset=\"https:\/\/cebilbilitanos.com\/wp-content\/uploads\/2022\/03\/REGLAMENTO-1-1024x665.jpg 1024w, https:\/\/cebilbilitanos.com\/wp-content\/uploads\/2022\/03\/REGLAMENTO-1-300x195.jpg 300w, https:\/\/cebilbilitanos.com\/wp-content\/uploads\/2022\/03\/REGLAMENTO-1-768x499.jpg 768w\" sizes=\"(max-width: 1024px) 100vw, 1024px\" \/><\/figure>\n\n\n\n<p> <strong>Reglamento<\/strong>. El reglamento del <em>C\u00edrculo Democr\u00e1tico Popular<\/em> es un manuscrito de 44 cent\u00edmetros de ancho por 31,5 cent\u00edmetros de largo. Lo componen cuatro hojas, dobladas por la mitad, en forma de cuadernillo, cosido en la margen izquierda. Una hoja hace de portada y contraportada y las tres restantes, escritas por ambas caras, recogen los treinta y dos art\u00edculos del reglamento, distribuidos en siete cap\u00edtulos, con tres disposiciones transitorias. La primera hoja, en el \u00e1ngulo superior derecho, lleva un timbre m\u00f3vil de 10 c\u00e9ntimos del a\u00f1o 1882. <\/p>\n\n\n\n<figure class=\"wp-block-image\"><img decoding=\"async\" loading=\"lazy\" width=\"1024\" height=\"607\" src=\"http:\/\/cebilbilitanos.com\/wp-content\/uploads\/2022\/03\/REGLAMENTO-2-1024x607.jpg\" alt=\"\" class=\"wp-image-2943\" srcset=\"https:\/\/cebilbilitanos.com\/wp-content\/uploads\/2022\/03\/REGLAMENTO-2-1024x607.jpg 1024w, https:\/\/cebilbilitanos.com\/wp-content\/uploads\/2022\/03\/REGLAMENTO-2-300x178.jpg 300w, https:\/\/cebilbilitanos.com\/wp-content\/uploads\/2022\/03\/REGLAMENTO-2-768x455.jpg 768w\" sizes=\"(max-width: 1024px) 100vw, 1024px\" \/><\/figure>\n\n\n\n<p>&nbsp;&nbsp;&nbsp;&nbsp;&nbsp;&nbsp;&nbsp;&nbsp;&nbsp;&nbsp;&nbsp; Este reglamento se\u00f1alaba que la sociedad <em>C\u00edrculo Democr\u00e1tico Popular<\/em> de Calatayud,\nera una asociaci\u00f3n destinada al recreo y libre comunicaci\u00f3n de sus asociados,\nque a la vez trataba de difundir conocimientos pol\u00edticos y cient\u00edficos. Con\neste objeto, el c\u00edrculo celebrar\u00eda sesiones y conferencias privadas y p\u00fablicas,\nsobre temas pol\u00edticos, cient\u00edficos y referentes a artes y oficios. La elecci\u00f3n\nde estos temas ser\u00eda libre, entre los socios que quisieran tomar parte en las\nconferencias.<\/p>\n\n\n\n<p>El\nc\u00edrculo contar\u00eda con una Junta Directiva, compuesta de un presidente, un\nvicepresidente, dos secretarios y cuatro consiliarios o vocales, uno de ellos actuar\u00eda\ncomo depositario. Esta junta ser\u00eda elegida en Junta General en sesi\u00f3n\nextraordinaria, que se celebrar\u00eda el d\u00eda 11 de febrero de cada a\u00f1o.<\/p>\n\n\n\n<p>El\nc\u00edrculo contar\u00eda con dependientes, peri\u00f3dicos, revistas, muebles y utensilios\npara el servicio de los socios. El 5 de marzo, la Junta Directiva presentar\u00eda a\nexamen y aprobaci\u00f3n de la Junta General los presupuestos anuales, sin cuyo\nrequisito no podr\u00eda efectuarse ning\u00fan gasto.<\/p>\n\n\n\n<p>Todos\nlos socios del c\u00edrculo ten\u00edan iguales derechos, que daban facultad a tener voz\ny voto en las juntas generales, a tomar parte en las conferencias, y a usar y\nutilizar todos los efectos pertenecientes a la sociedad. No podr\u00edan gozar de\nestos derechos los socios morosos en la cuota mensual que se designara y los\nsocios que no pagaran la cuota de entrada, si as\u00ed lo decretaba el c\u00edrculo.\nTampoco tendr\u00edan voto en las juntas, ni podr\u00edan desempe\u00f1ar cargos en la Junta Directiva.<\/p>\n\n\n\n<p>El\nn\u00famero de socios ser\u00eda ilimitado. Deb\u00edan solicitar su ingreso por escrito a la\nJunta Directiva, firmando con el solicitante dos socios que respondieran de su\nconducta y antecedentes morales. Hecha la solicitud, la Junta Directiva, si no\nencontraba obst\u00e1culos en los informes que adquiera, acordar\u00eda la admisi\u00f3n del\ninteresado, expidiendo el correspondiente t\u00edtulo. <\/p>\n\n\n\n<p>Dejar\u00eda\nde ser socio aquel que, por tres meses consecutivos o no, dejara de pagar la\ncuota designada. Previa presentaci\u00f3n de los recibos no pagados por el conserje,\nel secretario har\u00eda constar en las listas del c\u00edrculo la exclusi\u00f3n del socio\nmoroso.<\/p>\n\n\n\n<p>Adem\u00e1s\nde las juntas generales, que se celebrar\u00edan anualmente cada 11 de febrero, para\nla renovaci\u00f3n de cargos de la directiva, y el 5 de marzo para la aprobaci\u00f3n de\nlos presupuestos, podr\u00edan celebrarse juntas extraordinarias, por iniciativa de\nla Junta Directiva, o por petici\u00f3n de una docena de socios, acompa\u00f1ada de la\nproposici\u00f3n o proposiciones que hubieran de someterse a la deliberaci\u00f3n de la junta.\nEn este \u00faltimo caso, la Junta Directiva ten\u00eda obligaci\u00f3n de hacer la\nconvocatoria en el t\u00e9rmino de cuarenta y ocho horas, despu\u00e9s de presentar la\npetici\u00f3n en secretar\u00eda.<\/p>\n\n\n\n<p>Las\nproposiciones presentadas en las juntas generales ser\u00edan defendidas por uno de\nsus autores y, una vez discutidas, se aprobar\u00edan o se desechar\u00edan en votaci\u00f3n\nordinaria o nominal, siempre que hubiera socios que lo pidieran.<\/p>\n\n\n\n<p>Los\nacuerdos de la Junta General ser\u00edan v\u00e1lidos, si hubieran sido adoptados por\nmayor\u00eda absoluta de los asistentes a la sesi\u00f3n. La Junta Directiva ser\u00eda\nelegida, en votaci\u00f3n p\u00fablica y por papeleta firmada, el d\u00eda 11 de febrero de\ncada a\u00f1o, tomando posesi\u00f3n de sus cargos tan pronto como fuese nombrada.<\/p>\n\n\n\n<p>Formar\u00eda\ny presentar\u00eda para el d\u00eda 5 de marzo siguiente al de su nombramiento, el\npresupuesto del a\u00f1o, para su examen y aprobaci\u00f3n de la Junta General,\nproponiendo adem\u00e1s los servicios generales que considerara convenientes a la\nsociedad.<\/p>\n\n\n\n<p>Tendr\u00eda\nobligaci\u00f3n de celebrar sesi\u00f3n ordinaria a primeros de cada mes, para aprobar\nlas cuentas del anterior, ordenar que se expusieran al p\u00fablico para\nconocimiento de los socios y hacer la distribuci\u00f3n de fondos del mes en curso.<\/p>\n\n\n\n<p>La\nJunta Directiva, de acuerdo con los encargados de dar conferencias, determinar\u00eda\ncon la anterioridad debida los d\u00edas y horas en que hubieran de tener lugar. No\npermitir\u00eda que, sin su autorizaci\u00f3n, tuviera lugar ninguna lecci\u00f3n o\nconferencia, debiendo presentar en la Junta General del 11 de febrero, un\nresumen de los trabajos llevados a cabo durante el a\u00f1o de su ejercicio. La Junta\nDirectiva determinar\u00eda las horas que hubieran de estar abiertas las\ndependencias del c\u00edrculo.<\/p>\n\n\n\n<p>Los\ncargos de la Junta Directiva ser\u00edan obligatorios y solo podr\u00edan excusarse los\nque resultaran reelegidos, sin haber mediado un a\u00f1o por lo menos.<\/p>\n\n\n\n<p>El\npresidente dirigir\u00eda todos los actos p\u00fablicos y privados del c\u00edrculo,\nostentando la representaci\u00f3n de todos los asociados. Autorizar\u00eda todos los\ndocumentos y tendr\u00eda siempre en las conferencias un puesto de honor, a la\nderecha del profesor.<\/p>\n\n\n\n<p>El\nvicepresidente sustituir\u00eda al presidente en sus ausencias y enfermedades,\nejerciendo todas sus atribuciones. Los consiliarios o vocales, en orden al\nn\u00famero de votos obtenidos, sustituir\u00edan al vicepresidente.<\/p>\n\n\n\n<p>Los\ndos secretarios, quienes se pondr\u00edan de acuerdo en los turnos, deb\u00edan redactar\nlas actas de las sesiones de la Junta Directiva y de la General, dar\u00edan cuenta &nbsp;de los asuntos tratados en cada sesi\u00f3n y\nfirmar\u00edan con el presidente todos los documentos relativos al c\u00edrculo. Intervendr\u00edan\ny formular\u00edan todas las cuentas de la sociedad, expedir\u00edan los libramientos de\ngastos, dar\u00edan forma a los presupuestos ordinarios y extraordinarios, que presentara\nla Junta Directiva, reunir\u00edan los datos necesarios para el resumen anual para la\nJunta General, apuntando las altas y bajas de socios y autorizando los recibos\nde las cuotas mensuales.<\/p>\n\n\n\n<p>Los\nconsiliarios o vocales deb\u00edan asistir a las sesiones de la Junta Directiva,\ncomo miembros de ella, cuidando del orden y decoro de la sociedad. El\nconsiliario nombrado por la Junta Directiva, ser\u00eda el depositario de todos los\nfondos de la sociedad, cualquiera que fuese su procedencia. El vocal\ndepositario ser\u00eda responsable de las cantidades que invirtiera, sin libramiento\nfirmado por uno de los secretarios y el visto bueno del presidente.<\/p>\n\n\n\n<p>Entre\nlas disposiciones transitorias se a\u00f1ad\u00eda que la sociedad llamada <em>C\u00edrculo Democr\u00e1tico Popular<\/em>, era la\nmisma antes denominada <em>C\u00edrculo Agr\u00edcola,\nIndustrial y Mercantil<\/em>, recogiendo todas sus obligaciones, deudas y\ncr\u00e9ditos. La Junta Directiva del C\u00edrculo quedaba facultada para cobrar a los\nsocios morosos por todos los medios legales. Cuando la Junta Directiva diera\ncuenta de la aprobaci\u00f3n de los estatutos por la superioridad, acordar\u00eda la\nredacci\u00f3n de un reglamento interno, relativo a la designaci\u00f3n de cuota de\nentrada, escala de cuotas, socios que se consideraran activos o pasivos,\nobligaciones del conserje y dependientes, bailes y conciertos que hubieran de\ncelebrarse, etc., as\u00ed como para el mejor orden de la celebraci\u00f3n de sus conferencias.<\/p>\n\n\n\n<p>Firmaban\neste reglamento el 7 de noviembre de 1882, en Calatayud, Le\u00f3n Caballero,\npresidente, I\u00f1igo Lozano, vicepresidente, Juan Fanlo, depositario, y Dar\u00edo\nP\u00e9rez, secretario.<\/p>\n","protected":false},"excerpt":{"rendered":"<p>CENTENARIO DEL NOMBRAMIENTO DE DAR\u00cdO P\u00c9REZ GARC\u00cdA COMO HIJO PREDILECTO DE CALATAYUD, 1922-2022 REGLAMENTO DE LA SOCIEDAD C\u00cdRCULO DEMOCR\u00c1TICO POPULAR DE CALATAYUD Francisco Tobajas Gallego &nbsp;&nbsp;&nbsp;&nbsp;&nbsp;&nbsp;&nbsp;&nbsp;&nbsp;&nbsp;&nbsp; Dar\u00edo P\u00e9rez Garc\u00eda (1861-1945), particip\u00f3 activamente desde muy joven en la vida social y &hellip; <a href=\"https:\/\/cebilbilitanos.com\/?p=2941\">Sigue leyendo <span class=\"meta-nav\">&rarr;<\/span><\/a><\/p>\n","protected":false},"author":1,"featured_media":0,"comment_status":"closed","ping_status":"open","sticky":false,"template":"","format":"standard","meta":[],"categories":[23],"tags":[26,71],"_links":{"self":[{"href":"https:\/\/cebilbilitanos.com\/index.php?rest_route=\/wp\/v2\/posts\/2941"}],"collection":[{"href":"https:\/\/cebilbilitanos.com\/index.php?rest_route=\/wp\/v2\/posts"}],"about":[{"href":"https:\/\/cebilbilitanos.com\/index.php?rest_route=\/wp\/v2\/types\/post"}],"author":[{"embeddable":true,"href":"https:\/\/cebilbilitanos.com\/index.php?rest_route=\/wp\/v2\/users\/1"}],"replies":[{"embeddable":true,"href":"https:\/\/cebilbilitanos.com\/index.php?rest_route=%2Fwp%2Fv2%2Fcomments&post=2941"}],"version-history":[{"count":1,"href":"https:\/\/cebilbilitanos.com\/index.php?rest_route=\/wp\/v2\/posts\/2941\/revisions"}],"predecessor-version":[{"id":2944,"href":"https:\/\/cebilbilitanos.com\/index.php?rest_route=\/wp\/v2\/posts\/2941\/revisions\/2944"}],"wp:attachment":[{"href":"https:\/\/cebilbilitanos.com\/index.php?rest_route=%2Fwp%2Fv2%2Fmedia&parent=2941"}],"wp:term":[{"taxonomy":"category","embeddable":true,"href":"https:\/\/cebilbilitanos.com\/index.php?rest_route=%2Fwp%2Fv2%2Fcategories&post=2941"},{"taxonomy":"post_tag","embeddable":true,"href":"https:\/\/cebilbilitanos.com\/index.php?rest_route=%2Fwp%2Fv2%2Ftags&post=2941"}],"curies":[{"name":"wp","href":"https:\/\/api.w.org\/{rel}","templated":true}]}}