{"id":2936,"date":"2022-02-18T10:29:00","date_gmt":"2022-02-18T09:29:00","guid":{"rendered":"http:\/\/cebilbilitanos.com\/?p=2936"},"modified":"2022-02-18T10:29:00","modified_gmt":"2022-02-18T09:29:00","slug":"nuevas-noticias-sobre-el-retablo-mayor-de-la-parroquia-de-paracuellos-de-la-ribera","status":"publish","type":"post","link":"https:\/\/cebilbilitanos.com\/?p=2936","title":{"rendered":"Nuevas noticias sobre el retablo mayor de la parroquia de Paracuellos de la Ribera"},"content":{"rendered":"\n<p>Francisco Tobajas\nGallego<\/p>\n\n\n\n<p>\u00a0\u00a0\u00a0\u00a0\u00a0\u00a0\u00a0\u00a0\u00a0\u00a0\u00a0 Conocemos algunas noticias de la iglesia de San Pedro Ap\u00f3stol de Paracuellos de la Ribera por el <em>Cat\u00e1logo Monumental de Espa\u00f1a<\/em> de 1957, debido a Francisco Abbad R\u00edos. En el<em> X Simposio Internacional de Mudejarismo<\/em>, celebrado en Teruel en 2005, Agust\u00edn Sanmiguel y Ana Isabel P\u00e9triz presentaron una comunicaci\u00f3n dedicada a esta iglesia mud\u00e9jar. Algunos datos m\u00e1s, sobre im\u00e1genes y retablos, nos ofrece Jes\u00fas Criado en su libro publicado por el Centro de Estudios Bilbilitanos en 2013, dedicado a <em>La escultura romanista en la Comarca de la Comunidad de Calatayud y su \u00e1rea de influencia. 1589-1639<\/em>. En la p\u00e1gina de Arag\u00f3n mud\u00e9jar encontramos tambi\u00e9n informaci\u00f3n sobre esta iglesia, con una abundante galer\u00eda fotogr\u00e1fica.<\/p>\n\n\n\n<figure class=\"wp-block-image\"><img decoding=\"async\" loading=\"lazy\" width=\"683\" height=\"1024\" src=\"http:\/\/cebilbilitanos.com\/wp-content\/uploads\/2022\/02\/RETABLO-PARACUELLOS-683x1024.jpg\" alt=\"\" class=\"wp-image-2938\" srcset=\"https:\/\/cebilbilitanos.com\/wp-content\/uploads\/2022\/02\/RETABLO-PARACUELLOS-683x1024.jpg 683w, https:\/\/cebilbilitanos.com\/wp-content\/uploads\/2022\/02\/RETABLO-PARACUELLOS-200x300.jpg 200w, https:\/\/cebilbilitanos.com\/wp-content\/uploads\/2022\/02\/RETABLO-PARACUELLOS-768x1152.jpg 768w, https:\/\/cebilbilitanos.com\/wp-content\/uploads\/2022\/02\/RETABLO-PARACUELLOS.jpg 800w\" sizes=\"(max-width: 683px) 100vw, 683px\" \/><figcaption>Iglesia de San Pedro Ap\u00f3stol, Paracuellos de la Ribera. (Zaragoza)<\/figcaption><\/figure>\n\n\n\n<p>&nbsp;&nbsp;&nbsp;&nbsp;&nbsp;&nbsp;&nbsp;&nbsp;&nbsp;&nbsp;&nbsp; Abbad R\u00edos se\u00f1alaba que el retablo mayor de esta\nparroquia, barroco con columnas salom\u00f3nicas y en madera de su color, era muy\nsemejante al de Villarroya de la Sierra, debido al escultor Bernardo Ib\u00e1\u00f1ez y a\nsu hijo Juan, que lo llevaron a cabo entre 1674 y 1678, siguiendo la traza del\narquitecto Jos\u00e9 de Torres R. Carretero Calvo y A. S\u00e1nchez\nIb\u00e1\u00f1ez, <em>El retablo mayor de San Pedro de\nlos Francos de Calatayud<\/em>, Centro de Estudios Bilbilitanos, 2019).<\/p>\n\n\n\n<p>Bernardo\nIb\u00e1\u00f1ez (1620-1678) era hijo del carpintero Miguel Ib\u00e1\u00f1ez y de Mar\u00eda Retor.\nAprendi\u00f3 el oficio en el taller de Bernardino Vililla por espacio de cinco\na\u00f1os, desde 1635 a 1640. En 1644 cas\u00f3 en primeras nupcias con Teresa Mart\u00ednez,\nsiendo padres de Juan Jer\u00f3nimo Ib\u00e1\u00f1ez, escultor, nacido en 1648. En 1651\ncontrajo segundas nupcias con Josefa del Villar, en la parroquia de San Andr\u00e9s\nde Calatayud, con la que tuvo seis hijos, entre ellos Jos\u00e9 Ib\u00e1\u00f1ez (1656),\npintor, Manuel Joaqu\u00edn Ib\u00e1\u00f1ez (1662), escultor, y Bernardo Ib\u00e1\u00f1ez (1665-1704),\ntambi\u00e9n escultor. Bernardo Ib\u00e1\u00f1ez Villar cas\u00f3 en tres ocasiones. La primera con\nJusepa Andr\u00e9s, la segunda con Isabel Castel y la tercera con Ana Terrer, siendo\npadres de tres hijos, que siguieron el oficio paterno: Ignacio (1696-1769),\nBernardo (1698) y Javier Ib\u00e1\u00f1ez Terrer (1700).<\/p>\n\n\n\n<p>En el Archivo Municipal de Calatayud hemos encontrado unas comandas del Capitulo Eclesi\u00e1stico de San Pedro Ap\u00f3stol y del Concejo de Paracuellos de la Ribera, a favor del escultor Bernardo Ib\u00e1\u00f1ez Villar, para la fabrica y trabajo de escultura del retablo de la parroquia de este lugar, que seguir\u00eda el modelo del retablo de Villarroya, \u00faltimo encargo de su padre. <\/p>\n\n\n\n<figure class=\"wp-block-image\"><img decoding=\"async\" loading=\"lazy\" width=\"1024\" height=\"438\" src=\"http:\/\/cebilbilitanos.com\/wp-content\/uploads\/2022\/02\/IMG_20220208_114246-2-1024x438.jpg\" alt=\"\" class=\"wp-image-2937\" srcset=\"https:\/\/cebilbilitanos.com\/wp-content\/uploads\/2022\/02\/IMG_20220208_114246-2-1024x438.jpg 1024w, https:\/\/cebilbilitanos.com\/wp-content\/uploads\/2022\/02\/IMG_20220208_114246-2-300x128.jpg 300w, https:\/\/cebilbilitanos.com\/wp-content\/uploads\/2022\/02\/IMG_20220208_114246-2-768x329.jpg 768w\" sizes=\"(max-width: 1024px) 100vw, 1024px\" \/><\/figure>\n\n\n\n<p>&nbsp;&nbsp;&nbsp;&nbsp;&nbsp;&nbsp;&nbsp;&nbsp;&nbsp;&nbsp;&nbsp; El 27 de mayo de 1688 y ante el notario Domingo Vililla,\nDomingo Carnicero y Juan Jer\u00f3nimo Roy, jurados, Manuel de Cuenca y Miguel\nCrespo, tenientes de jurado, Jos\u00e9 P\u00e9rez, almotazaf, Francisco Cerell\u00f3n, Manuel\nLozano, Ignacio de Moros y Juan Ber\u00f3n, jurados, oficiales y regidores del\nConcejo de Paracuellos de la Ribera, otorgaban tener en comanda de Bernardo\nIb\u00e1\u00f1ez, escultor y vecino de Calatayud, 1.984 sueldos.<\/p>\n\n\n\n<p>El\nmismo d\u00eda Bernardo Ib\u00e1\u00f1ez, hallado en Paracuellos de la Ribera, habiendo\najustado con el vicario, Cap\u00edtulo eclesi\u00e1stico, jurados y Concejo de ese lugar,\nla fabrica y trabajo de escultura del retablo mayor para la parroquia de San\nPedro Ap\u00f3stol, en el modo, forma, tiempo y manera que deb\u00eda llevarlo a cabo,\naceptaba que le pagaran estos 1.984 sueldos en cinco a\u00f1os, en diez pagas\niguales, en los d\u00edas de San Miguel de septiembre de ese mismo a\u00f1o de 1688 y\nPascua de Resurrecci\u00f3n de 1689, y as\u00ed en adelante hasta el pago de aquella\ncantidad.&nbsp; <\/p>\n\n\n\n<p>El\nmismo d\u00eda Pedro Jos\u00e9 Fern\u00e1ndez de Moros y Pozo, domiciliado en Calatayud y\nhallado en Paracuellos, mos\u00e9n Miguel Vela, vicario, mos\u00e9n Jer\u00f3nimo Cazcarro,\nmos\u00e9n Jos\u00e9 Moracho, mos\u00e9n Pedro Lorente y mos\u00e9n Roque Hernando, presb\u00edteros y\nsirvientes de los servicios y rentas de la iglesia parroquial de Paracuellos de\nla Ribera, otorgaban tener en comanda del escultor Bernardo Ib\u00e1\u00f1ez 3.840\nsueldos.<\/p>\n\n\n\n<p>Bernardo\nIb\u00e1\u00f1ez declaraba que Pedro Jos\u00e9 Fern\u00e1ndez de Moros deb\u00eda pagarle, por raz\u00f3n de\nesta comanda, 800 sueldos, mos\u00e9n Miguel Vela 640 sueldos, mos\u00e9n Jer\u00f3nimo\nCazcarro 800 sueldos, mos\u00e9n Jos\u00e9 Moracho 640 sueldos, mos\u00e9n Pedro Lorente 640\nsueldos y mos\u00e9n Roque Hernando 320 sueldos. Les daba cinco a\u00f1os de tiempo para\npagarle, en cinco pagas iguales. A mos\u00e9n Pedro Lorente le daba de plazo un a\u00f1o\nm\u00e1s. La primera paga ser\u00eda para el d\u00eda de San Miguel de septiembre de 1688.<\/p>\n\n\n\n<p>El\nmismo d\u00eda Bernardo Ib\u00e1\u00f1ez, escultor, y Jos\u00e9 Ib\u00e1\u00f1ez, mancebo pintor, vecinos de\nCalatayud y hallados en Paracuellos, este \u00faltimo como procurador leg\u00edtimo de\nJos\u00e9 Pebrete, mercader vecino de Calatayud, mediante poder hecho ante Juan\nAntonio de Rada, el 26 de mayo de aquel mismo a\u00f1o, otorgaban tener en comanda\ndel vicario, Cap\u00edtulo de San Pedro Ap\u00f3stol, jurados y Concejo de Paracuellos de\nla Ribera, 8.000 sueldos, obligando sus personas y bienes.<\/p>\n","protected":false},"excerpt":{"rendered":"<p>Francisco Tobajas Gallego \u00a0\u00a0\u00a0\u00a0\u00a0\u00a0\u00a0\u00a0\u00a0\u00a0\u00a0 Conocemos algunas noticias de la iglesia de San Pedro Ap\u00f3stol de Paracuellos de la Ribera por el Cat\u00e1logo Monumental de Espa\u00f1a de 1957, debido a Francisco Abbad R\u00edos. En el X Simposio Internacional de Mudejarismo, celebrado &hellip; <a href=\"https:\/\/cebilbilitanos.com\/?p=2936\">Sigue leyendo <span class=\"meta-nav\">&rarr;<\/span><\/a><\/p>\n","protected":false},"author":1,"featured_media":0,"comment_status":"closed","ping_status":"open","sticky":false,"template":"","format":"standard","meta":[],"categories":[23],"tags":[14,24,17],"_links":{"self":[{"href":"https:\/\/cebilbilitanos.com\/index.php?rest_route=\/wp\/v2\/posts\/2936"}],"collection":[{"href":"https:\/\/cebilbilitanos.com\/index.php?rest_route=\/wp\/v2\/posts"}],"about":[{"href":"https:\/\/cebilbilitanos.com\/index.php?rest_route=\/wp\/v2\/types\/post"}],"author":[{"embeddable":true,"href":"https:\/\/cebilbilitanos.com\/index.php?rest_route=\/wp\/v2\/users\/1"}],"replies":[{"embeddable":true,"href":"https:\/\/cebilbilitanos.com\/index.php?rest_route=%2Fwp%2Fv2%2Fcomments&post=2936"}],"version-history":[{"count":1,"href":"https:\/\/cebilbilitanos.com\/index.php?rest_route=\/wp\/v2\/posts\/2936\/revisions"}],"predecessor-version":[{"id":2939,"href":"https:\/\/cebilbilitanos.com\/index.php?rest_route=\/wp\/v2\/posts\/2936\/revisions\/2939"}],"wp:attachment":[{"href":"https:\/\/cebilbilitanos.com\/index.php?rest_route=%2Fwp%2Fv2%2Fmedia&parent=2936"}],"wp:term":[{"taxonomy":"category","embeddable":true,"href":"https:\/\/cebilbilitanos.com\/index.php?rest_route=%2Fwp%2Fv2%2Fcategories&post=2936"},{"taxonomy":"post_tag","embeddable":true,"href":"https:\/\/cebilbilitanos.com\/index.php?rest_route=%2Fwp%2Fv2%2Ftags&post=2936"}],"curies":[{"name":"wp","href":"https:\/\/api.w.org\/{rel}","templated":true}]}}