{"id":2931,"date":"2022-02-02T08:41:09","date_gmt":"2022-02-02T07:41:09","guid":{"rendered":"http:\/\/cebilbilitanos.com\/?p=2931"},"modified":"2022-06-14T11:08:28","modified_gmt":"2022-06-14T09:08:28","slug":"dario-perez-garcia-en-su-centenario","status":"publish","type":"post","link":"https:\/\/cebilbilitanos.com\/?p=2931","title":{"rendered":"Dar\u00edo P\u00e9rez Garc\u00eda en su centenario"},"content":{"rendered":"\n<p>Francisco Tobajas Gallego<\/p>\n\n\n\n<p>\u00a0\u00a0\u00a0\u00a0\u00a0\u00a0\u00a0\u00a0\u00a0\u00a0\u00a0 En la sesi\u00f3n celebrada por el Ayuntamiento de Calatayud el 11 de octubre de 1922 se acord\u00f3 nombrar hijo predilecto de la ciudad a Dar\u00edo P\u00e9rez Garc\u00eda, diputado a Cortes por este distrito, por los favores alcanzados recientemente. Tambi\u00e9n se acord\u00f3 que una comisi\u00f3n del ayuntamiento se trasladara a Alhama de Arag\u00f3n, para testimoniarle la gratitud de la corporaci\u00f3n. En la siguiente sesi\u00f3n se ratific\u00f3 este acuerdo, traslad\u00e1ndose el nombramiento a un art\u00edstico pergamino, que se le entregar\u00eda solemnemente. Igualmente se acord\u00f3 que su retrato se colocara en el despacho de la alcald\u00eda, para pasar, una vez fallecido, al sal\u00f3n de sesiones.<\/p>\n\n\n\n<div class=\"wp-block-image\"><figure class=\"aligncenter\"><img decoding=\"async\" loading=\"lazy\" width=\"294\" height=\"400\" src=\"http:\/\/cebilbilitanos.com\/wp-content\/uploads\/2022\/02\/Dar\u00edo_P\u00e9rez_Garc\u00eda.jpg\" alt=\"\" class=\"wp-image-2932\" srcset=\"https:\/\/cebilbilitanos.com\/wp-content\/uploads\/2022\/02\/Dar\u00edo_P\u00e9rez_Garc\u00eda.jpg 294w, https:\/\/cebilbilitanos.com\/wp-content\/uploads\/2022\/02\/Dar\u00edo_P\u00e9rez_Garc\u00eda-221x300.jpg 221w\" sizes=\"(max-width: 294px) 100vw, 294px\" \/><\/figure><\/div>\n\n\n\n<p>Jos\u00e9\nMar\u00eda Rubio Vergara recibi\u00f3 el encargo de realizar el retrato de Dar\u00edo P\u00e9rez.\nSe trata de una vista de la ciudad, tomada desde el santuario de la Virgen de\nla Pe\u00f1a, con el escudo de la ciudad colocado en la parte superior izquierda y,\na la derecha, el retrato de Dar\u00edo P\u00e9rez enmarcado en una orla. En la parte\ninferior del retrato se puede leer una leyenda que dice: \u00abEl Excelent\u00edsimo\nAyuntamiento de Calatayud, dedic\u00f3 este peque\u00f1o recuerdo en honor de su hijo\npredilecto D. Dar\u00edo P\u00e9rez, el m\u00e1s humilde de sus vecinos, pero gran entusiasta\nde las glorias de B\u00edlbilis y de los hombres que la enardecen, I-VIII-MCMXXIII\u00bb.\n<\/p>\n\n\n\n<p>Sergio Zapater\u00eda, en su libro <em>Calatayud estrena siglo<\/em> (1992), escrib\u00eda que este cuadro, colocado en su momento en el ayuntamiento, hab\u00eda desaparecido de su emplazamiento, ignorando su destino. En el semanario <em>La Comarca<\/em> apareci\u00f3 una noticia el 28 de abril del a\u00f1o 2000 referida a este cuadro. El semanario informaba que el Ayuntamiento de Calatayud hab\u00eda cedido este retrato de Dar\u00edo P\u00e9rez a la Asociaci\u00f3n Cultural La Dolores, para que fuera expuesto en el museo situado en las bodegas del mes\u00f3n. Seg\u00fan informaba este semanario, el cuadro hab\u00eda permanecido durante d\u00e9cadas en uno de los despachos de la planta calle de la Casa Consistorial de la Plaza Costa.<\/p>\n\n\n\n<p>Con\nmotivo del centenario del nombramiento de Dar\u00edo P\u00e9rez como hijo predilecto de\nCalatayud, habr\u00eda que cumplir el acuerdo municipal tomado en 1922 y el cuadro de\nJos\u00e9 Mar\u00eda Rubio deber\u00eda pasar a la galer\u00eda de retratos de Bilbilitanos Ilustres.<\/p>\n\n\n\n<p>&nbsp;&nbsp;&nbsp;&nbsp;&nbsp;&nbsp;&nbsp;&nbsp;&nbsp;&nbsp;&nbsp; Con motivo del 75\u00ba Aniversario del\nI.E.S. Emilio Jimeno, celebrado en 2011, Mariano Amada Cinto, catedr\u00e1tico de\nGeograf\u00eda e Historia en el Instituto Goya de Zaragoza, imparti\u00f3 una conferencia\ndedicada a Dar\u00edo P\u00e9rez, que hab\u00eda sido impulsor de la antigua Escuela Elemental\nde Trabajo, luego convertida en el I.E.S. Emilio Jimeno, reconstruyendo su\nbiograf\u00eda a trav\u00e9s de recortes de prensa. En ella se\u00f1alaba que las fechas\nbiogr\u00e1ficas de Dar\u00edo P\u00e9rez estaban trastocadas, proponiendo como fecha de\nnacimiento el a\u00f1o 1860 o 1861, cuando todas las biograf\u00edas consultadas siguen\nse\u00f1alando el a\u00f1o de 1869 como el de su nacimiento. &nbsp;Mariano Amada ten\u00eda raz\u00f3n. Dar\u00edo Alejandro\nP\u00e9rez Garc\u00eda, hijo de Alejandro y Benedicta, fue bautizado en la colegiata de Santa\nMar\u00eda el 24 de septiembre de 1861. El padre de familia, que resid\u00eda en la calle\nAguadores, aparece como propietario. Sus abuelos paternos se llamaban Jos\u00e9\nP\u00e9rez y Antonia Cubero, oriundos de Miedes. Los maternos, Pascual y Encarnaci\u00f3n\nConcisquillo, proced\u00edan de Puerto Rico. En noviembre de 1880 era requerido para\nentrar en quintas, debiendo ser alistado en el pr\u00f3ximo reemplazo.<\/p>\n\n\n\n<div class=\"wp-block-image\"><figure class=\"aligncenter\"><img decoding=\"async\" loading=\"lazy\" width=\"371\" height=\"509\" src=\"http:\/\/cebilbilitanos.com\/wp-content\/uploads\/2022\/02\/DSC04869-3.jpg\" alt=\"\" class=\"wp-image-2933\" srcset=\"https:\/\/cebilbilitanos.com\/wp-content\/uploads\/2022\/02\/DSC04869-3.jpg 371w, https:\/\/cebilbilitanos.com\/wp-content\/uploads\/2022\/02\/DSC04869-3-219x300.jpg 219w\" sizes=\"(max-width: 371px) 100vw, 371px\" \/><\/figure><\/div>\n\n\n\n<p>En\n1888, Dar\u00edo P\u00e9rez fundar\u00eda y dirigir\u00eda el diario republicano <em>La Justicia<\/em>, ocupando el cargo de\nconcejal del Ayuntamiento de Calatayud desde julio de 1891 a julio de 1895. &nbsp;En esta \u00e9poca Dar\u00edo P\u00e9rez se ocup\u00f3 y se\npreocup\u00f3 sobre todo de la higiene p\u00fablica, de la ense\u00f1anza, del ferrocarril, de\nla marcha de la entonces achacosa y endeudada administraci\u00f3n municipal, de los\nempleados, del alumbrado, del cementerio civil, de los ni\u00f1os vagabundos, de la\nclase obrera, de las diferentes peticiones de los vecinos y de que se\ncumplieran por encima de todo la ley y los acuerdos municipales. Fue siempre\nimplacable en se\u00f1alar estos incumplimientos, presentando con su grupo numerosas\niniciativas, que las m\u00e1s de las veces ser\u00edan rechazadas por la mayor\u00eda del\ngobierno municipal.<\/p>\n\n\n\n<p>Por\nauto de 23 de noviembre de 1893, un juez de Tudela lo proces\u00f3 por la\npublicaci\u00f3n de una hoja clandestina, quiz\u00e1 sin pie de imprenta, suspendi\u00e9ndole\nen el cargo de concejal, pero el 8 de marzo de 1894, la Audiencia de Pamplona\nrevoc\u00f3 este auto. Al tomar de nuevo el cargo de concejal, Dar\u00edo P\u00e9rez agradeci\u00f3\nlas atenciones de sus compa\u00f1eros, que compensaban los disgustos, personales y\nquiz\u00e1 tambi\u00e9n econ\u00f3micos, que le hab\u00eda ocasionado el proceso de Tudela.&nbsp; <\/p>\n\n\n\n<p>En\nun art\u00edculo publicado en <em>Heraldo de\nArag\u00f3n<\/em> el 21 de junio de 1931, titulado \u00abMi primer sueldo\u00bb (recopilado por\nMariano Amada en su <em>Antolog\u00eda de Autores\nBilbilitanos<\/em>, Casa de Calatayud en Zaragoza, XXV Aniversario, Zaragoza,\n2005), Dar\u00edo P\u00e9rez recordaba una carta de Luis Montestruc, en la que,\nconociendo su dif\u00edcil situaci\u00f3n personal y tambi\u00e9n familiar, le ofrec\u00eda trabajo\nen el peri\u00f3dico con el \u00abraqu\u00edtico sueldo\u00bb de treinta y dos duros al mes. Al\nacabar su etapa de concejal, Dar\u00edo P\u00e9rez debi\u00f3 pasar a la redacci\u00f3n de <em>Heraldo de Arag\u00f3n<\/em>, cuyo primer n\u00famero\nhab\u00eda aparecido el 20 de septiembre de 1895. Dar\u00edo P\u00e9rez escrib\u00eda: \u00abCuando\ntranscurrida la mensualidad percib\u00ed 32 duros, no experiment\u00e9 un consuelo, pero\nsent\u00ed un est\u00edmulo\u00bb. Confesaba que hasta entonces no hab\u00eda sabido lo que era\nganar. Influido por sus ideas republicanas, hab\u00eda llevado mucho tiempo redactando\nen peri\u00f3dicos de su ciudad y manteniendo media docena de a\u00f1os el diario que\nhab\u00eda fundado y dirigido con su propio dinero. Al fallecer Montestruc en 1897,\nDar\u00edo P\u00e9rez se\u00f1alaba que hab\u00eda tenido que ocupar su puesto. Recordaba tambi\u00e9n\nsu entrega a la profesi\u00f3n, olvid\u00e1ndose que era un director con doscientas\npesetas de sueldo, consagr\u00e1ndose \u00abal gozo\u00bb de las campa\u00f1as de La Caridad, la\nFiesta del \u00c1rbol, el ferrocarril de Teruel, las azucareras, los grandes riegos\ny a aquellos art\u00edculos recogidos bajo el ep\u00edgrafe \u00abZaragoza, ciudad de la\nmuerte\u00bb, en los que criticaba el estado sanitario de la ciudad. En aquellos\na\u00f1os Dar\u00edo P\u00e9rez se hab\u00eda dedicado en cuerpo y alma al despertar material, cultural,\nespiritual, pol\u00edtico y econ\u00f3mico aragoneses. Por estas razones nunca se\nolvidar\u00eda del peri\u00f3dico que le hab\u00eda dado su primer sueldo y al que le\namarraban dos mil cr\u00f3nicas publicadas. El periodismo, escrib\u00eda Dar\u00edo P\u00e9rez era\n\u00abun ingenuo y noble oficio capaz de crear a Don Quijote, pero incapaz de\nextraer jugo a una cuenta de inter\u00e9s compuesto\u00bb.<\/p>\n\n\n\n<p>La\nfigura tan enorme, aunque desconocida, de Dar\u00edo P\u00e9rez est\u00e1 pidiendo a gritos nuevos\nestudios y una atenta revisi\u00f3n. Para conmemorar este feliz aniversario, el\nAyuntamiento de Calatayud tiene la oportunidad de publicar sus memorias\nin\u00e9ditas, recogidas bajo el t\u00edtulo de <em>Momentos\nde una vida<\/em>, que sus herederos est\u00e1n dispuestos a ceder para este fin. Adem\u00e1s,\nguardan tambi\u00e9n abundante documentaci\u00f3n manuscrita e impresa, peri\u00f3dicos, cartas,\nfotograf\u00edas y art\u00edculos period\u00edsticos, que pod\u00edan pasar a formar parte del\nArchivo Municipal de Calatayud.&nbsp; Ser\u00eda un\nverdadero acto de justicia para un hombre \u00edntegro e incansable, dedicado a las\npalabras del periodista y a las obras del pol\u00edtico, que fund\u00f3 y dirigi\u00f3 el\ndiario <em>La Justicia<\/em>, sosteni\u00e9ndolo con\nsu propio dinero, con su enorme tes\u00f3n y con su ingente capacidad de trabajo. <\/p>\n","protected":false},"excerpt":{"rendered":"<p>Francisco Tobajas Gallego \u00a0\u00a0\u00a0\u00a0\u00a0\u00a0\u00a0\u00a0\u00a0\u00a0\u00a0 En la sesi\u00f3n celebrada por el Ayuntamiento de Calatayud el 11 de octubre de 1922 se acord\u00f3 nombrar hijo predilecto de la ciudad a Dar\u00edo P\u00e9rez Garc\u00eda, diputado a Cortes por este distrito, por los favores &hellip; <a href=\"https:\/\/cebilbilitanos.com\/?p=2931\">Sigue leyendo <span class=\"meta-nav\">&rarr;<\/span><\/a><\/p>\n","protected":false},"author":1,"featured_media":0,"comment_status":"closed","ping_status":"open","sticky":false,"template":"","format":"standard","meta":[],"categories":[23],"tags":[26,71],"_links":{"self":[{"href":"https:\/\/cebilbilitanos.com\/index.php?rest_route=\/wp\/v2\/posts\/2931"}],"collection":[{"href":"https:\/\/cebilbilitanos.com\/index.php?rest_route=\/wp\/v2\/posts"}],"about":[{"href":"https:\/\/cebilbilitanos.com\/index.php?rest_route=\/wp\/v2\/types\/post"}],"author":[{"embeddable":true,"href":"https:\/\/cebilbilitanos.com\/index.php?rest_route=\/wp\/v2\/users\/1"}],"replies":[{"embeddable":true,"href":"https:\/\/cebilbilitanos.com\/index.php?rest_route=%2Fwp%2Fv2%2Fcomments&post=2931"}],"version-history":[{"count":1,"href":"https:\/\/cebilbilitanos.com\/index.php?rest_route=\/wp\/v2\/posts\/2931\/revisions"}],"predecessor-version":[{"id":2934,"href":"https:\/\/cebilbilitanos.com\/index.php?rest_route=\/wp\/v2\/posts\/2931\/revisions\/2934"}],"wp:attachment":[{"href":"https:\/\/cebilbilitanos.com\/index.php?rest_route=%2Fwp%2Fv2%2Fmedia&parent=2931"}],"wp:term":[{"taxonomy":"category","embeddable":true,"href":"https:\/\/cebilbilitanos.com\/index.php?rest_route=%2Fwp%2Fv2%2Fcategories&post=2931"},{"taxonomy":"post_tag","embeddable":true,"href":"https:\/\/cebilbilitanos.com\/index.php?rest_route=%2Fwp%2Fv2%2Ftags&post=2931"}],"curies":[{"name":"wp","href":"https:\/\/api.w.org\/{rel}","templated":true}]}}