{"id":2903,"date":"2021-11-16T15:13:59","date_gmt":"2021-11-16T14:13:59","guid":{"rendered":"http:\/\/cebilbilitanos.com\/?p=2903"},"modified":"2021-11-16T15:13:59","modified_gmt":"2021-11-16T14:13:59","slug":"la-guerra-de-los-dos-pedros-1356-1366-en-calatayud-y-su-comunidad-de-aldeas","status":"publish","type":"post","link":"https:\/\/cebilbilitanos.com\/?p=2903","title":{"rendered":"La guerra de los dos Pedros (1356-1366) en Calatayud y su comunidad de aldeas"},"content":{"rendered":"\n<p>Ciclo de conferencias de  <strong>Mario Lafuente G\u00f3mez<\/strong> <br>Colaboraci\u00f3n Centro de Estudios Bilbilitanos-UNED Calatayud<br> <br> <strong>La guerra de los dos Pedros (1356-1366) en Calatayud y su comunidad de aldeas<\/strong><\/p>\n\n\n\n<figure class=\"wp-block-image\"><img decoding=\"async\" loading=\"lazy\" width=\"1024\" height=\"282\" src=\"http:\/\/cebilbilitanos.com\/wp-content\/uploads\/2021\/11\/12017-1-1024x282.jpg\" alt=\"\" class=\"wp-image-2904\" srcset=\"https:\/\/cebilbilitanos.com\/wp-content\/uploads\/2021\/11\/12017-1-1024x282.jpg 1024w, https:\/\/cebilbilitanos.com\/wp-content\/uploads\/2021\/11\/12017-1-300x83.jpg 300w, https:\/\/cebilbilitanos.com\/wp-content\/uploads\/2021\/11\/12017-1-768x211.jpg 768w, https:\/\/cebilbilitanos.com\/wp-content\/uploads\/2021\/11\/12017-1.jpg 1200w\" sizes=\"(max-width: 1024px) 100vw, 1024px\" \/><\/figure>\n\n\n\n<p>La guerra de\nlos Dos Pedros enfrent\u00f3 a las Coronas de Arag\u00f3n y Castilla entre 1356 y 1366,\nen medio de un contexto internacional caracterizado por la inestabilidad\npol\u00edtica y de un panorama interno fuertemente sacudido por la actitud rebelde\nde buena parte de la nobleza y de las comunidades urbanas. La relevancia del\nconflicto ha sido destacada en todo tipo de registros, desde las cr\u00f3nicas\nbajomedievales hasta la literatura m\u00e1s popular, pero, sobre todo, ha sido\npuesta en valor por la historiograf\u00eda medievalista, que en los \u00faltimos a\u00f1os ha\nanalizado en detalle los factores que explican el origen del conflicto y sus\nconsecuencias m\u00e1s importantes. En este ciclo de conferencias, se expondr\u00e1 una\nvisi\u00f3n actualizada sobre el sentido de la contienda, a la luz de los estudios\nm\u00e1s recientes, y se explicar\u00e1n algunas de las l\u00edneas de investigaci\u00f3n actuales,\nque se orientan hacia temas como el poder, la violencia o la politizaci\u00f3n de\nlos grupos populares. Todo ello a partir del caso de estudio que representan\nCalatayud y su Comunidad de aldeas, un escenario regional intensamente\nimplicado en el devenir de este gran conflicto peninsular.<\/p>\n\n\n\n<p>Programa<\/p>\n\n\n\n<p><strong>&#8211; Mi\u00e9rcoles,\n24 de noviembre<\/strong><br>\n18:00-19:30 h.&nbsp;<em>La guerra de los Dos Pedros en su contexto hist\u00f3rico:\ninvestigaciones recientes y perspectivas de estudio.<\/em><\/p>\n\n\n\n<p><strong>&#8211; Jueves, 25\nde noviembre<br>\n<\/strong>18:00-19:30\nh.&nbsp;<em>Los a\u00f1os del tropel: la experiencia de la guerra en las tierras de\nfrontera.<\/em><\/p>\n\n\n\n<p><strong>&#8211; Mi\u00e9rcoles,\n1 de diciembre<br>\n<\/strong>18:00-19:30\nh.&nbsp;<em>La defensa de Calatayud ante el asedio castellano: una aproximaci\u00f3n\nmicrohist\u00f3rica.<\/em><\/p>\n\n\n\n<p><strong>&#8211; Jueves, 2\nde diciembre<br>\n<\/strong>18:00-19:30\nh.&nbsp;<em>Las s\u00faplicas al rey como fuente para una historia social de la\nguerra. Voces y testimonios de la poblaci\u00f3n bilbilitana.<\/em><\/p>\n\n\n\n<p>Ponente: <strong>Mario Lafuente G\u00f3mez<\/strong>, Profesor\nContratado Doctor de Historia Medieval. Universidad de Zaragoza<\/p>\n\n\n\n<p>Este ciclo\nde conferencias tendr\u00e1 lugar de forma presencial en la UNED de Calatayud con\nentrada libre. Tambi\u00e9n ser\u00e1&nbsp;emitido por interneten directo. <\/p>\n\n\n\n<p><strong><a href=\"http:\/\/www.calatayud.uned.es\/news\/noticia.asp?id=12017\">M\u00e1s informaci\u00f3n en la p\u00e1gina web del Centro Asociado de la UNED en Calatayud.<\/a><\/strong><\/p>\n","protected":false},"excerpt":{"rendered":"<p>Ciclo de conferencias de Mario Lafuente G\u00f3mez Colaboraci\u00f3n Centro de Estudios Bilbilitanos-UNED Calatayud La guerra de los dos Pedros (1356-1366) en Calatayud y su comunidad de aldeas La guerra de los Dos Pedros enfrent\u00f3 a las Coronas de Arag\u00f3n y &hellip; <a href=\"https:\/\/cebilbilitanos.com\/?p=2903\">Sigue leyendo <span class=\"meta-nav\">&rarr;<\/span><\/a><\/p>\n","protected":false},"author":1,"featured_media":0,"comment_status":"closed","ping_status":"open","sticky":false,"template":"","format":"standard","meta":[],"categories":[23],"tags":[],"_links":{"self":[{"href":"https:\/\/cebilbilitanos.com\/index.php?rest_route=\/wp\/v2\/posts\/2903"}],"collection":[{"href":"https:\/\/cebilbilitanos.com\/index.php?rest_route=\/wp\/v2\/posts"}],"about":[{"href":"https:\/\/cebilbilitanos.com\/index.php?rest_route=\/wp\/v2\/types\/post"}],"author":[{"embeddable":true,"href":"https:\/\/cebilbilitanos.com\/index.php?rest_route=\/wp\/v2\/users\/1"}],"replies":[{"embeddable":true,"href":"https:\/\/cebilbilitanos.com\/index.php?rest_route=%2Fwp%2Fv2%2Fcomments&post=2903"}],"version-history":[{"count":1,"href":"https:\/\/cebilbilitanos.com\/index.php?rest_route=\/wp\/v2\/posts\/2903\/revisions"}],"predecessor-version":[{"id":2905,"href":"https:\/\/cebilbilitanos.com\/index.php?rest_route=\/wp\/v2\/posts\/2903\/revisions\/2905"}],"wp:attachment":[{"href":"https:\/\/cebilbilitanos.com\/index.php?rest_route=%2Fwp%2Fv2%2Fmedia&parent=2903"}],"wp:term":[{"taxonomy":"category","embeddable":true,"href":"https:\/\/cebilbilitanos.com\/index.php?rest_route=%2Fwp%2Fv2%2Fcategories&post=2903"},{"taxonomy":"post_tag","embeddable":true,"href":"https:\/\/cebilbilitanos.com\/index.php?rest_route=%2Fwp%2Fv2%2Ftags&post=2903"}],"curies":[{"name":"wp","href":"https:\/\/api.w.org\/{rel}","templated":true}]}}