{"id":2897,"date":"2021-11-05T06:19:00","date_gmt":"2021-11-05T05:19:00","guid":{"rendered":"http:\/\/cebilbilitanos.com\/?p=2897"},"modified":"2021-11-05T06:19:00","modified_gmt":"2021-11-05T05:19:00","slug":"imagenes-de-calatayud-en-1963","status":"publish","type":"post","link":"https:\/\/cebilbilitanos.com\/?p=2897","title":{"rendered":"Im\u00e1genes de Calatayud en 1963"},"content":{"rendered":"\n<p>Recientemente recibimos una llamada telef\u00f3nica de Josefa Garriga S\u00e1nchez desde Villanova i la Geltr\u00fa (Barcelona) ofreciendo al Centro de Estudios Bilbilitanos unas fotograf\u00edas de la ciudad de Calatayud de 1963. Todas estas im\u00e1genes hab\u00edan sido tomadas por su marido Carlos Cuadra L\u00f3pez-Cuervo en una visita que hab\u00eda hecho a la ciudad en ese a\u00f1o por motivos laborales.<\/p>\n\n\n\n<figure class=\"wp-block-image\"><img decoding=\"async\" loading=\"lazy\" width=\"1024\" height=\"699\" src=\"http:\/\/cebilbilitanos.com\/wp-content\/uploads\/2021\/11\/Calatayud-1963-22-1024x699.jpg\" alt=\"\" class=\"wp-image-2898\" srcset=\"https:\/\/cebilbilitanos.com\/wp-content\/uploads\/2021\/11\/Calatayud-1963-22-1024x699.jpg 1024w, https:\/\/cebilbilitanos.com\/wp-content\/uploads\/2021\/11\/Calatayud-1963-22-300x205.jpg 300w, https:\/\/cebilbilitanos.com\/wp-content\/uploads\/2021\/11\/Calatayud-1963-22-768x524.jpg 768w\" sizes=\"(max-width: 1024px) 100vw, 1024px\" \/><\/figure>\n\n\n\n<p>Son 28 fotograf\u00edas in\u00e9ditas en blanco y negro de 10,5 x 7,5 cm que reflejan c\u00f3mo era Calatayud en la d\u00e9cada de los 60, sobre todo el centro hist\u00f3rico y los barrios altos. Carlos Cuadra se recorri\u00f3 detenidamente toda la ciudad y fotografi\u00f3 todos aquellos aspectos que m\u00e1s llamaron su atenci\u00f3n. El resultado es un conjunto de instant\u00e1neas que nos muestran una ciudad que todav\u00eda no hab\u00eda experimentado los profundos cambios de las d\u00e9cadas siguientes.<\/p>\n\n\n\n<figure class=\"wp-block-image\"><img decoding=\"async\" loading=\"lazy\" width=\"725\" height=\"1024\" src=\"http:\/\/cebilbilitanos.com\/wp-content\/uploads\/2021\/11\/Calatayud-1963-1-725x1024.jpg\" alt=\"\" class=\"wp-image-2899\" srcset=\"https:\/\/cebilbilitanos.com\/wp-content\/uploads\/2021\/11\/Calatayud-1963-1-725x1024.jpg 725w, https:\/\/cebilbilitanos.com\/wp-content\/uploads\/2021\/11\/Calatayud-1963-1-213x300.jpg 213w, https:\/\/cebilbilitanos.com\/wp-content\/uploads\/2021\/11\/Calatayud-1963-1-768x1084.jpg 768w\" sizes=\"(max-width: 725px) 100vw, 725px\" \/><\/figure>\n\n\n\n<p>El Centro de Estudios Bilbilitanos agradece la aportaci\u00f3n de la viuda de Carlos Cuadra, que generosamente ha donado estas im\u00e1genes, que han sido digitalizadas y ya forman parte del archivo del CEB.<\/p>\n\n\n\n<figure class=\"wp-block-image\"><img decoding=\"async\" loading=\"lazy\" width=\"718\" height=\"1024\" src=\"http:\/\/cebilbilitanos.com\/wp-content\/uploads\/2021\/11\/Calatayud-1963-2-718x1024.jpg\" alt=\"\" class=\"wp-image-2900\" srcset=\"https:\/\/cebilbilitanos.com\/wp-content\/uploads\/2021\/11\/Calatayud-1963-2-718x1024.jpg 718w, https:\/\/cebilbilitanos.com\/wp-content\/uploads\/2021\/11\/Calatayud-1963-2-210x300.jpg 210w, https:\/\/cebilbilitanos.com\/wp-content\/uploads\/2021\/11\/Calatayud-1963-2-768x1096.jpg 768w\" sizes=\"(max-width: 718px) 100vw, 718px\" \/><\/figure>\n","protected":false},"excerpt":{"rendered":"<p>Recientemente recibimos una llamada telef\u00f3nica de Josefa Garriga S\u00e1nchez desde Villanova i la Geltr\u00fa (Barcelona) ofreciendo al Centro de Estudios Bilbilitanos unas fotograf\u00edas de la ciudad de Calatayud de 1963. Todas estas im\u00e1genes hab\u00edan sido tomadas por su marido Carlos &hellip; <a href=\"https:\/\/cebilbilitanos.com\/?p=2897\">Sigue leyendo <span class=\"meta-nav\">&rarr;<\/span><\/a><\/p>\n","protected":false},"author":1,"featured_media":0,"comment_status":"closed","ping_status":"open","sticky":false,"template":"","format":"standard","meta":[],"categories":[23],"tags":[22],"_links":{"self":[{"href":"https:\/\/cebilbilitanos.com\/index.php?rest_route=\/wp\/v2\/posts\/2897"}],"collection":[{"href":"https:\/\/cebilbilitanos.com\/index.php?rest_route=\/wp\/v2\/posts"}],"about":[{"href":"https:\/\/cebilbilitanos.com\/index.php?rest_route=\/wp\/v2\/types\/post"}],"author":[{"embeddable":true,"href":"https:\/\/cebilbilitanos.com\/index.php?rest_route=\/wp\/v2\/users\/1"}],"replies":[{"embeddable":true,"href":"https:\/\/cebilbilitanos.com\/index.php?rest_route=%2Fwp%2Fv2%2Fcomments&post=2897"}],"version-history":[{"count":1,"href":"https:\/\/cebilbilitanos.com\/index.php?rest_route=\/wp\/v2\/posts\/2897\/revisions"}],"predecessor-version":[{"id":2901,"href":"https:\/\/cebilbilitanos.com\/index.php?rest_route=\/wp\/v2\/posts\/2897\/revisions\/2901"}],"wp:attachment":[{"href":"https:\/\/cebilbilitanos.com\/index.php?rest_route=%2Fwp%2Fv2%2Fmedia&parent=2897"}],"wp:term":[{"taxonomy":"category","embeddable":true,"href":"https:\/\/cebilbilitanos.com\/index.php?rest_route=%2Fwp%2Fv2%2Fcategories&post=2897"},{"taxonomy":"post_tag","embeddable":true,"href":"https:\/\/cebilbilitanos.com\/index.php?rest_route=%2Fwp%2Fv2%2Ftags&post=2897"}],"curies":[{"name":"wp","href":"https:\/\/api.w.org\/{rel}","templated":true}]}}