{"id":2888,"date":"2021-09-30T08:16:04","date_gmt":"2021-09-30T06:16:04","guid":{"rendered":"http:\/\/cebilbilitanos.com\/?p=2888"},"modified":"2021-09-30T17:38:31","modified_gmt":"2021-09-30T15:38:31","slug":"presentacion-del-mapa-de-la-provincia-de-calatayud-durante-el-trienio-liberal-1822-1823","status":"publish","type":"post","link":"https:\/\/cebilbilitanos.com\/?p=2888","title":{"rendered":"Presentaci\u00f3n del mapa de la provincia   de Calatayud durante el trienio liberal (1822-1823)"},"content":{"rendered":"\n<p>El jueves, 7 de octubre de 2021, a las 18:30 horas se presentar\u00e1 en el Sal\u00f3n de Actos de Claretianos de Calatayud el <em>Mapa de la provincia de Calatayud durante el Trienio Liberal (1822-1823) <\/em>patrocinado por el Ayuntamiento de Calatayud en colaboraci\u00f3n con el Centro de Estudios Bilbilitanos.<\/p>\n\n\n\n<p>Presentar\u00e1n el acto Nuria Amela, concejal de cultura del Ayuntamiento de Calatayud y Jes\u00fas Gil, presidente del Centro de Estudios Bilbilitanos.<\/p>\n\n\n\n<figure class=\"wp-block-image\"><img decoding=\"async\" loading=\"lazy\" width=\"1024\" height=\"1024\" src=\"http:\/\/cebilbilitanos.com\/wp-content\/uploads\/2021\/09\/Calatayud_Pol\u00edtico-1-1024x1024.jpg\" alt=\"\" class=\"wp-image-2894\" srcset=\"https:\/\/cebilbilitanos.com\/wp-content\/uploads\/2021\/09\/Calatayud_Pol\u00edtico-1-1024x1024.jpg 1024w, https:\/\/cebilbilitanos.com\/wp-content\/uploads\/2021\/09\/Calatayud_Pol\u00edtico-1-150x150.jpg 150w, https:\/\/cebilbilitanos.com\/wp-content\/uploads\/2021\/09\/Calatayud_Pol\u00edtico-1-300x300.jpg 300w, https:\/\/cebilbilitanos.com\/wp-content\/uploads\/2021\/09\/Calatayud_Pol\u00edtico-1-768x768.jpg 768w, https:\/\/cebilbilitanos.com\/wp-content\/uploads\/2021\/09\/Calatayud_Pol\u00edtico-1.jpg 1200w\" sizes=\"(max-width: 1024px) 100vw, 1024px\" \/><\/figure>\n\n\n\n<p>Intervendr\u00e1n:<\/p>\n\n\n\n<ul><li>Carlos Guallart y Javier Velilla: Autores de los<em> mapas f\u00edsico y pol\u00edtico de la provincia de Calatayud<\/em>.<\/li><li>Vicente Alejandre: <em>Organizaci\u00f3n del nuevo territorio provincial<\/em>.<\/li><li>Jos\u00e9 \u00c1ngel Urzay: <em>Cr\u00f3nica de una oportunidad perdida<\/em>.<\/li><\/ul>\n\n\n\n<p>La entrada ser\u00e1 libre hasta completar el aforo y se har\u00e1 entrega gratuita de ejemplares a todos los asistentes.<\/p>\n\n\n\n<figure class=\"wp-block-image\"><img decoding=\"async\" loading=\"lazy\" width=\"1024\" height=\"1024\" src=\"http:\/\/cebilbilitanos.com\/wp-content\/uploads\/2021\/09\/Calatayud_F\u00edsico_Sombreado-1024x1024.jpg\" alt=\"\" class=\"wp-image-2890\" srcset=\"https:\/\/cebilbilitanos.com\/wp-content\/uploads\/2021\/09\/Calatayud_F\u00edsico_Sombreado-1024x1024.jpg 1024w, https:\/\/cebilbilitanos.com\/wp-content\/uploads\/2021\/09\/Calatayud_F\u00edsico_Sombreado-150x150.jpg 150w, https:\/\/cebilbilitanos.com\/wp-content\/uploads\/2021\/09\/Calatayud_F\u00edsico_Sombreado-300x300.jpg 300w, https:\/\/cebilbilitanos.com\/wp-content\/uploads\/2021\/09\/Calatayud_F\u00edsico_Sombreado-768x768.jpg 768w, https:\/\/cebilbilitanos.com\/wp-content\/uploads\/2021\/09\/Calatayud_F\u00edsico_Sombreado.jpg 1200w\" sizes=\"(max-width: 1024px) 100vw, 1024px\" \/><figcaption>Mapa f\u00edsico de la provincial de Calatayud<\/figcaption><\/figure>\n\n\n\n<p> &nbsp;&nbsp;&nbsp;&nbsp;&nbsp;&nbsp;&nbsp;&nbsp;&nbsp;&nbsp; El d\u00eda de la presentaci\u00f3n, 7 de octubre, se cumple el 200 aniversario de la discusi\u00f3n y aprobaci\u00f3n de la provincia de Calatayud en las Cortes de Madrid. Para conmemorar esta efem\u00e9ride, el Centro de Estudios Bilbilitanos y el Ayuntamiento de Calatayud han querido presentar un mapa actualizado con todas las localidades de Castilla y Arag\u00f3n que formaron parte de esta nueva provincia de Espa\u00f1a. Durante un breve periodo hist\u00f3rico, el territorio adscrito a Calatayud se convirti\u00f3 en la cuarta provincia de Arag\u00f3n. <\/p>\n\n\n\n<p>&nbsp;&nbsp;&nbsp;&nbsp;&nbsp;&nbsp;&nbsp;&nbsp;&nbsp;&nbsp;&nbsp; Este\nmapa es un anticipo de la investigaci\u00f3n que en estos momentos est\u00e1n\ndesarrollando varios especialistas y estudiosos del tema, que culminar\u00e1 en la\npublicaci\u00f3n de un libro espec\u00edfico sobre la provincia de Calatayud el pr\u00f3ximo\na\u00f1o, fruto de la colaboraci\u00f3n entre el Centro de Estudios Bilbilitanos, el Ayuntamiento\nde Calatayud y la Comarca Comunidad Calatayud.<\/p>\n","protected":false},"excerpt":{"rendered":"<p>El jueves, 7 de octubre de 2021, a las 18:30 horas se presentar\u00e1 en el Sal\u00f3n de Actos de Claretianos de Calatayud el Mapa de la provincia de Calatayud durante el Trienio Liberal (1822-1823) patrocinado por el Ayuntamiento de Calatayud &hellip; <a href=\"https:\/\/cebilbilitanos.com\/?p=2888\">Sigue leyendo <span class=\"meta-nav\">&rarr;<\/span><\/a><\/p>\n","protected":false},"author":1,"featured_media":0,"comment_status":"closed","ping_status":"open","sticky":false,"template":"","format":"standard","meta":[],"categories":[28,23,30],"tags":[68,17,10,11],"_links":{"self":[{"href":"https:\/\/cebilbilitanos.com\/index.php?rest_route=\/wp\/v2\/posts\/2888"}],"collection":[{"href":"https:\/\/cebilbilitanos.com\/index.php?rest_route=\/wp\/v2\/posts"}],"about":[{"href":"https:\/\/cebilbilitanos.com\/index.php?rest_route=\/wp\/v2\/types\/post"}],"author":[{"embeddable":true,"href":"https:\/\/cebilbilitanos.com\/index.php?rest_route=\/wp\/v2\/users\/1"}],"replies":[{"embeddable":true,"href":"https:\/\/cebilbilitanos.com\/index.php?rest_route=%2Fwp%2Fv2%2Fcomments&post=2888"}],"version-history":[{"count":4,"href":"https:\/\/cebilbilitanos.com\/index.php?rest_route=\/wp\/v2\/posts\/2888\/revisions"}],"predecessor-version":[{"id":2895,"href":"https:\/\/cebilbilitanos.com\/index.php?rest_route=\/wp\/v2\/posts\/2888\/revisions\/2895"}],"wp:attachment":[{"href":"https:\/\/cebilbilitanos.com\/index.php?rest_route=%2Fwp%2Fv2%2Fmedia&parent=2888"}],"wp:term":[{"taxonomy":"category","embeddable":true,"href":"https:\/\/cebilbilitanos.com\/index.php?rest_route=%2Fwp%2Fv2%2Fcategories&post=2888"},{"taxonomy":"post_tag","embeddable":true,"href":"https:\/\/cebilbilitanos.com\/index.php?rest_route=%2Fwp%2Fv2%2Ftags&post=2888"}],"curies":[{"name":"wp","href":"https:\/\/api.w.org\/{rel}","templated":true}]}}