{"id":2880,"date":"2021-06-27T19:09:16","date_gmt":"2021-06-27T17:09:16","guid":{"rendered":"http:\/\/cebilbilitanos.com\/?p=2880"},"modified":"2021-06-27T19:10:49","modified_gmt":"2021-06-27T17:10:49","slug":"2880","status":"publish","type":"post","link":"https:\/\/cebilbilitanos.com\/?p=2880","title":{"rendered":"Presentaci\u00f3n de las Cofrad\u00edas de Calatayud, el alma de la tradici\u00f3n y de la fiesta."},"content":{"rendered":"\n<p>El pasado jueves, 24 de junio, se present\u00f3 en el sal\u00f3n de actos de Claretianos el libro\u00a0<em>Las Cofrad\u00edas de Calatayud. El alma de la tradici\u00f3n y de la fiesta<\/em>, de Manuel Casado L\u00f3pez y fotograf\u00edas de Jes\u00fas Macipe Roy. Es la publicaci\u00f3n n\u00ba 163 del Centro de Estudios Bilbilitanos y ha contando con la colaboraci\u00f3n del Ayuntamiento de Calatayud, siendo el segundo libro de la Colecci\u00f3n Comarca y Sociedad.<\/p>\n\n\n\n<figure class=\"wp-block-image\"><img decoding=\"async\" loading=\"lazy\" width=\"960\" height=\"496\" src=\"http:\/\/cebilbilitanos.com\/wp-content\/uploads\/2021\/06\/presentacion-cofradias.jpg\" alt=\"\" class=\"wp-image-2881\" srcset=\"https:\/\/cebilbilitanos.com\/wp-content\/uploads\/2021\/06\/presentacion-cofradias.jpg 960w, https:\/\/cebilbilitanos.com\/wp-content\/uploads\/2021\/06\/presentacion-cofradias-300x155.jpg 300w, https:\/\/cebilbilitanos.com\/wp-content\/uploads\/2021\/06\/presentacion-cofradias-768x397.jpg 768w\" sizes=\"(max-width: 960px) 100vw, 960px\" \/><figcaption>Fotograf\u00eda: Nuria Amela<\/figcaption><\/figure>\n\n\n\n<p>En la presentaci\u00f3n participaron Jes\u00fas Gil Alejandre, presidente del CEB; Nuria Amela, concejal de Cultura; Manuel Casado, autor y Jes\u00fas Macipe, fot\u00f3grafo.<\/p>\n\n\n\n<p>Manuel Casado ha centrado su investigaci\u00f3n exclusivamente en las veintitr\u00e9s cofrad\u00edas de Gloria que han llegado hasta nuestros d\u00edas, consultando fuentes documentales en los archivos de las cofrad\u00edas y bibliograf\u00eda especializada, as\u00ed como a trav\u00e9s de un importante trabajo de campo mediante entrevistas a cofrades y asistencia y participaci\u00f3n en los actos p\u00fablicos, y algunas veces privados, que se contin\u00faan organizando.<\/p>\n\n\n\n<p>Las cofrad\u00edas han formado y siguen formando parte de la historia viva de Calatayud, son a la vez devoci\u00f3n y fiesta y han transmitido de generaci\u00f3n en generaci\u00f3n un importante legado tanto material como inmaterial,\u00a0<em>atesorando un indudable legado hist\u00f3rico, cultural, religioso y social<\/em>. Algunas mantienen sus antiguas tradiciones, otras, se van adaptando a los nuevos tiempos, pero todas est\u00e1n presentes en el ciclo festivo anual de la ciudad y se dejan notar durante la fiesta o la v\u00edspera con las charangas, los cohetes o las procesiones que recorren las calles. As\u00ed nos contagian su alegr\u00eda y nos comunican que estamos de fiesta un a\u00f1o m\u00e1s.<\/p>\n\n\n\n<figure class=\"wp-block-image\"><img decoding=\"async\" loading=\"lazy\" width=\"715\" height=\"1024\" src=\"http:\/\/cebilbilitanos.com\/wp-content\/uploads\/2021\/06\/portadacofradias-715x1024.jpg\" alt=\"\" class=\"wp-image-2876\" srcset=\"https:\/\/cebilbilitanos.com\/wp-content\/uploads\/2021\/06\/portadacofradias-715x1024.jpg 715w, https:\/\/cebilbilitanos.com\/wp-content\/uploads\/2021\/06\/portadacofradias-209x300.jpg 209w, https:\/\/cebilbilitanos.com\/wp-content\/uploads\/2021\/06\/portadacofradias-768x1100.jpg 768w, https:\/\/cebilbilitanos.com\/wp-content\/uploads\/2021\/06\/portadacofradias.jpg 1980w\" sizes=\"(max-width: 715px) 100vw, 715px\" \/><\/figure>\n\n\n\n<p>Los textos elaborados por Manuel Casado se han visto enriquecidos por el reportaje fotogr\u00e1fico de Jes\u00fas Macipe Roy, que ha sido capaz de captar con su c\u00e1mara por una parte la espiritualidad de las cofrad\u00edas y por otra su parte festiva. Los sentimientos y la emoci\u00f3n compartida entre los hermanos afloran en muchas de estas fotograf\u00edas. Adem\u00e1s han colaborado con aportaciones fotogr\u00e1ficas la Asociaci\u00f3n Torre Albarrana y Jos\u00e9 Luis Molina, complet\u00e1ndose con aportaciones de los archivo de las cofrad\u00edas y del propio CEB y recuperando algunas fotograf\u00edas de Carlos Monc\u00edn o Rafael Mar\u00edn, entre otros fot\u00f3grafos.<\/p>\n\n\n\n<p>Se cerr\u00f3 el acto con la proyecci\u00f3n de un audiovisual que sirvi\u00f3 de homenaje y agradecimiento a todos los que en su d\u00eda fueron cofrades y a los que hoy en d\u00eda contin\u00faan si\u00e9ndolo, perpetuando en muchas ocasiones una tradici\u00f3n familiar que se transmite de padres a hijos.<\/p>\n","protected":false},"excerpt":{"rendered":"<p>El pasado jueves, 24 de junio, se present\u00f3 en el sal\u00f3n de actos de Claretianos el libro\u00a0Las Cofrad\u00edas de Calatayud. El alma de la tradici\u00f3n y de la fiesta, de Manuel Casado L\u00f3pez y fotograf\u00edas de Jes\u00fas Macipe Roy. Es &hellip; <a href=\"https:\/\/cebilbilitanos.com\/?p=2880\">Sigue leyendo <span class=\"meta-nav\">&rarr;<\/span><\/a><\/p>\n","protected":false},"author":1,"featured_media":0,"comment_status":"closed","ping_status":"open","sticky":false,"template":"","format":"standard","meta":[],"categories":[23,30],"tags":[10],"_links":{"self":[{"href":"https:\/\/cebilbilitanos.com\/index.php?rest_route=\/wp\/v2\/posts\/2880"}],"collection":[{"href":"https:\/\/cebilbilitanos.com\/index.php?rest_route=\/wp\/v2\/posts"}],"about":[{"href":"https:\/\/cebilbilitanos.com\/index.php?rest_route=\/wp\/v2\/types\/post"}],"author":[{"embeddable":true,"href":"https:\/\/cebilbilitanos.com\/index.php?rest_route=\/wp\/v2\/users\/1"}],"replies":[{"embeddable":true,"href":"https:\/\/cebilbilitanos.com\/index.php?rest_route=%2Fwp%2Fv2%2Fcomments&post=2880"}],"version-history":[{"count":3,"href":"https:\/\/cebilbilitanos.com\/index.php?rest_route=\/wp\/v2\/posts\/2880\/revisions"}],"predecessor-version":[{"id":2884,"href":"https:\/\/cebilbilitanos.com\/index.php?rest_route=\/wp\/v2\/posts\/2880\/revisions\/2884"}],"wp:attachment":[{"href":"https:\/\/cebilbilitanos.com\/index.php?rest_route=%2Fwp%2Fv2%2Fmedia&parent=2880"}],"wp:term":[{"taxonomy":"category","embeddable":true,"href":"https:\/\/cebilbilitanos.com\/index.php?rest_route=%2Fwp%2Fv2%2Fcategories&post=2880"},{"taxonomy":"post_tag","embeddable":true,"href":"https:\/\/cebilbilitanos.com\/index.php?rest_route=%2Fwp%2Fv2%2Ftags&post=2880"}],"curies":[{"name":"wp","href":"https:\/\/api.w.org\/{rel}","templated":true}]}}