{"id":2875,"date":"2021-06-18T06:52:11","date_gmt":"2021-06-18T04:52:11","guid":{"rendered":"http:\/\/cebilbilitanos.com\/?p=2875"},"modified":"2021-06-18T06:52:11","modified_gmt":"2021-06-18T04:52:11","slug":"las-cofradias-de-calatayud-el-alma-de-la-tradicion-y-de-la-fiesta","status":"publish","type":"post","link":"https:\/\/cebilbilitanos.com\/?p=2875","title":{"rendered":"Las Cofrad\u00edas de Calatayud. El alma de la tradici\u00f3n y de la fiesta."},"content":{"rendered":"\n<p>Las Cofrad\u00edas de Calatayud. El alma de la tradici\u00f3n y de la fiesta.<\/p>\n\n\n\n<figure class=\"wp-block-image\"><img decoding=\"async\" loading=\"lazy\" width=\"715\" height=\"1024\" src=\"http:\/\/cebilbilitanos.com\/wp-content\/uploads\/2021\/06\/portadacofradias-715x1024.jpg\" alt=\"\" class=\"wp-image-2876\" srcset=\"https:\/\/cebilbilitanos.com\/wp-content\/uploads\/2021\/06\/portadacofradias-715x1024.jpg 715w, https:\/\/cebilbilitanos.com\/wp-content\/uploads\/2021\/06\/portadacofradias-209x300.jpg 209w, https:\/\/cebilbilitanos.com\/wp-content\/uploads\/2021\/06\/portadacofradias-768x1100.jpg 768w, https:\/\/cebilbilitanos.com\/wp-content\/uploads\/2021\/06\/portadacofradias.jpg 1980w\" sizes=\"(max-width: 715px) 100vw, 715px\" \/><\/figure>\n\n\n\n<p>El\njueves, 24 de junio, en el sal\u00f3n de actos de Claretianos de Calatayud, a las\n20:00h, el Centro de Estudios Bilbilitanos presentar\u00e1 su publicaci\u00f3n n\u00ba 163 <em>Las Cofrad\u00edas de Calatayud. El alma de la\ntradici\u00f3n y de la fiesta<\/em>, de Manuel Casado L\u00f3pez y fotograf\u00edas de Jes\u00fas\nMacipe Roy. Esta publicaci\u00f3n se ha realizado en colaboraci\u00f3n con el\nAyuntamiento de Calatayud.<\/p>\n\n\n\n<p>En el\nacto intervendr\u00e1n:<\/p>\n\n\n\n<ul><li>Jes\u00fas Gil Alejandre, presidente del CEB.<\/li><li>Nuria Amela, concejala de cultura.<\/li><li>Manuel Casado, autor.<\/li><li>Jes\u00fas Macipe, fot\u00f3grafo.<\/li><\/ul>\n\n\n\n<p>La entrada al acto es libre hasta completar aforo.<\/p>\n\n\n\n<figure class=\"wp-block-image\"><img decoding=\"async\" loading=\"lazy\" width=\"726\" height=\"1024\" src=\"http:\/\/cebilbilitanos.com\/wp-content\/uploads\/2021\/06\/contraportadacofradias-726x1024.jpg\" alt=\"\" class=\"wp-image-2877\" srcset=\"https:\/\/cebilbilitanos.com\/wp-content\/uploads\/2021\/06\/contraportadacofradias-726x1024.jpg 726w, https:\/\/cebilbilitanos.com\/wp-content\/uploads\/2021\/06\/contraportadacofradias-213x300.jpg 213w, https:\/\/cebilbilitanos.com\/wp-content\/uploads\/2021\/06\/contraportadacofradias-768x1084.jpg 768w, https:\/\/cebilbilitanos.com\/wp-content\/uploads\/2021\/06\/contraportadacofradias.jpg 2007w\" sizes=\"(max-width: 726px) 100vw, 726px\" \/><\/figure>\n\n\n\n<p>Desde\nel CEB queremos agradecer al Ayuntamiento de Calatayud la cesi\u00f3n de sus\ninstalaciones para realizar esta presentaci\u00f3n.<\/p>\n","protected":false},"excerpt":{"rendered":"<p>Las Cofrad\u00edas de Calatayud. El alma de la tradici\u00f3n y de la fiesta. El jueves, 24 de junio, en el sal\u00f3n de actos de Claretianos de Calatayud, a las 20:00h, el Centro de Estudios Bilbilitanos presentar\u00e1 su publicaci\u00f3n n\u00ba 163 &hellip; <a href=\"https:\/\/cebilbilitanos.com\/?p=2875\">Sigue leyendo <span class=\"meta-nav\">&rarr;<\/span><\/a><\/p>\n","protected":false},"author":1,"featured_media":0,"comment_status":"closed","ping_status":"open","sticky":false,"template":"","format":"standard","meta":[],"categories":[30],"tags":[10,11],"_links":{"self":[{"href":"https:\/\/cebilbilitanos.com\/index.php?rest_route=\/wp\/v2\/posts\/2875"}],"collection":[{"href":"https:\/\/cebilbilitanos.com\/index.php?rest_route=\/wp\/v2\/posts"}],"about":[{"href":"https:\/\/cebilbilitanos.com\/index.php?rest_route=\/wp\/v2\/types\/post"}],"author":[{"embeddable":true,"href":"https:\/\/cebilbilitanos.com\/index.php?rest_route=\/wp\/v2\/users\/1"}],"replies":[{"embeddable":true,"href":"https:\/\/cebilbilitanos.com\/index.php?rest_route=%2Fwp%2Fv2%2Fcomments&post=2875"}],"version-history":[{"count":1,"href":"https:\/\/cebilbilitanos.com\/index.php?rest_route=\/wp\/v2\/posts\/2875\/revisions"}],"predecessor-version":[{"id":2878,"href":"https:\/\/cebilbilitanos.com\/index.php?rest_route=\/wp\/v2\/posts\/2875\/revisions\/2878"}],"wp:attachment":[{"href":"https:\/\/cebilbilitanos.com\/index.php?rest_route=%2Fwp%2Fv2%2Fmedia&parent=2875"}],"wp:term":[{"taxonomy":"category","embeddable":true,"href":"https:\/\/cebilbilitanos.com\/index.php?rest_route=%2Fwp%2Fv2%2Fcategories&post=2875"},{"taxonomy":"post_tag","embeddable":true,"href":"https:\/\/cebilbilitanos.com\/index.php?rest_route=%2Fwp%2Fv2%2Ftags&post=2875"}],"curies":[{"name":"wp","href":"https:\/\/api.w.org\/{rel}","templated":true}]}}