{"id":2871,"date":"2021-06-18T06:43:23","date_gmt":"2021-06-18T04:43:23","guid":{"rendered":"http:\/\/cebilbilitanos.com\/?p=2871"},"modified":"2021-06-18T06:44:18","modified_gmt":"2021-06-18T04:44:18","slug":"cronica-negra-de-francisco-martinez","status":"publish","type":"post","link":"https:\/\/cebilbilitanos.com\/?p=2871","title":{"rendered":"Cr\u00f3nica negra de Francisco Mart\u00ednez"},"content":{"rendered":"\n<p>El Centro de Estudios Bilbilitanos ha presentado su publicaci\u00f3n 162, <em>Cr\u00f3nica negra de los antiguos partidos judiciales de Ateca y\nCalatayud en el siglo XIX,&nbsp;<\/em>del\nhistoriador y consejero del&nbsp; CEB,\nFrancisco&nbsp; Mart\u00ednez Garc\u00eda. <\/p>\n\n\n\n<p>El d\u00eda 10 de junio la presentaci\u00f3n se llev\u00f3 a cabo en la UNED de Calatayud, con la intervenci\u00f3n de Jos\u00e9 \u00c1ngel Urzay, escritor del pr\u00f3logo y colaborador en la edici\u00f3n del libro; Jes\u00fas Gil Alejandre, presidente del Centro de Estudios Bilbilitanos, y Francisco Mart\u00ednez, autor de la publicaci\u00f3n. Puede verse la presentaci\u00f3n en diferido en la <a href=\"http:\/\/www.calatayud.uned.es\/news\/noticia.asp?id=11940\">p\u00e1gina web<\/a> de la UNED.<\/p>\n\n\n\n<figure class=\"wp-block-image\"><img decoding=\"async\" loading=\"lazy\" width=\"1024\" height=\"683\" src=\"http:\/\/cebilbilitanos.com\/wp-content\/uploads\/2021\/06\/foto-UNED-1024x683.jpg\" alt=\"\" class=\"wp-image-2872\" srcset=\"https:\/\/cebilbilitanos.com\/wp-content\/uploads\/2021\/06\/foto-UNED-1024x683.jpg 1024w, https:\/\/cebilbilitanos.com\/wp-content\/uploads\/2021\/06\/foto-UNED-300x200.jpg 300w, https:\/\/cebilbilitanos.com\/wp-content\/uploads\/2021\/06\/foto-UNED-768x512.jpg 768w\" sizes=\"(max-width: 1024px) 100vw, 1024px\" \/><figcaption>Presentaci\u00f3n en la Sala Graci\u00e1n de la UNED en Calatayud<\/figcaption><\/figure>\n\n\n\n<p>El lunes, 14 de junio, se present\u00f3 nuevamente la publicaci\u00f3n en la Diputaci\u00f3n Provincial de Zaragoza, siendo el acto presentado por Carlos Forcadell, director de la Instituci\u00f3n Fernando el Cat\u00f3lico, y en el que tambi\u00e9n intervinieron el presidente del CEB\u00a0\u00a0 y el autor.<\/p>\n\n\n\n<figure class=\"wp-block-image\"><img decoding=\"async\" loading=\"lazy\" width=\"1024\" height=\"682\" src=\"http:\/\/cebilbilitanos.com\/wp-content\/uploads\/2021\/06\/Foto-DPZ-1024x682.jpeg\" alt=\"\" class=\"wp-image-2873\" srcset=\"https:\/\/cebilbilitanos.com\/wp-content\/uploads\/2021\/06\/Foto-DPZ-1024x682.jpeg 1024w, https:\/\/cebilbilitanos.com\/wp-content\/uploads\/2021\/06\/Foto-DPZ-300x200.jpeg 300w, https:\/\/cebilbilitanos.com\/wp-content\/uploads\/2021\/06\/Foto-DPZ-768x512.jpeg 768w, https:\/\/cebilbilitanos.com\/wp-content\/uploads\/2021\/06\/Foto-DPZ.jpeg 1600w\" sizes=\"(max-width: 1024px) 100vw, 1024px\" \/><figcaption>Presentaci\u00f3n en la Diputaci\u00f3n de Zaragoza<\/figcaption><\/figure>\n\n\n\n<p>Francisco Mart\u00ednez nos presenta con este libro un tema diferente al\nque nos ten\u00eda acostumbrados como investigador, ya que nos va a sumergir en la\ncr\u00f3nica negra de dos antiguos partidos judiciales, Ateca y Calatayud. De su\nmano vamos a conocer ciento ochenta tr\u00e1gicos sucesos que han sucedido en m\u00e1s de\ncincuenta pueblos de nuestra zona como asesinatos, robos, tiroteos, vendettas,\nestafas, timos, alteraciones de orden p\u00fablico, violaciones, suicidios, peleas,\nextorsiones. Menci\u00f3n especial merecen los apartados relacionados con los\nprocesos contra cargos electos, el ferrocarril y los bandoleros c\u00e9lebres. Estos\nhechos nos permitir\u00e1n conocer m\u00e1s en profundidad la sociedad de algunas de\nnuestras localidades en el siglo XIX desde una \u00f3ptica diferente y\ncomplementaria a las investigaciones hist\u00f3ricas habituales.<\/p>\n\n\n\n<p>El autor ha sido capaz de presentar una relaci\u00f3n de\nsucesos extra\u00eddos de la prensa de la \u00e9poca y que se leen con gran inter\u00e9s ya\nque, como se\u00f1ala Jos\u00e9 \u00c1ngel Urzay en su pr\u00f3logo, <em>pone en acci\u00f3n personas de carne y hueso, protagonistas reales de\nsucesos ver\u00eddicos, a veces a situaciones l\u00edmite, por lo que resulta dif\u00edcil no\ntomar partido, sea a favor o en contra<\/em>. Todos estos conflictos generados\nforman parte de un pasado de nuestros pueblos y conocerlos nos ayudar\u00e1 a\nprofundizar en sus ra\u00edces. <\/p>\n\n\n\n<p><em>Cr\u00f3nica negra\nde los antiguos partidos judiciales de Ateca y Calatayud en el siglo XIX<\/em> es un acercamiento serio y muy bien documentado de\nun \u00e1rea sin apenas estudios en nuestro centro, por ello, desde el CEB, animamos\na otros investigadores a seguir el camino que con esta publicaci\u00f3n ha iniciado\nFrancisco Mart\u00ednez.<\/p>\n","protected":false},"excerpt":{"rendered":"<p>El Centro de Estudios Bilbilitanos ha presentado su publicaci\u00f3n 162, Cr\u00f3nica negra de los antiguos partidos judiciales de Ateca y Calatayud en el siglo XIX,&nbsp;del historiador y consejero del&nbsp; CEB, Francisco&nbsp; Mart\u00ednez Garc\u00eda. El d\u00eda 10 de junio la presentaci\u00f3n &hellip; <a href=\"https:\/\/cebilbilitanos.com\/?p=2871\">Sigue leyendo <span class=\"meta-nav\">&rarr;<\/span><\/a><\/p>\n","protected":false},"author":1,"featured_media":0,"comment_status":"closed","ping_status":"open","sticky":false,"template":"","format":"standard","meta":[],"categories":[23],"tags":[12,10,11],"_links":{"self":[{"href":"https:\/\/cebilbilitanos.com\/index.php?rest_route=\/wp\/v2\/posts\/2871"}],"collection":[{"href":"https:\/\/cebilbilitanos.com\/index.php?rest_route=\/wp\/v2\/posts"}],"about":[{"href":"https:\/\/cebilbilitanos.com\/index.php?rest_route=\/wp\/v2\/types\/post"}],"author":[{"embeddable":true,"href":"https:\/\/cebilbilitanos.com\/index.php?rest_route=\/wp\/v2\/users\/1"}],"replies":[{"embeddable":true,"href":"https:\/\/cebilbilitanos.com\/index.php?rest_route=%2Fwp%2Fv2%2Fcomments&post=2871"}],"version-history":[{"count":1,"href":"https:\/\/cebilbilitanos.com\/index.php?rest_route=\/wp\/v2\/posts\/2871\/revisions"}],"predecessor-version":[{"id":2874,"href":"https:\/\/cebilbilitanos.com\/index.php?rest_route=\/wp\/v2\/posts\/2871\/revisions\/2874"}],"wp:attachment":[{"href":"https:\/\/cebilbilitanos.com\/index.php?rest_route=%2Fwp%2Fv2%2Fmedia&parent=2871"}],"wp:term":[{"taxonomy":"category","embeddable":true,"href":"https:\/\/cebilbilitanos.com\/index.php?rest_route=%2Fwp%2Fv2%2Fcategories&post=2871"},{"taxonomy":"post_tag","embeddable":true,"href":"https:\/\/cebilbilitanos.com\/index.php?rest_route=%2Fwp%2Fv2%2Ftags&post=2871"}],"curies":[{"name":"wp","href":"https:\/\/api.w.org\/{rel}","templated":true}]}}