{"id":2864,"date":"2021-06-04T17:17:38","date_gmt":"2021-06-04T15:17:38","guid":{"rendered":"http:\/\/cebilbilitanos.com\/?p=2864"},"modified":"2021-06-05T08:43:22","modified_gmt":"2021-06-05T06:43:22","slug":"cronica-negra-de-los-antiguos-partidos-judiciales-de-ateca-y-calatayud-en-el-siglo-xix%ef%bb%bf","status":"publish","type":"post","link":"https:\/\/cebilbilitanos.com\/?p=2864","title":{"rendered":"Cr\u00f3nica negra de los antiguos Partidos Judiciales de Ateca y Calatayud en el siglo XIX\ufeff"},"content":{"rendered":"\n<p>PRESENTACI\u00d3N\nDEL LIBRO<\/p>\n\n\n\n<p><strong><em>Cr\u00f3nica negra de los\nantiguos Partidos Judiciales de Ateca y Calatayud en el siglo XIX<\/em><\/strong><\/p>\n\n\n\n<p>El jueves, 10 de junio, en la Sala Graci\u00e1n de la UNED de Calatayud, a las 18:30 horas, el Centro de Estudios Bilbilitanos presentar\u00e1 su publicaci\u00f3n n\u00ba 162 <em>Cr\u00f3nica negra de los antiguos partidos judiciales de Ateca y Calatayud en el siglo XIX, <\/em>de Francisco Jos\u00e9 Mart\u00ednez Garc\u00eda.<\/p>\n\n\n\n<figure class=\"wp-block-image\"><img decoding=\"async\" loading=\"lazy\" width=\"1024\" height=\"726\" src=\"http:\/\/cebilbilitanos.com\/wp-content\/uploads\/2021\/06\/PORTADA-Y-CONTRAPORTADA-LIBRO-CRONICA-1-1024x726.jpg\" alt=\"\" class=\"wp-image-2865\" srcset=\"https:\/\/cebilbilitanos.com\/wp-content\/uploads\/2021\/06\/PORTADA-Y-CONTRAPORTADA-LIBRO-CRONICA-1-1024x726.jpg 1024w, https:\/\/cebilbilitanos.com\/wp-content\/uploads\/2021\/06\/PORTADA-Y-CONTRAPORTADA-LIBRO-CRONICA-1-300x213.jpg 300w, https:\/\/cebilbilitanos.com\/wp-content\/uploads\/2021\/06\/PORTADA-Y-CONTRAPORTADA-LIBRO-CRONICA-1-768x544.jpg 768w\" sizes=\"(max-width: 1024px) 100vw, 1024px\" \/><\/figure>\n\n\n\n<p>El CEB agradece la colaboraci\u00f3n del Centro Asociado de la\nUNED en Calatayud en todo el proceso de presentaci\u00f3n de este libro.<\/p>\n\n\n\n<p>Para todos aquellos que dese\u00e9is asistir presencialmente al acto o bien seguirlo por Internet pod\u00e9is consultar la siguiente p\u00e1gina: <\/p>\n\n\n\n<p><a href=\"http:\/\/www.calatayud.uned.es\/news\/noticia.asp?id=11940\">http:\/\/www.calatayud.uned.es\/news\/noticia.asp?id=11940<\/a><\/p>\n","protected":false},"excerpt":{"rendered":"<p>PRESENTACI\u00d3N DEL LIBRO Cr\u00f3nica negra de los antiguos Partidos Judiciales de Ateca y Calatayud en el siglo XIX El jueves, 10 de junio, en la Sala Graci\u00e1n de la UNED de Calatayud, a las 18:30 horas, el Centro de Estudios &hellip; <a href=\"https:\/\/cebilbilitanos.com\/?p=2864\">Sigue leyendo <span class=\"meta-nav\">&rarr;<\/span><\/a><\/p>\n","protected":false},"author":1,"featured_media":0,"comment_status":"closed","ping_status":"open","sticky":false,"template":"","format":"standard","meta":[],"categories":[30],"tags":[17,11],"_links":{"self":[{"href":"https:\/\/cebilbilitanos.com\/index.php?rest_route=\/wp\/v2\/posts\/2864"}],"collection":[{"href":"https:\/\/cebilbilitanos.com\/index.php?rest_route=\/wp\/v2\/posts"}],"about":[{"href":"https:\/\/cebilbilitanos.com\/index.php?rest_route=\/wp\/v2\/types\/post"}],"author":[{"embeddable":true,"href":"https:\/\/cebilbilitanos.com\/index.php?rest_route=\/wp\/v2\/users\/1"}],"replies":[{"embeddable":true,"href":"https:\/\/cebilbilitanos.com\/index.php?rest_route=%2Fwp%2Fv2%2Fcomments&post=2864"}],"version-history":[{"count":3,"href":"https:\/\/cebilbilitanos.com\/index.php?rest_route=\/wp\/v2\/posts\/2864\/revisions"}],"predecessor-version":[{"id":2869,"href":"https:\/\/cebilbilitanos.com\/index.php?rest_route=\/wp\/v2\/posts\/2864\/revisions\/2869"}],"wp:attachment":[{"href":"https:\/\/cebilbilitanos.com\/index.php?rest_route=%2Fwp%2Fv2%2Fmedia&parent=2864"}],"wp:term":[{"taxonomy":"category","embeddable":true,"href":"https:\/\/cebilbilitanos.com\/index.php?rest_route=%2Fwp%2Fv2%2Fcategories&post=2864"},{"taxonomy":"post_tag","embeddable":true,"href":"https:\/\/cebilbilitanos.com\/index.php?rest_route=%2Fwp%2Fv2%2Ftags&post=2864"}],"curies":[{"name":"wp","href":"https:\/\/api.w.org\/{rel}","templated":true}]}}