{"id":2860,"date":"2021-05-26T20:18:14","date_gmt":"2021-05-26T18:18:14","guid":{"rendered":"http:\/\/cebilbilitanos.com\/?p=2860"},"modified":"2021-05-26T20:18:14","modified_gmt":"2021-05-26T18:18:14","slug":"areas-de-trabajo-de-la-comision-permanente-del-ceb","status":"publish","type":"post","link":"https:\/\/cebilbilitanos.com\/?p=2860","title":{"rendered":"\u00c1reas de trabajo de la Comisi\u00f3n Permanente del CEB"},"content":{"rendered":"\n<p>Tras la primera sesi\u00f3n del la Comisi\u00f3n Permanente del Centro de Estudios Bilbilitanos, celebrada el 26 de mayo de 2021, las \u00e1reas de trabajo quedan distribuidas como sigue:<\/p>\n\n\n\n<figure class=\"wp-block-image\"><img decoding=\"async\" loading=\"lazy\" width=\"960\" height=\"260\" src=\"http:\/\/cebilbilitanos.com\/wp-content\/uploads\/2021\/05\/biblioteca-tematica.png\" alt=\"\" class=\"wp-image-2861\" srcset=\"https:\/\/cebilbilitanos.com\/wp-content\/uploads\/2021\/05\/biblioteca-tematica.png 960w, https:\/\/cebilbilitanos.com\/wp-content\/uploads\/2021\/05\/biblioteca-tematica-300x81.png 300w, https:\/\/cebilbilitanos.com\/wp-content\/uploads\/2021\/05\/biblioteca-tematica-768x208.png 768w\" sizes=\"(max-width: 960px) 100vw, 960px\" \/><\/figure>\n\n\n\n<ul><li><strong>Jes\u00fas Gil Alejandre<\/strong>: presidencia y direcci\u00f3n revista\u00a0<em>Cuarta Provincia<\/em>.<\/li><li><strong>Mar\u00eda Jes\u00fas S\u00e1nchez Gormaz<\/strong>: secretar\u00eda (relaciones con la IFC y gesti\u00f3n administrativa).<\/li><li><strong>Vicente Alejandre Alcalde<\/strong>: territorio Comunidad de Calatayud (caminer\u00eda y asentamientos hist\u00f3ricos).<\/li><li><strong>Mar\u00eda Blasco L\u00e1zaro<\/strong>: geolog\u00eda y arquitectura tradicional.<\/li><li><strong>Jes\u00fas Vicente Bueno Santed<\/strong>: patrimonio religioso.<\/li><li><strong>Manuel Casado L\u00f3pez<\/strong>: tradiciones populares y etnograf\u00eda.<\/li><li><strong>\u00d3scar Florido Grima<\/strong>: Marcial y lenguas cl\u00e1sicas.<\/li><li><strong>Elo\u00edsa Lavilla Bernal:<\/strong>\u00a0documentaci\u00f3n hist\u00f3rica y asesoramiento.<\/li><li><strong>Silvia Molina San Juan:\u00a0<\/strong>documentaci\u00f3n y arte.<\/li><li><strong>Jos\u00e9 Ram\u00f3n Olalla Celma<\/strong>: inform\u00e1tica y p\u00e1gina web.<\/li><li><strong>Alberto Portero Garc\u00e9s<\/strong>: patrimonio natural y medio ambiente.<\/li><li><strong>Carlos S\u00e1enz Preciado<\/strong>: antig\u00fcedad y patrimonio arqueol\u00f3gico.<\/li><li><strong>Francisco Tobajas Gallego<\/strong>: rese\u00f1as de prensa y documentaci\u00f3n hist\u00f3rica.<\/li><li><strong>Jos\u00e9 \u00c1ngel Urzay Barrios<\/strong>: Asesoramiento, cultura popular y subdirector de la revista\u00a0<em>Cuarta Provincia<\/em>.<\/li><\/ul>\n","protected":false},"excerpt":{"rendered":"<p>Tras la primera sesi\u00f3n del la Comisi\u00f3n Permanente del Centro de Estudios Bilbilitanos, celebrada el 26 de mayo de 2021, las \u00e1reas de trabajo quedan distribuidas como sigue: Jes\u00fas Gil Alejandre: presidencia y direcci\u00f3n revista\u00a0Cuarta Provincia. Mar\u00eda Jes\u00fas S\u00e1nchez Gormaz: &hellip; <a href=\"https:\/\/cebilbilitanos.com\/?p=2860\">Sigue leyendo <span class=\"meta-nav\">&rarr;<\/span><\/a><\/p>\n","protected":false},"author":1,"featured_media":0,"comment_status":"closed","ping_status":"open","sticky":false,"template":"","format":"standard","meta":[],"categories":[28],"tags":[58],"_links":{"self":[{"href":"https:\/\/cebilbilitanos.com\/index.php?rest_route=\/wp\/v2\/posts\/2860"}],"collection":[{"href":"https:\/\/cebilbilitanos.com\/index.php?rest_route=\/wp\/v2\/posts"}],"about":[{"href":"https:\/\/cebilbilitanos.com\/index.php?rest_route=\/wp\/v2\/types\/post"}],"author":[{"embeddable":true,"href":"https:\/\/cebilbilitanos.com\/index.php?rest_route=\/wp\/v2\/users\/1"}],"replies":[{"embeddable":true,"href":"https:\/\/cebilbilitanos.com\/index.php?rest_route=%2Fwp%2Fv2%2Fcomments&post=2860"}],"version-history":[{"count":1,"href":"https:\/\/cebilbilitanos.com\/index.php?rest_route=\/wp\/v2\/posts\/2860\/revisions"}],"predecessor-version":[{"id":2862,"href":"https:\/\/cebilbilitanos.com\/index.php?rest_route=\/wp\/v2\/posts\/2860\/revisions\/2862"}],"wp:attachment":[{"href":"https:\/\/cebilbilitanos.com\/index.php?rest_route=%2Fwp%2Fv2%2Fmedia&parent=2860"}],"wp:term":[{"taxonomy":"category","embeddable":true,"href":"https:\/\/cebilbilitanos.com\/index.php?rest_route=%2Fwp%2Fv2%2Fcategories&post=2860"},{"taxonomy":"post_tag","embeddable":true,"href":"https:\/\/cebilbilitanos.com\/index.php?rest_route=%2Fwp%2Fv2%2Ftags&post=2860"}],"curies":[{"name":"wp","href":"https:\/\/api.w.org\/{rel}","templated":true}]}}