{"id":2839,"date":"2021-04-19T13:20:16","date_gmt":"2021-04-19T11:20:16","guid":{"rendered":"http:\/\/cebilbilitanos.com\/?p=2839"},"modified":"2021-04-20T08:27:29","modified_gmt":"2021-04-20T06:27:29","slug":"nuevo-presidente-del-centro-de-estudios-bilbilitanos","status":"publish","type":"post","link":"https:\/\/cebilbilitanos.com\/?p=2839","title":{"rendered":"Nuevo Presidente del Centro de Estudios Bilbilitanos"},"content":{"rendered":"\n<figure class=\"wp-block-image\"><img decoding=\"async\" loading=\"lazy\" width=\"1024\" height=\"768\" src=\"http:\/\/cebilbilitanos.com\/wp-content\/uploads\/2021\/04\/20201026_090816-1024x768.jpg\" alt=\"\" class=\"wp-image-2850\" srcset=\"https:\/\/cebilbilitanos.com\/wp-content\/uploads\/2021\/04\/20201026_090816-1024x768.jpg 1024w, https:\/\/cebilbilitanos.com\/wp-content\/uploads\/2021\/04\/20201026_090816-300x225.jpg 300w, https:\/\/cebilbilitanos.com\/wp-content\/uploads\/2021\/04\/20201026_090816-768x576.jpg 768w\" sizes=\"(max-width: 1024px) 100vw, 1024px\" \/><\/figure>\n\n\n\n<p>Una vez finalizado el domingo, 18 de abril, el plazo de presentaci\u00f3n de candidaturas a la presidencia del Centro de Estudios Bilbilitanos, el nuevo presidente ser\u00e1 el consejero Jes\u00fas Gil Alejandre. En fechas pr\u00f3ximas se celebrar\u00e1 la Asamblea General Extraordinaria de consejeros del CEB donde se ratificar\u00e1 su nombramiento, puesto que no es necesario iniciar el proceso de votaci\u00f3n, ya que no se han presentado m\u00e1s candidaturas.<\/p>\n\n\n\n<p>Curr\u00edculum y propuesta de actuaci\u00f3n<\/p>\n\n\n\n<div class=\"wp-block-file\"><a href=\"http:\/\/cebilbilitanos.com\/wp-content\/uploads\/2021\/04\/CURRICULUM-Y-PROGRAMA-JESUS-GIL-2021.pdf\">CURRICULUM Y PROGRAMA JESUS GIL 2021<\/a><a href=\"http:\/\/cebilbilitanos.com\/wp-content\/uploads\/2021\/04\/CURRICULUM-Y-PROGRAMA-JESUS-GIL-2021.pdf\" class=\"wp-block-file__button\" download>Descargar<\/a><\/div>\n\n\n\n<div style=\"text-align:center;\"><div style=\"margin:8px 0px 4px;\"><a href=\"https:\/\/www.calameo.com\/books\/006679167f7284476fb75\" target=\"_blank\" rel=\"noopener noreferrer\">Curriculum Y Programa Jesus Gil 2021<\/a><\/div><iframe loading=\"lazy\" src=\"\/\/v.calameo.com\/?bkcode=006679167f7284476fb75&#038;mode=mini\" width=\"100%\" height=\"500\" frameborder=\"0\" scrolling=\"no\" allowtransparency allowfullscreen style=\"margin:0 auto;\"><\/iframe><div style=\"margin:4px 0px 8px;\"><a href=\"http:\/\/www.calameo.com\/\" target=\"_blank\" rel=\"noopener noreferrer\">Leer m\u00e1s publicaciones en Calam\u00e9o<\/a><\/div><\/div>\n","protected":false},"excerpt":{"rendered":"<p>Una vez finalizado el domingo, 18 de abril, el plazo de presentaci\u00f3n de candidaturas a la presidencia del Centro de Estudios Bilbilitanos, el nuevo presidente ser\u00e1 el consejero Jes\u00fas Gil Alejandre. En fechas pr\u00f3ximas se celebrar\u00e1 la Asamblea General Extraordinaria &hellip; <a href=\"https:\/\/cebilbilitanos.com\/?p=2839\">Sigue leyendo <span class=\"meta-nav\">&rarr;<\/span><\/a><\/p>\n","protected":false},"author":1,"featured_media":0,"comment_status":"closed","ping_status":"open","sticky":false,"template":"","format":"standard","meta":[],"categories":[23],"tags":[67],"_links":{"self":[{"href":"https:\/\/cebilbilitanos.com\/index.php?rest_route=\/wp\/v2\/posts\/2839"}],"collection":[{"href":"https:\/\/cebilbilitanos.com\/index.php?rest_route=\/wp\/v2\/posts"}],"about":[{"href":"https:\/\/cebilbilitanos.com\/index.php?rest_route=\/wp\/v2\/types\/post"}],"author":[{"embeddable":true,"href":"https:\/\/cebilbilitanos.com\/index.php?rest_route=\/wp\/v2\/users\/1"}],"replies":[{"embeddable":true,"href":"https:\/\/cebilbilitanos.com\/index.php?rest_route=%2Fwp%2Fv2%2Fcomments&post=2839"}],"version-history":[{"count":8,"href":"https:\/\/cebilbilitanos.com\/index.php?rest_route=\/wp\/v2\/posts\/2839\/revisions"}],"predecessor-version":[{"id":2852,"href":"https:\/\/cebilbilitanos.com\/index.php?rest_route=\/wp\/v2\/posts\/2839\/revisions\/2852"}],"wp:attachment":[{"href":"https:\/\/cebilbilitanos.com\/index.php?rest_route=%2Fwp%2Fv2%2Fmedia&parent=2839"}],"wp:term":[{"taxonomy":"category","embeddable":true,"href":"https:\/\/cebilbilitanos.com\/index.php?rest_route=%2Fwp%2Fv2%2Fcategories&post=2839"},{"taxonomy":"post_tag","embeddable":true,"href":"https:\/\/cebilbilitanos.com\/index.php?rest_route=%2Fwp%2Fv2%2Ftags&post=2839"}],"curies":[{"name":"wp","href":"https:\/\/api.w.org\/{rel}","templated":true}]}}