{"id":2815,"date":"2021-01-30T11:03:20","date_gmt":"2021-01-30T11:03:20","guid":{"rendered":"http:\/\/cebilbilitanos.com\/?p=2815"},"modified":"2021-01-30T11:03:54","modified_gmt":"2021-01-30T11:03:54","slug":"historia-postal-de-calatayud-y-comarca-estudio-y-catalogacion-siglos-xix-xxi-se-incorpora-a-la-biblioteca-virtual-del-ceb","status":"publish","type":"post","link":"https:\/\/cebilbilitanos.com\/?p=2815","title":{"rendered":"Historia postal de Calatayud y comarca. Estudio y catalogaci\u00f3n (siglos XIX-XXI) se incorpora a la biblioteca virtual del CEB"},"content":{"rendered":"\n<p>\u00a0\u00a0\u00a0\u00a0\u00a0\u00a0\u00a0\u00a0\u00a0\u00a0\u00a0 Incorporamos a la biblioteca virtual del Centro de Estudios Bilbilitanos un nuevo libro. En esta ocasi\u00f3n se trata de <a href=\"http:\/\/cebilbilitanos.com\/?page_id=2677\">la obra de Antonio Utrera F\u00fanez y Luis P\u00e9rez Guti\u00e9rrez: <\/a><em><a href=\"http:\/\/cebilbilitanos.com\/?page_id=2677\">Historia postal de Calatayud y comarca. Estudio y catalogaci\u00f3n (siglos XIX-XXI)<\/a><\/em><a href=\"http:\/\/cebilbilitanos.com\/?page_id=2677\">.<\/a> La edici\u00f3n en papel ya est\u00e1 agotada por lo cual facilitamos a todos los interesados en la filatelia la versi\u00f3n \u00edntegra del texto en pdf.<\/p>\n\n\n\n<div class=\"wp-block-image\"><figure class=\"aligncenter\"><img decoding=\"async\" loading=\"lazy\" width=\"173\" height=\"250\" src=\"http:\/\/cebilbilitanos.com\/wp-content\/uploads\/2021\/01\/image_th1-1.jpg\" alt=\"\" class=\"wp-image-2816\"\/><\/figure><\/div>\n\n\n\n<p>\u00a0\u00a0\u00a0\u00a0\u00a0\u00a0\u00a0\u00a0\u00a0\u00a0\u00a0 Los autores han realizado un exhaustivo estudio de la prefilatelia y catalogaci\u00f3n de todos los matasellos y marcas relacionadas con el correo de la comarca de Calatayud a lo largo de su historia. Es un manual de consulta obligada y una referencia para el estudio del sistema postal de comunicaciones y de tratamiento de la correspondencia.<\/p>\n\n\n\n<p><em><strong><a href=\"http:\/\/cebilbilitanos.com\/wp-content\/uploads\/2021\/01\/157.-Historia-postal-Calatayud.pdf\">Historia postal de Calatayud y Comarca. Estudio y catalogaci\u00f3n (siglos XIX-XXI) <\/a><\/strong><\/em><a href=\"http:\/\/cebilbilitanos.com\/wp-content\/uploads\/2021\/01\/157.-Historia-postal-Calatayud.pdf\">Descarga en PDF<\/a><\/p>\n","protected":false},"excerpt":{"rendered":"<p>\u00a0\u00a0\u00a0\u00a0\u00a0\u00a0\u00a0\u00a0\u00a0\u00a0\u00a0 Incorporamos a la biblioteca virtual del Centro de Estudios Bilbilitanos un nuevo libro. En esta ocasi\u00f3n se trata de la obra de Antonio Utrera F\u00fanez y Luis P\u00e9rez Guti\u00e9rrez: Historia postal de Calatayud y comarca. Estudio y catalogaci\u00f3n (siglos &hellip; <a href=\"https:\/\/cebilbilitanos.com\/?p=2815\">Sigue leyendo <span class=\"meta-nav\">&rarr;<\/span><\/a><\/p>\n","protected":false},"author":1,"featured_media":0,"comment_status":"closed","ping_status":"open","sticky":false,"template":"","format":"standard","meta":[],"categories":[23,30],"tags":[44,11],"_links":{"self":[{"href":"https:\/\/cebilbilitanos.com\/index.php?rest_route=\/wp\/v2\/posts\/2815"}],"collection":[{"href":"https:\/\/cebilbilitanos.com\/index.php?rest_route=\/wp\/v2\/posts"}],"about":[{"href":"https:\/\/cebilbilitanos.com\/index.php?rest_route=\/wp\/v2\/types\/post"}],"author":[{"embeddable":true,"href":"https:\/\/cebilbilitanos.com\/index.php?rest_route=\/wp\/v2\/users\/1"}],"replies":[{"embeddable":true,"href":"https:\/\/cebilbilitanos.com\/index.php?rest_route=%2Fwp%2Fv2%2Fcomments&post=2815"}],"version-history":[{"count":2,"href":"https:\/\/cebilbilitanos.com\/index.php?rest_route=\/wp\/v2\/posts\/2815\/revisions"}],"predecessor-version":[{"id":2818,"href":"https:\/\/cebilbilitanos.com\/index.php?rest_route=\/wp\/v2\/posts\/2815\/revisions\/2818"}],"wp:attachment":[{"href":"https:\/\/cebilbilitanos.com\/index.php?rest_route=%2Fwp%2Fv2%2Fmedia&parent=2815"}],"wp:term":[{"taxonomy":"category","embeddable":true,"href":"https:\/\/cebilbilitanos.com\/index.php?rest_route=%2Fwp%2Fv2%2Fcategories&post=2815"},{"taxonomy":"post_tag","embeddable":true,"href":"https:\/\/cebilbilitanos.com\/index.php?rest_route=%2Fwp%2Fv2%2Ftags&post=2815"}],"curies":[{"name":"wp","href":"https:\/\/api.w.org\/{rel}","templated":true}]}}